{"id":16829,"date":"2023-10-17T09:52:55","date_gmt":"2023-10-17T12:52:55","guid":{"rendered":"https:\/\/grandepremio.com\/es\/2023\/10\/17\/aleix-espargaro-honda-aprilia-motogp-2023\/"},"modified":"2023-10-17T18:33:29","modified_gmt":"2023-10-17T21:33:29","slug":"aleix-espargaro-honda-aprilia-motogp-2023","status":"publish","type":"post","link":"https:\/\/grandepremio.com\/es\/motogp\/aleix-espargaro-honda-aprilia-motogp-2023\/","title":{"rendered":"Aleix Espargar\u00f3 ve &#8221;buena opci\u00f3n&#8221; en Honda y deja puerta abierta: &#8220;\u00bfPor qu\u00e9 no?&#8221;"},"content":{"rendered":"\n<p class=\"wp-block-paragraph\">La parrilla de <strong>MotoGP <\/strong>s\u00f3lo tiene una vacante para la temporada 2024. La marcha de <strong>Marc M\u00e1rquez<\/strong> ha dejado un puesto libre en el equipo oficial de <strong>Honda <\/strong>y se ha especulado con varios pilotos, pero el fabricante japon\u00e9s a\u00fan no ha decidido qui\u00e9n ser\u00e1 el nuevo fichaje. Preguntado por una posibilidad, <strong>Aleix Espargar\u00f3<\/strong> -actualmente en <strong>Aprilia<\/strong>&#8211; dio una respuesta inesperada.<\/p>\n\n\n\n<p class=\"wp-block-paragraph\">En una entrevista concedida al canal de streaming DAZN, Espargar\u00f3 dej\u00f3 la puerta abierta a Honda y compar\u00f3 al equipo con el Barcelona, demostrando que est\u00e1 interesado en, al menos, escuchar una oferta.<\/p>\n\n\n\n<p class=\"wp-block-paragraph\"><strong>\u00a1Conoce el canal de Grande Pr\u00eamio en Espa\u00f1ol en&nbsp;<\/strong><a href=\"https:\/\/www.youtube.com\/channel\/UCDxWojGVUi9gWYhrY0pGbIQ\" target=\"_blank\" rel=\"noreferrer noopener\"><strong>YouTube<\/strong><\/a><strong>!<\/strong><br><strong>\u00a1Sigue a Grande Pr\u00eamio en Espa\u00f1ol en&nbsp;<\/strong><a href=\"https:\/\/twitter.com\/grandepremioES\" target=\"_blank\" rel=\"noreferrer noopener\"><strong>Twitter&nbsp;<\/strong><\/a><strong>y en&nbsp;<\/strong><a href=\"https:\/\/www.instagram.com\/grandepremioes\/\" target=\"_blank\" rel=\"noreferrer noopener\"><strong>Instagram<\/strong><\/a><strong>!<\/strong><\/p>\n\n\n\n<figure class=\"wp-block-image size-full\"><img decoding=\"async\" src=\"https:\/\/www.grandepremio.com\/br\/wp-content\/uploads\/2023\/09\/MotoGP-2023-Japao-Motegi-Sabado-Aprilia-ALeix-Esprgaro.jpg\" alt=\"\" class=\"wp-image-214592\"\/><figcaption class=\"wp-element-caption\">Aleix Espargar\u00f3 tiene contrato con Aprilia hasta 2024 (Foto: Divulgaci\u00f3n\/MotoGP)<\/figcaption><\/figure>\n\n\n\n<p class=\"wp-block-paragraph\">&#8220;Honda siempre es una buena opci\u00f3n. Siempre hago la comparaci\u00f3n de que Honda, para m\u00ed, es el Barcelona, el mejor y m\u00e1s grande equipo del mundo. Est\u00e1n en una mala etapa, eso es innegable, pero tambi\u00e9n lo est\u00e1 el Bar\u00e7a y todos los jugadores quieren ir all\u00ed&#8221;, dijo el piloto espa\u00f1ol.<\/p>\n\n\n\n<p class=\"wp-block-paragraph\">&#8220;Todo depende y hay que analizarlo en esta vida. \u00bfPor qu\u00e9 no [ir a Honda]? Como he dicho, a todos les gustar\u00eda ir al Barcelona&#8221;, a\u00f1adi\u00f3.<\/p>\n\n\n\n<p class=\"wp-block-paragraph\">El compa\u00f1ero de equipo de Aleix, Maverick Vi\u00f1ales, tambi\u00e9n fue preguntado por un fichaje por Honda y trat\u00f3 de ser m\u00e1s diplom\u00e1tico, predicando que est\u00e1 centrado en su actual trabajo con Aprilia.<\/p>\n\n\n\n<p class=\"wp-block-paragraph\">&#8220;\u00bfQu\u00e9 te puedo decir? No han venido a verme ni han llamado a mi representante. Mi compromiso ahora es con Aprilia, eso est\u00e1 claro. Si preguntas a cualquier piloto, Honda es donde todos quieren estar. A lo mejor no lo est\u00e1n haciendo bien, pero hace cinco a\u00f1os cualquier piloto ir\u00eda con los ojos cerrados&#8221;, dijo.<\/p>\n\n\n\n<p class=\"wp-block-paragraph\"><strong>MotoGP<\/strong>&nbsp;volver\u00e1 a la acci\u00f3n en el&nbsp;<strong>GP de Australia, en Phillip Island,<\/strong>&nbsp;el fin de semana del 22 de octubre.&nbsp;<strong>GRANDE PR\u00caMIO en Espa\u00f1ol<\/strong>&nbsp;cubre de manera completa el&nbsp;<strong>Campeonato del Mundo de MotoGP.<\/strong><\/p>\n","protected":false},"excerpt":{"rendered":"<p>La vacante en el equipo oficial de Honda es la \u00fanica abierta para 2024 y ya se ha especulado con muchos pilotos. Aleix Espargar\u00f3 compar\u00f3 al fabricante japon\u00e9s con Barcelona y dijo que todo el mundo quiere correr all\u00ed, incluso en mala forma<\/p>\n","protected":false},"author":0,"featured_media":1000740047,"comment_status":"closed","ping_status":"closed","sticky":false,"template":"","format":"standard","meta":{"42wp_featured_image_caption":"","42wp_featured_image_credits":"","42wp_featured_video":"","42wp_featured_image_hidden":false,"42wp_authors_list":[],"footnotes":""},"categories":[8],"tags":[1377,1394,2236,221,2657],"42wp_author":[14239],"class_list":["post-16829","post","type-post","status-publish","format-standard","has-post-thumbnail","hentry","category-motogp","tag-aleix-espargaro","tag-aprilia","tag-grande-premio-2","tag-honda","tag-motogp-2023","42wp_author-jp-otrosky"],"_links":{"self":[{"href":"https:\/\/grandepremio.com\/es\/wp-json\/wp\/v2\/posts\/16829","targetHints":{"allow":["GET"]}}],"collection":[{"href":"https:\/\/grandepremio.com\/es\/wp-json\/wp\/v2\/posts"}],"about":[{"href":"https:\/\/grandepremio.com\/es\/wp-json\/wp\/v2\/types\/post"}],"replies":[{"embeddable":true,"href":"https:\/\/grandepremio.com\/es\/wp-json\/wp\/v2\/comments?post=16829"}],"version-history":[{"count":0,"href":"https:\/\/grandepremio.com\/es\/wp-json\/wp\/v2\/posts\/16829\/revisions"}],"wp:featuredmedia":[{"embeddable":true,"href":"https:\/\/grandepremio.com\/es\/wp-json\/wp\/v2\/media\/1000740047"}],"wp:attachment":[{"href":"https:\/\/grandepremio.com\/es\/wp-json\/wp\/v2\/media?parent=16829"}],"wp:term":[{"taxonomy":"category","embeddable":true,"href":"https:\/\/grandepremio.com\/es\/wp-json\/wp\/v2\/categories?post=16829"},{"taxonomy":"post_tag","embeddable":true,"href":"https:\/\/grandepremio.com\/es\/wp-json\/wp\/v2\/tags?post=16829"},{"taxonomy":"42wp_author","embeddable":true,"href":"https:\/\/grandepremio.com\/es\/wp-json\/wp\/v2\/42wp_author?post=16829"}],"curies":[{"name":"wp","href":"https:\/\/api.w.org\/{rel}","templated":true}]}}