{"id":16898,"date":"2023-10-11T15:10:34","date_gmt":"2023-10-11T18:10:34","guid":{"rendered":"https:\/\/grandepremio.com\/es\/2023\/10\/11\/marc-marquez-test-ducati-gresini-motogp-2023\/"},"modified":"2023-10-11T15:10:41","modified_gmt":"2023-10-11T18:10:41","slug":"marc-marquez-test-ducati-gresini-motogp-2023","status":"publish","type":"post","link":"https:\/\/grandepremio.com\/es\/motogp\/marc-marquez-test-ducati-gresini-motogp-2023\/","title":{"rendered":"M\u00e1rquez recibe permiso de Honda y se prepara para probar con Ducati 2022 en Valencia"},"content":{"rendered":"\n<p class=\"wp-block-paragraph\">A la espera de las \u00faltimas carreras de la temporada 2023 de <strong>MotoGP <\/strong>para despedir oficialmente a <strong>Marc M\u00e1rquez,<\/strong> <strong>Honda <\/strong>no quiere interponerse en el camino del espa\u00f1ol y permitir\u00e1 al piloto probar la <strong>GP22<\/strong>, la moto de <strong>Ducati <\/strong>utilizada el a\u00f1o pasado. El test est\u00e1 previsto para el 28 de noviembre, dos d\u00edas despu\u00e9s de la \u00faltima prueba del campeonato en el <strong>Circuito Ricardo Tormo<\/strong> de Valencia.<\/p>\n\n\n\n<p class=\"wp-block-paragraph\">La informaci\u00f3n, publicada por el portal ingl\u00e9s Motorsport, supone el siguiente paso en el acuerdo de rescisi\u00f3n entre Honda y M\u00e1rquez, que ha decidido marcharse tras 11 temporadas defendiendo a la escuder\u00eda japonesa en el m\u00e1ximo nivel del motociclismo mundial. En ese tiempo, el espa\u00f1ol gan\u00f3 nada menos que siete t\u00edtulos.<\/p>\n\n\n\n<p class=\"wp-block-paragraph\"><strong>\u00a1Conoce el canal de Grande Pr\u00eamio en Espa\u00f1ol en\u00a0<\/strong><a href=\"https:\/\/www.youtube.com\/channel\/UCDxWojGVUi9gWYhrY0pGbIQ\" target=\"_blank\" rel=\"noreferrer noopener\"><strong>YouTube<\/strong><\/a><strong>!<\/strong><br><strong>\u00a1Sigue a Grande Pr\u00eamio en Espa\u00f1ol en\u00a0<\/strong><a href=\"https:\/\/twitter.com\/grandepremioES\" target=\"_blank\" rel=\"noreferrer noopener\"><strong>Twitter\u00a0<\/strong><\/a><strong>y en\u00a0<\/strong><a href=\"https:\/\/www.instagram.com\/grandepremioes\/\" target=\"_blank\" rel=\"noreferrer noopener\"><strong>Instagram<\/strong><\/a><strong>!<\/strong><\/p>\n\n\n\n<figure class=\"wp-block-image size-large\"><img decoding=\"async\" src=\"https:\/\/www.grandepremio.com\/br\/wp-content\/uploads\/2023\/09\/SI202309290058-1024x682.jpg\" alt=\"\" class=\"wp-image-734970\"\/><figcaption class=\"wp-element-caption\">M\u00e1rquez se ir\u00e1 de Honda al finalizar la temporada 2023 de MotoGP (Foto: Gold &amp; Goose\/ Red Bull Content Pool)<\/figcaption><\/figure>\n\n\n\n<p class=\"wp-block-paragraph\">El adi\u00f3s de M\u00e1rquez ha allanado el camino para un movimiento de <strong>Gresini <\/strong>-que pilota motos Ducati-, que a\u00fan no ha anunciado oficialmente al piloto, pero s\u00f3lo espera a que termine la temporada. Tambi\u00e9n seg\u00fan el portal, por petici\u00f3n de la propia Honda, Marc no puede hablar de su nuevo equipo ni de la m\u00e1quina del a\u00f1o que viene hasta que termine la presente temporada.<\/p>\n\n\n\n<p class=\"wp-block-paragraph\">Sin embargo, el equipo no tiene previsto interrumpir los planes del espa\u00f1ol y le ha dado la oportunidad de probar la Ducati de 2022 a finales de a\u00f1o. De este modo, la primera experiencia del siete veces campe\u00f3n del mundo a bordo de una <strong>Desmosedici <\/strong>ya tiene fecha.<\/p>\n\n\n\n<p class=\"wp-block-paragraph\">Cabe destacar que esta cesi\u00f3n no es infrecuente en el mundo de MotoGP. <strong>Jorge Lorenzo<\/strong>, por ejemplo, recibi\u00f3 el permiso de Yamaha en el momento de su marcha a Ducati.<\/p>\n\n\n\n<p class=\"wp-block-paragraph\">Por otra parte, <strong>Valentino Rossi<\/strong> fue denegado por Honda en 2003, antes de dar el salto a Yamaha al a\u00f1o siguiente. Sin embargo, el italiano esper\u00f3 hasta el final de la temporada para anunciar que se marchaba.<\/p>\n\n\n\n<p class=\"wp-block-paragraph\"><strong>MotoGP<\/strong>&nbsp;vuelve a la pista el d\u00eda 15 con el<strong>&nbsp;GP de Indonesia,<\/strong>&nbsp;que se disputa en Mandalika. GRANDE PR\u00caMIO ofrece una cobertura completa del evento, as\u00ed como de Moto3 y Moto2.<\/p>\n","protected":false},"excerpt":{"rendered":"<p>Marc M\u00e1rquez ya sabe cu\u00e1ndo tendr\u00e1 su primera toma de contacto con una Ducati en MotoGP. Ser\u00e1 el 28 de noviembre, tras el final del campeonato, en un test en el Circuito Ricardo Tormo de Valencia<\/p>\n","protected":false},"author":0,"featured_media":1010219588,"comment_status":"closed","ping_status":"closed","sticky":false,"template":"","format":"standard","meta":{"42wp_featured_image_caption":"","42wp_featured_image_credits":"","42wp_featured_video":"","42wp_featured_image_hidden":false,"42wp_authors_list":[],"footnotes":""},"categories":[8],"tags":[1488,2055,221,8584,2657,6571],"42wp_author":[14239],"class_list":["post-16898","post","type-post","status-publish","format-standard","has-post-thumbnail","hentry","category-motogp","tag-grande-premio","tag-gresini","tag-honda","tag-marc-mrquez","tag-motogp-2023","tag-temporada-2023-motogp","42wp_author-jp-otrosky"],"_links":{"self":[{"href":"https:\/\/grandepremio.com\/es\/wp-json\/wp\/v2\/posts\/16898","targetHints":{"allow":["GET"]}}],"collection":[{"href":"https:\/\/grandepremio.com\/es\/wp-json\/wp\/v2\/posts"}],"about":[{"href":"https:\/\/grandepremio.com\/es\/wp-json\/wp\/v2\/types\/post"}],"replies":[{"embeddable":true,"href":"https:\/\/grandepremio.com\/es\/wp-json\/wp\/v2\/comments?post=16898"}],"version-history":[{"count":0,"href":"https:\/\/grandepremio.com\/es\/wp-json\/wp\/v2\/posts\/16898\/revisions"}],"wp:featuredmedia":[{"embeddable":true,"href":"https:\/\/grandepremio.com\/es\/wp-json\/wp\/v2\/media\/1010219588"}],"wp:attachment":[{"href":"https:\/\/grandepremio.com\/es\/wp-json\/wp\/v2\/media?parent=16898"}],"wp:term":[{"taxonomy":"category","embeddable":true,"href":"https:\/\/grandepremio.com\/es\/wp-json\/wp\/v2\/categories?post=16898"},{"taxonomy":"post_tag","embeddable":true,"href":"https:\/\/grandepremio.com\/es\/wp-json\/wp\/v2\/tags?post=16898"},{"taxonomy":"42wp_author","embeddable":true,"href":"https:\/\/grandepremio.com\/es\/wp-json\/wp\/v2\/42wp_author?post=16898"}],"curies":[{"name":"wp","href":"https:\/\/api.w.org\/{rel}","templated":true}]}}