{"id":1690,"date":"2026-04-16T15:59:02","date_gmt":"2026-04-16T18:59:02","guid":{"rendered":"https:\/\/grandepremio.com\/es\/2026\/04\/16\/bagnaia-critica-prensa-escandalos-motogp\/"},"modified":"2026-04-16T15:59:06","modified_gmt":"2026-04-16T18:59:06","slug":"bagnaia-critica-prensa-escandalos-motogp","status":"publish","type":"post","link":"https:\/\/grandepremio.com\/es\/motogp\/bagnaia-critica-prensa-escandalos-motogp\/","title":{"rendered":"Bagnaia critica a la prensa por &#8220;cazar esc\u00e1ndalos&#8221; en MotoGP"},"content":{"rendered":"\n<p class=\"wp-block-paragraph\">De cara al regreso de <strong>MotoGP <\/strong>a las pistas la semana que viene con el <strong>GP de Espa\u00f1a<\/strong>, llamaron la atenci\u00f3n unas declaraciones que realiz\u00f3 <strong>Francesco Bagnaia<\/strong> en el podcast <em>BSMT<\/em>, criticando a los periodistas que cubren el campeonato del mundo, acus\u00e1ndolos de crear problemas y record\u00f3 lo sucedido el a\u00f1o pasado en el <strong>GP de Austria<\/strong>.<\/p>\n\n\n\n<p class=\"wp-block-paragraph\">\ud83d\udfe5&nbsp;<strong><em>\u00a1Todas las novedades te esperan en el canal de&nbsp;<\/em><\/strong><a href=\"https:\/\/www.youtube.com\/@GrandePremioES\"><em>YouTube<\/em><\/a><strong><em>&nbsp;de Grande Pr\u00eamio en Espa\u00f1ol!<\/em><\/strong>&nbsp;\ud83d\udfe8<\/p>\n\n\n\n<p class=\"wp-block-paragraph\">Para el piloto de <strong>Ducati<\/strong>, la prensa busca <em>\u201cesc\u00e1ndalos y controversias\u201d<\/em> todo el tiempo: <strong>\u201cEn mi opini\u00f3n, lamentablemente, \u00faltimamente los medios de comunicaci\u00f3n rozan la locura. Es una b\u00fasqueda constante de esc\u00e1ndalos y controversias. Digas lo que digas, lo distorsionar\u00e1n a su antojo\u201d.<\/strong><\/p>\n\n\n\n<p class=\"wp-block-paragraph\"><strong>\u201cLas veces que fui transparente tambi\u00e9n se convirtieron en munici\u00f3n para los periodistas y comet\u00ed un error. Hubo ocasiones en las que quiz\u00e1s me equivoqu\u00e9 al ir demasiado r\u00e1pido a las entrevistas despu\u00e9s de la carrera\u201d<\/strong>, a\u00f1adi\u00f3.<\/p>\n\n\n\n<figure class=\"wp-block-embed is-type-video is-provider-youtube wp-block-embed-youtube wp-embed-aspect-16-9 wp-has-aspect-ratio\"><div class=\"wp-block-embed__wrapper\">\n<iframe loading=\"lazy\" title=\"ARGENTINA QUIERE RECUPERAR LA F1 DE LA MANO DE COLAPINTO\" width=\"500\" height=\"281\" src=\"https:\/\/www.youtube.com\/embed\/P_CQYt9Ye2o?feature=oembed\" frameborder=\"0\" allow=\"accelerometer; autoplay; clipboard-write; encrypted-media; gyroscope; picture-in-picture; web-share\" referrerpolicy=\"strict-origin-when-cross-origin\" allowfullscreen><\/iframe>\n<\/div><\/figure>\n\n\n\n<p class=\"wp-block-paragraph\">Al ser preguntado sobre el episodio en <em>Spielberg<\/em>, Bagnaia fue contundente: <strong>\u201cFue una de las veces que comet\u00ed un error. Dio la vuelta al mundo. Hay diez o doce canales de televisi\u00f3n, vas a la sala de prensa y hay quince periodistas. Todos te hacen la misma pregunta. En la primera respuesta hay m\u00e1s diplomacia, en la segunda un poco menos, y al final acabas desahog\u00e1ndote\u201d.<\/strong><\/p>\n\n\n\n<p class=\"wp-block-paragraph\">Bagnaia se ausent\u00f3 de varias ruedas de prensa en 2025, como en el <strong>GP de Australia<\/strong>, debido a los malos resultados que obten\u00eda con la moto a la par que <strong>Marc M\u00e1rquez<\/strong> se consagraba campe\u00f3n del mundo de manera dominante. Por esto, para 2027, <em>\u201cPecco\u201d<\/em> se ir\u00eda a <strong>Aprilia<\/strong>, porque considerar\u00eda terminado su ciclo con el fabricante de <em>Borgo Panigale<\/em>.<\/p>\n\n\n\n<p class=\"wp-block-paragraph\">\u23e9&nbsp;<strong><em>\u00a1Seguinos en redes por&nbsp;<\/em><\/strong><a href=\"https:\/\/twitter.com\/grandepremioES\"><em>Twitter&nbsp;<\/em><\/a><strong><em>e&nbsp;<\/em><\/strong><a href=\"https:\/\/www.instagram.com\/grandepremioes\/\"><em>Instagram!<br><\/em><\/a>\u23e9&nbsp;<strong><em>Adem\u00e1s, tenemos nuestro&nbsp;<\/em><\/strong><a href=\"https:\/\/whatsapp.com\/channel\/0029VaDZ5zb0gcfDxuwxBM05\"><em>canal de Whatsapp<\/em><\/a><strong><em>&nbsp;con toda la informaci\u00f3n al instante<\/em><\/strong>&nbsp;\ud83c\udfc1<\/p>\n\n\n\n<p class=\"wp-block-paragraph\">MotoGP regresa a la acci\u00f3n entre el 24 y el 26 de abril con el GP de Espa\u00f1a, que se disputar\u00e1 en el Circuito de Jerez de la Frontera, para la cuarta prueba de la temporada 2026. GRANDE PR\u00caMIO ofrecer\u00e1 una cobertura completa del evento.<\/p>\n","protected":false},"excerpt":{"rendered":"<p>Francesco Bagnaia record\u00f3 la pol\u00e9mica con Ducati en el Gran Premio de Austria de 2025 y afirm\u00f3 que &#8220;\u00faltimamente, los medios de comunicaci\u00f3n est\u00e1n rozando la locura&#8221;, acusando a la prensa que cubre MotoGP de buscar problemas todo el tiempo.<\/p>\n","protected":false},"author":0,"featured_media":1010398471,"comment_status":"closed","ping_status":"closed","sticky":false,"template":"","format":"standard","meta":{"42wp_featured_image_caption":"","42wp_featured_image_credits":"","42wp_featured_video":"","42wp_featured_image_hidden":false,"42wp_authors_list":[],"footnotes":""},"categories":[8],"tags":[1394,9602,1340,1376,1475,329,588,1392,1293,2421],"42wp_author":[14237],"class_list":["post-1690","post","type-post","status-publish","format-standard","has-post-thumbnail","hentry","category-motogp","tag-aprilia","tag-borgo-panigale","tag-ducati","tag-francesco-bagnaia","tag-gp-de-australia","tag-gp-de-austria","tag-gp-de-espana","tag-marc-marquez-2","tag-motogp","tag-spielberg","42wp_author-gabriel-garcia"],"_links":{"self":[{"href":"https:\/\/grandepremio.com\/es\/wp-json\/wp\/v2\/posts\/1690","targetHints":{"allow":["GET"]}}],"collection":[{"href":"https:\/\/grandepremio.com\/es\/wp-json\/wp\/v2\/posts"}],"about":[{"href":"https:\/\/grandepremio.com\/es\/wp-json\/wp\/v2\/types\/post"}],"replies":[{"embeddable":true,"href":"https:\/\/grandepremio.com\/es\/wp-json\/wp\/v2\/comments?post=1690"}],"version-history":[{"count":0,"href":"https:\/\/grandepremio.com\/es\/wp-json\/wp\/v2\/posts\/1690\/revisions"}],"wp:featuredmedia":[{"embeddable":true,"href":"https:\/\/grandepremio.com\/es\/wp-json\/wp\/v2\/media\/1010398471"}],"wp:attachment":[{"href":"https:\/\/grandepremio.com\/es\/wp-json\/wp\/v2\/media?parent=1690"}],"wp:term":[{"taxonomy":"category","embeddable":true,"href":"https:\/\/grandepremio.com\/es\/wp-json\/wp\/v2\/categories?post=1690"},{"taxonomy":"post_tag","embeddable":true,"href":"https:\/\/grandepremio.com\/es\/wp-json\/wp\/v2\/tags?post=1690"},{"taxonomy":"42wp_author","embeddable":true,"href":"https:\/\/grandepremio.com\/es\/wp-json\/wp\/v2\/42wp_author?post=1690"}],"curies":[{"name":"wp","href":"https:\/\/api.w.org\/{rel}","templated":true}]}}