{"id":16994,"date":"2023-10-06T18:04:36","date_gmt":"2023-10-06T21:04:36","guid":{"rendered":"https:\/\/grandepremio.com\/es\/2023\/10\/06\/hamilton-limites-innecesarios-qatar-f1\/"},"modified":"2023-10-06T18:04:48","modified_gmt":"2023-10-06T21:04:48","slug":"hamilton-limites-innecesarios-qatar-f1","status":"publish","type":"post","link":"https:\/\/grandepremio.com\/es\/f1\/hamilton-limites-innecesarios-qatar-f1\/","title":{"rendered":"Hamilton considera &#8220;innecesarios&#8221; los l\u00edmites de pista tras clasificaci\u00f3n en Qatar"},"content":{"rendered":"\n<p class=\"wp-block-paragraph\"><strong>Lewis Hamilton<\/strong> partir\u00e1 desde la tercera posici\u00f3n en la carrera en Lusail el pr\u00f3ximo domingo. Falt\u00f3 un poco m\u00e1s de medio segundo para que el heptacampe\u00f3n mundial superara a<strong> Max Verstappen <\/strong>y se quedara con la pole position. La insatisfacci\u00f3n del piloto de <strong>Mercedes<\/strong> qued\u00f3 evidente despu\u00e9s de la clasificaci\u00f3n de este viernes.<\/p>\n\n\n\n<p class=\"wp-block-paragraph\"><strong>\u00a1Conoce el canal de Grande Pr\u00eamio en Espa\u00f1ol en&nbsp;<\/strong><a href=\"https:\/\/www.youtube.com\/channel\/UCDxWojGVUi9gWYhrY0pGbIQ\" target=\"_blank\" rel=\"noreferrer noopener\"><strong>YouTube<\/strong><\/a><strong>!<\/strong><br><strong>\u00a1Sigue a Grande Pr\u00eamio en Espa\u00f1ol en&nbsp;<\/strong><a href=\"https:\/\/twitter.com\/grandepremioES\" target=\"_blank\" rel=\"noreferrer noopener\"><strong>Twitter&nbsp;<\/strong><\/a><strong>y en&nbsp;<\/strong><a href=\"https:\/\/www.instagram.com\/grandepremioes\/\" target=\"_blank\" rel=\"noreferrer noopener\"><strong>Instagram<\/strong><\/a><strong>!<\/strong><\/p>\n\n\n\n<p class=\"wp-block-paragraph\">El brit\u00e1nico habl\u00f3 de una actuaci\u00f3n &#8220;media&#8221; con el <strong>W14<\/strong> en <strong>Qatar<\/strong>. &#8220;No estoy muy satisfecho, aunque es genial para el equipo estar en las dos primeras filas&#8221;. Su compa\u00f1ero de equipo, <strong>George Russell<\/strong>, comparte la primera fila con el neerland\u00e9s de <strong>Red Bull<\/strong>.<\/p>\n\n\n\n<figure class=\"wp-block-image size-large\"><img decoding=\"async\" src=\"https:\/\/www.grandepremio.com\/br\/wp-content\/uploads\/2023\/10\/catar-2023-f1-classificacao-mercedes-lewis-hamilton-05-1024x683.jpg\" alt=\"\" class=\"wp-image-737230\"\/><figcaption class=\"wp-element-caption\">Hamilton sai em terceiro no GP do Catar deste domingo (Foto: Mercedes)<\/figcaption><\/figure>\n\n\n\n<p class=\"wp-block-paragraph\">Es la quinta vez que <strong>Hamilton<\/strong> parte desde la segunda fila en la temporada. Y logr\u00f3 evitar las sanciones por exceder los l\u00edmites de la pista, que hasta ahora han sido el gran villano del fin de semana. Las nuevas zebras fueron elogiadas por el piloto, pero se\u00f1al\u00f3 un punto importante: si realmente son necesarias.<\/p>\n\n\n\n<p class=\"wp-block-paragraph\">&#8220;Son geniales, parec\u00edan bastante grandes cuando mont\u00e9 en scooter en la pista ayer. Sobre los l\u00edmites de la pista, cuando se supera el punto m\u00e1s alto del bordillo, se pierde tiempo, as\u00ed que creo que no los necesitamos. Podr\u00edamos ver estas restricciones como un buen aprendizaje, pero la l\u00ednea blanca es innecesaria, aunque no me corresponde a m\u00ed decidir&#8221;, analiz\u00f3.<\/p>\n\n\n\n<p class=\"wp-block-paragraph\">La <strong>F\u00f3rmula 1<\/strong> regresa este s\u00e1bado con la <strong>clasificaci\u00f3n<\/strong> para el <strong>sprint<\/strong> programada para las 10h (GMT-3). <strong>GRANDE PR\u00caMIO<\/strong> sigue todas las actividades EN VIVO y EN TIEMPO REAL.<\/p>\n\n\n\n<figure class=\"wp-block-embed is-type-video is-provider-youtube wp-block-embed-youtube wp-embed-aspect-16-9 wp-has-aspect-ratio\"><div class=\"wp-block-embed__wrapper\">\n<iframe loading=\"lazy\" title=\"COLAPINTO TRABAJA PARA ASEGURAR SU FUTURO Y SUE\u00d1A CON LA F1\" width=\"500\" height=\"281\" src=\"https:\/\/www.youtube.com\/embed\/Abvu-LIaHFE?feature=oembed\" frameborder=\"0\" allow=\"accelerometer; autoplay; clipboard-write; encrypted-media; gyroscope; picture-in-picture; web-share\" referrerpolicy=\"strict-origin-when-cross-origin\" allowfullscreen><\/iframe>\n<\/div><\/figure>\n","protected":false},"excerpt":{"rendered":"<p>Tercero en la grilla de partida en Lusail, el brit\u00e1nico se benefici\u00f3 por las sanciones por salirse de la pista, algo que considera innecesario en un circuito como el de Qatar.<\/p>\n","protected":false},"author":0,"featured_media":1000737244,"comment_status":"closed","ping_status":"closed","sticky":false,"template":"","format":"standard","meta":{"42wp_featured_image_caption":"","42wp_featured_image_credits":"","42wp_featured_video":"","42wp_featured_image_hidden":false,"42wp_authors_list":[],"footnotes":""},"categories":[5],"tags":[9259],"42wp_author":[14235],"class_list":["post-16994","post","type-post","status-publish","format-standard","has-post-thumbnail","hentry","category-f1","tag-lusail-2023","42wp_author-barbara-mincioni"],"_links":{"self":[{"href":"https:\/\/grandepremio.com\/es\/wp-json\/wp\/v2\/posts\/16994","targetHints":{"allow":["GET"]}}],"collection":[{"href":"https:\/\/grandepremio.com\/es\/wp-json\/wp\/v2\/posts"}],"about":[{"href":"https:\/\/grandepremio.com\/es\/wp-json\/wp\/v2\/types\/post"}],"replies":[{"embeddable":true,"href":"https:\/\/grandepremio.com\/es\/wp-json\/wp\/v2\/comments?post=16994"}],"version-history":[{"count":0,"href":"https:\/\/grandepremio.com\/es\/wp-json\/wp\/v2\/posts\/16994\/revisions"}],"wp:featuredmedia":[{"embeddable":true,"href":"https:\/\/grandepremio.com\/es\/wp-json\/wp\/v2\/media\/1000737244"}],"wp:attachment":[{"href":"https:\/\/grandepremio.com\/es\/wp-json\/wp\/v2\/media?parent=16994"}],"wp:term":[{"taxonomy":"category","embeddable":true,"href":"https:\/\/grandepremio.com\/es\/wp-json\/wp\/v2\/categories?post=16994"},{"taxonomy":"post_tag","embeddable":true,"href":"https:\/\/grandepremio.com\/es\/wp-json\/wp\/v2\/tags?post=16994"},{"taxonomy":"42wp_author","embeddable":true,"href":"https:\/\/grandepremio.com\/es\/wp-json\/wp\/v2\/42wp_author?post=16994"}],"curies":[{"name":"wp","href":"https:\/\/api.w.org\/{rel}","templated":true}]}}