{"id":17014,"date":"2023-10-06T10:08:01","date_gmt":"2023-10-06T13:08:01","guid":{"rendered":"https:\/\/grandepremio.com\/es\/2023\/10\/06\/tech3-sube-acosta-baja-pol\/"},"modified":"2023-10-06T10:08:11","modified_gmt":"2023-10-06T13:08:11","slug":"tech3-sube-acosta-baja-pol","status":"publish","type":"post","link":"https:\/\/grandepremio.com\/es\/motogp\/tech3-sube-acosta-baja-pol\/","title":{"rendered":"Tech3 sube a Acosta y baja a Pol Espargar\u00f3 para acompa\u00f1ar a Fern\u00e1ndez en 2024"},"content":{"rendered":"\n<p class=\"wp-block-paragraph\">En un entuerto sin precedentes, <strong>KTM<\/strong> ten\u00eda cinco pilotos contratados para el a\u00f1o que viene, pero solo cuatro sillines. Parec\u00eda claro, hace varias semanas, que <strong>Pedro Acosta<\/strong> subir\u00eda a<strong> MotoGP<\/strong> en reemplazo de <strong>Augusto Fern\u00e1ndez<\/strong>, vigente campe\u00f3n de Moto2.<\/p>\n\n\n\n<p class=\"wp-block-paragraph\">Con el paso de las carreras, Augusto comenz\u00f3 a rendir mejor en las <strong>GasGas<\/strong> que Pol Espargar\u00f3, y esto puso en duda ambas motos para el a\u00f1o que viene. Por esta raz\u00f3n, KTM estuvo varias semanas pidi\u00e9ndole a <strong>Dorna<\/strong> que asegurase una moto m\u00e1s de cara a 2024, pero ese pedido no fue concedido.<\/p>\n\n\n\n<p class=\"wp-block-paragraph\">Ante esto, el anuncio de este viernes por parte de Tech3 y KTM de desplazar a <strong>Pol Espargar\u00f3 <\/strong>ha sorprendido a todos, porque el hermano de Aleix se quedar\u00e1 sin lugar en MotoGP. Eso s\u00ed, Augusto Fern\u00e1ndez y Pedro Acosta formar\u00e1n una prometedora dupla que la casa austr\u00edaca respaldar\u00e1 con Pol como piloto de pruebas.<\/p>\n\n\n\n<figure class=\"wp-block-image size-large is-resized\"><img loading=\"lazy\" decoding=\"async\" src=\"https:\/\/www.grandepremio.com\/br\/wp-content\/uploads\/2023\/10\/2024-GASGAS-Factory-Racing-Tech3-announcement-1024x603.jpg\" alt=\"\" class=\"wp-image-736947\" style=\"width:839px;height:494px\" width=\"839\" height=\"494\"\/><figcaption class=\"wp-element-caption\">Fern\u00e1ndez y Acosta son los nombres propios de GasGas para MotoGP 2024 (Foto: Difusi\u00f3n\/Tech3 GasGas)<\/figcaption><\/figure>\n\n\n\n<p class=\"wp-block-paragraph\">En un comunicado oficial, GasGas afirma que Pol Espargar\u00f3 <strong>&#8220;ocupar\u00e1 un puesto crucial y muy valioso en el proyecto&#8221;<\/strong>, destacando tambi\u00e9n que <strong>&#8220;el piloto de 32 a\u00f1os ha formado parte de esta decisi\u00f3n conjunta para el futuro a corto y largo plazo de los objetivos de la compa\u00f1\u00eda en MotoGP&#8221;<\/strong>.<\/p>\n\n\n\n<p class=\"wp-block-paragraph\"><strong>&#8220;Pol es muy admirado por su compromiso y experiencia,<\/strong> desde los primeros d\u00edas de su llegada a Pierer Mobility Group en MotoGP hasta su dedicada b\u00fasqueda para volver a la competitividad tras la lesi\u00f3n que sufri\u00f3 a principios de 2023. <strong>El #44 es un activo importante para apoyar a los j\u00f3venes talentos y mantener la solidez de la actual estructura de competici\u00f3n<\/strong>, y su humildad queda patente en su voluntad de ayudar a la generaci\u00f3n que espera seguir sus pasos. El car\u00e1cter, la energ\u00eda y las habilidades de Pol significan que seguir\u00e1 siendo <strong>un miembro destacado <\/strong>de nuestro programa a todos los lados del pit-wall&#8221;, a\u00f1ade el texto.<\/p>\n\n\n\n<p class=\"wp-block-paragraph\">De acuerdo con <strong>Pit Beirer<\/strong>, director de GasGas, la marca con la que KTM apoya a Tech3, la decisi\u00f3n fue <strong>&#8220;dif\u00edcil de tomar&#8221;,<\/strong> pero el equipo estaba <strong>&#8220;totalmente convencido de que Augusto es lo suficientemente r\u00e1pido e inteligente para seguir progresando&#8221;<\/strong> en MotoGP.<\/p>\n\n\n\n<p class=\"wp-block-paragraph\">Respecto a Acosta, el directivo a\u00f1adi\u00f3:<strong> &#8220;Pedro es un talento muy especial que ya ha ganado mucho y muy r\u00e1pido, y 2024 ser\u00e1 una curva de aprendizaje para dar el siguiente paso entre los grandes de MotoGP.&#8221;<\/strong><\/p>\n\n\n\n<p class=\"wp-block-paragraph\">&#8220;Quiero agradecer a Pol todo lo que ha hecho y todo lo que sigue haciendo por nosotros. <strong>Es un tipo s\u00faper duro y muy decidido,<\/strong> por lo que queremos contar con \u00e9l como parte importante de nuestra estructura. La franqueza y proactividad de Pol merecen mi m\u00e1s profundo respeto.<strong> Subraya su grandeza como persona el hecho de que nos haya ayudado en esta situaci\u00f3n&#8221;<\/strong>, concluy\u00f3 Beirer.<\/p>\n\n\n\n<p class=\"wp-block-paragraph\"><strong>\u00a1Conoce el canal de Grande Pr\u00eamio en Espa\u00f1ol en&nbsp;<\/strong><a href=\"https:\/\/www.youtube.com\/channel\/UCDxWojGVUi9gWYhrY0pGbIQ\" target=\"_blank\" rel=\"noreferrer noopener\"><strong>YouTube<\/strong><\/a><strong>!<\/strong><br><strong>\u00a1Sigue a Grande Pr\u00eamio en Espa\u00f1ol en&nbsp;<\/strong><a href=\"https:\/\/twitter.com\/grandepremioES\" target=\"_blank\" rel=\"noreferrer noopener\"><strong>Twitter&nbsp;<\/strong><\/a><strong>y en&nbsp;<\/strong><a href=\"https:\/\/www.instagram.com\/grandepremioes\/\" target=\"_blank\" rel=\"noreferrer noopener\"><strong>Instagram<\/strong><\/a><strong>!<\/strong><\/p>\n\n\n\n<p class=\"wp-block-paragraph\">Con este anuncio de Tech3, <strong>MotoGP <\/strong>solo tiene que resolver la vacante que resta en el equipo Gresini al lado de \u00c1lex M\u00e1rquez, que podr\u00eda ser su hermano Marc, y qui\u00e9n reemplazar\u00e1 al #93 en la moto oficial de HRC en 2024, luego de su ruptura con la casa japonesa.<\/p>\n","protected":false},"excerpt":{"rendered":"<p>KTM ha tenido que tomar una dura decisi\u00f3n de desplazar a Pol Espargar\u00f3 de sui asiento en el equipo Tech3 para promover el ascenso a MotoGP del l\u00edder del campeonato de Moto2, Pedro Acosta. <\/p>\n","protected":false},"author":0,"featured_media":1000694633,"comment_status":"closed","ping_status":"closed","sticky":false,"template":"","format":"standard","meta":{"42wp_featured_image_caption":"","42wp_featured_image_credits":"","42wp_featured_video":"","42wp_featured_image_hidden":false,"42wp_authors_list":[],"footnotes":""},"categories":[8],"tags":[3341,2035,2055,1381,1693,7708,1564],"42wp_author":[14237],"class_list":["post-17014","post","type-post","status-publish","format-standard","has-post-thumbnail","hentry","category-motogp","tag-augusto-fernandez","tag-gasgas","tag-gresini","tag-ktm","tag-pedro-acosta","tag-pit-beirer","tag-pol-espargaro","42wp_author-gabriel-garcia"],"_links":{"self":[{"href":"https:\/\/grandepremio.com\/es\/wp-json\/wp\/v2\/posts\/17014","targetHints":{"allow":["GET"]}}],"collection":[{"href":"https:\/\/grandepremio.com\/es\/wp-json\/wp\/v2\/posts"}],"about":[{"href":"https:\/\/grandepremio.com\/es\/wp-json\/wp\/v2\/types\/post"}],"replies":[{"embeddable":true,"href":"https:\/\/grandepremio.com\/es\/wp-json\/wp\/v2\/comments?post=17014"}],"version-history":[{"count":0,"href":"https:\/\/grandepremio.com\/es\/wp-json\/wp\/v2\/posts\/17014\/revisions"}],"wp:featuredmedia":[{"embeddable":true,"href":"https:\/\/grandepremio.com\/es\/wp-json\/wp\/v2\/media\/1000694633"}],"wp:attachment":[{"href":"https:\/\/grandepremio.com\/es\/wp-json\/wp\/v2\/media?parent=17014"}],"wp:term":[{"taxonomy":"category","embeddable":true,"href":"https:\/\/grandepremio.com\/es\/wp-json\/wp\/v2\/categories?post=17014"},{"taxonomy":"post_tag","embeddable":true,"href":"https:\/\/grandepremio.com\/es\/wp-json\/wp\/v2\/tags?post=17014"},{"taxonomy":"42wp_author","embeddable":true,"href":"https:\/\/grandepremio.com\/es\/wp-json\/wp\/v2\/42wp_author?post=17014"}],"curies":[{"name":"wp","href":"https:\/\/api.w.org\/{rel}","templated":true}]}}