{"id":17078,"date":"2023-09-30T14:52:15","date_gmt":"2023-09-30T17:52:15","guid":{"rendered":"https:\/\/grandepremio.com\/es\/2023\/09\/30\/ott-tanak-wrc-chile-2023\/"},"modified":"2023-09-30T14:52:25","modified_gmt":"2023-09-30T17:52:25","slug":"ott-tanak-wrc-chile-2023","status":"publish","type":"post","link":"https:\/\/grandepremio.com\/es\/rally\/ott-tanak-wrc-chile-2023\/","title":{"rendered":"T\u00e4nak supera a Suninen y cierra liderando el viernes en el Rally de Chile"},"content":{"rendered":"\n<p class=\"wp-block-paragraph\"><strong>Ott T\u00e4nak<\/strong> abri\u00f3 el <strong>Rally de Chile<\/strong> el viernes (29) con un s\u00f3lido liderato. El piloto de Ford marc\u00f3 un buen ritmo desde el inicio de la prueba y confi\u00f3 en una inteligente estrategia de conservaci\u00f3n de neum\u00e1ticos para mantenerse en cabeza en la primera secci\u00f3n. Pero quien piense que fue f\u00e1cil mantener el liderato se equivoca.<\/p>\n\n\n\n<p class=\"wp-block-paragraph\">El estonio incluso tuvo problemas con su coche gracias a un violento aterrizaje, que le caus\u00f3 peque\u00f1os da\u00f1os en la suspensi\u00f3n y la p\u00e9rdida de impulso h\u00edbrido y le situ\u00f3 tercero, pero pronto se recuper\u00f3. &#8220;El primer y el \u00faltimo tramo fueron extremadamente dif\u00edciles. Pero hicimos una carrera buena y fluida, as\u00ed que no hubo problemas&#8221;, dijo Ott.<\/p>\n\n\n\n<p class=\"wp-block-paragraph\"><strong><strong><strong>\u00a1Conoce el canal de Grande Pr\u00eamio en Espa\u00f1ol en\u00a0<a href=\"https:\/\/www.youtube.com\/channel\/UCDxWojGVUi9gWYhrY0pGbIQ\" target=\"_blank\" rel=\"noreferrer noopener\"><strong>YouTube<\/strong><\/a>!<br>\u00a1Sigue a Grande Pr\u00eamio en Espa\u00f1ol en\u00a0<a href=\"https:\/\/twitter.com\/grandepremioES\" target=\"_blank\" rel=\"noreferrer noopener\"><strong>Twitter\u00a0<\/strong><\/a>y en\u00a0<a href=\"https:\/\/www.instagram.com\/grandepremioes\/\" target=\"_blank\" rel=\"noreferrer noopener\"><strong>Instagram<\/strong><\/a>!<\/strong><\/strong><\/strong><\/p>\n\n\n\n<p class=\"wp-block-paragraph\">Chile regres\u00f3 al mapa del <strong>Campeonato Mundial de Rally<\/strong> tras cuatro a\u00f1os de ausencia y demostr\u00f3 que el desaf\u00edo de completar las rutas era extremadamente dif\u00edcil. En segundo lugar qued\u00f3 el finland\u00e9s <strong>Teemu Suninen<\/strong>, de Hyundai, a 1,1s del l\u00edder.<\/p>\n\n\n\n<figure class=\"wp-block-image size-large\"><img decoding=\"async\" src=\"https:\/\/www.grandepremio.com\/br\/wp-content\/uploads\/2023\/09\/af6198ea-e721-49b6-81d0-09972074a2ad_290923at-teemu-suninen-chile202301-1024x576.jpeg\" alt=\"\" class=\"wp-image-735566\"\/><figcaption class=\"wp-element-caption\">Teemu Suninen finaliz\u00f3 1.1s atr\u00e1s del l\u00edder (Foto: WRC)<\/figcaption><\/figure>\n\n\n\n<p class=\"wp-block-paragraph\"><strong>Elfyn Evans<\/strong>, del <strong>Toyota Gazoo Racing<\/strong>, complet\u00f3 la primera jornada en tercera posici\u00f3n, por delante del l\u00edder y casi campe\u00f3n de la temporada, <strong>Kalle Rovanper\u00e4<\/strong>. En quinto lugar, el belga <strong>Thierry Neuville<\/strong>, de Hyundai, complet\u00f3 el top cinco de la etapa chilena.<\/p>\n\n\n\n<p class=\"wp-block-paragraph\">Este s\u00e1bado (30), los equipos viajan al sur para afrontar la etapa m\u00e1s larga del rally. Chivilingo es la primera, seguida de R\u00edo L\u00eda &#8211; la \u00fanica etapa que se mantiene sin cambios con respecto a la edici\u00f3n 2019 del Rally. Mar\u00eda de las Cruces termina a la vista del Oc\u00e9ano Pac\u00edfico y completa la vuelta, que se repite una vez m\u00e1s.<\/p>\n","protected":false},"excerpt":{"rendered":"<p>El estonio de Ford tuvo problemas de suspensi\u00f3n, pero se apoy\u00f3 en una buena gesti\u00f3n de los neum\u00e1ticos para mantenerse en cabeza el primer d\u00eda de carrera en Chile<\/p>\n","protected":false},"author":0,"featured_media":1010214500,"comment_status":"closed","ping_status":"closed","sticky":false,"template":"","format":"standard","meta":{"42wp_featured_image_caption":"","42wp_featured_image_credits":"","42wp_featured_video":"","42wp_featured_image_hidden":false,"42wp_authors_list":[],"footnotes":""},"categories":[9],"tags":[1488,2237,1690,3158,8454,1226,5175],"42wp_author":[14239],"class_list":["post-17078","post","type-post","status-publish","format-standard","has-post-thumbnail","hentry","category-rally","tag-grande-premio","tag-grandepremio","tag-ott-tanak","tag-ott-tanak-2","tag-temporada-2023-wrc","tag-wrc","tag-wrc-2023","42wp_author-jp-otrosky"],"_links":{"self":[{"href":"https:\/\/grandepremio.com\/es\/wp-json\/wp\/v2\/posts\/17078","targetHints":{"allow":["GET"]}}],"collection":[{"href":"https:\/\/grandepremio.com\/es\/wp-json\/wp\/v2\/posts"}],"about":[{"href":"https:\/\/grandepremio.com\/es\/wp-json\/wp\/v2\/types\/post"}],"replies":[{"embeddable":true,"href":"https:\/\/grandepremio.com\/es\/wp-json\/wp\/v2\/comments?post=17078"}],"version-history":[{"count":0,"href":"https:\/\/grandepremio.com\/es\/wp-json\/wp\/v2\/posts\/17078\/revisions"}],"wp:featuredmedia":[{"embeddable":true,"href":"https:\/\/grandepremio.com\/es\/wp-json\/wp\/v2\/media\/1010214500"}],"wp:attachment":[{"href":"https:\/\/grandepremio.com\/es\/wp-json\/wp\/v2\/media?parent=17078"}],"wp:term":[{"taxonomy":"category","embeddable":true,"href":"https:\/\/grandepremio.com\/es\/wp-json\/wp\/v2\/categories?post=17078"},{"taxonomy":"post_tag","embeddable":true,"href":"https:\/\/grandepremio.com\/es\/wp-json\/wp\/v2\/tags?post=17078"},{"taxonomy":"42wp_author","embeddable":true,"href":"https:\/\/grandepremio.com\/es\/wp-json\/wp\/v2\/42wp_author?post=17078"}],"curies":[{"name":"wp","href":"https:\/\/api.w.org\/{rel}","templated":true}]}}