{"id":17094,"date":"2023-09-29T13:44:42","date_gmt":"2023-09-29T16:44:42","guid":{"rendered":"https:\/\/grandepremio.com\/es\/2023\/09\/29\/marc-marquez-continuidad-honda-motogp-2024\/"},"modified":"2023-09-29T13:47:12","modified_gmt":"2023-09-29T16:47:12","slug":"marc-marquez-continuidad-honda-motogp-2024","status":"publish","type":"post","link":"https:\/\/grandepremio.com\/es\/motogp\/marc-marquez-continuidad-honda-motogp-2024\/","title":{"rendered":"M\u00e1rquez espera reunirse con Honda para decidir su futuro en MotoGP"},"content":{"rendered":"\n<p class=\"wp-block-paragraph\">El culebr\u00f3n sobre el futuro de <strong>Marc M\u00e1rquez <\/strong>sigue sumando nuevos cap\u00edtulos. Aunque su pr\u00f3ximo destino sigue en duda en medio de una crisis de resultados en la marca de Hamamatsu, el piloto de Cervera asegur\u00f3 este viernes (29) que no forzar\u00e1 su salida de <strong>Honda<\/strong>, con la que tiene contrato hasta finales de 2024.<\/p>\n\n\n\n<p class=\"wp-block-paragraph\">&#8220;Le he dado mucho a Honda, pero Honda tambi\u00e9n me ha dado mucho a m\u00ed. Tenemos una relaci\u00f3n muy respetuosa, muy buena, y no soy el tipo de piloto al que le gusta forzar la mano. Eso deber\u00eda ser bueno para ambas partes&#8221;, dijo.<\/p>\n\n\n\n<p class=\"wp-block-paragraph\">Seg\u00fan Sky Italia, M\u00e1rquez ya ha tomado una decisi\u00f3n y el a\u00f1o que viene correr\u00e1 con <strong>Gresini Ducati<\/strong> junto a su hermano <strong>\u00c1lex<\/strong>. El problema, sin embargo, es resolver el actual problema contractual con Honda, ya que tiene un acuerdo con el fabricante hasta el final de la pr\u00f3xima temporada.<\/p>\n\n\n\n<p class=\"wp-block-paragraph\"><strong><strong>\u00a1Conoce el canal de Grande Pr\u00eamio en Espa\u00f1ol en&nbsp;<\/strong><a href=\"https:\/\/www.youtube.com\/channel\/UCDxWojGVUi9gWYhrY0pGbIQ\" target=\"_blank\" rel=\"noreferrer noopener\"><strong>YouTube<\/strong><\/a><strong>!<\/strong><br><strong>\u00a1Sigue a Grande Pr\u00eamio en Espa\u00f1ol en&nbsp;<\/strong><a href=\"https:\/\/twitter.com\/grandepremioES\" target=\"_blank\" rel=\"noreferrer noopener\"><strong>Twitter&nbsp;<\/strong><\/a><strong>y en&nbsp;<\/strong><a href=\"https:\/\/www.instagram.com\/grandepremioes\/\" target=\"_blank\" rel=\"noreferrer noopener\"><strong>Instagram<\/strong><\/a><strong>!<\/strong><\/strong><\/p>\n\n\n\n<figure class=\"wp-block-image size-large\"><img decoding=\"async\" src=\"https:\/\/www.grandepremio.com\/br\/wp-content\/uploads\/2023\/09\/SI202309220791-1024x683.jpg\" alt=\"\" class=\"wp-image-732510\"\/><figcaption class=\"wp-element-caption\">Marc M\u00e1rquez puede ser despedido de Honda al finalizar la temporada (Foto: Red Bull Content Pool) <\/figcaption><\/figure>\n\n\n\n<p class=\"wp-block-paragraph\">&#8220;No s\u00e9 [si Honda me permitir\u00e1 marcharme]. Tambi\u00e9n tienen que ver cu\u00e1l es mi prioridad. Sinceramente, no les he dicho lo que pienso y lo que no. A\u00fan est\u00e1 todo en juego. Es una situaci\u00f3n extra\u00f1a, dif\u00edcil y nada agradable. Pero tenemos que encontrar lo mejor para todos&#8221;, prosigui\u00f3.<\/p>\n\n\n\n<p class=\"wp-block-paragraph\">El espa\u00f1ol confirm\u00f3 que mantendr\u00e1 una reuni\u00f3n con los ejecutivos de Honda y HRC, pero rest\u00f3 importancia al encuentro, recordando que algo as\u00ed tambi\u00e9n ocurri\u00f3 el a\u00f1o pasado.<\/p>\n\n\n\n<p class=\"wp-block-paragraph\">&#8220;Estamos trabajando juntos para encontrar lo mejor para el futuro. Como el a\u00f1o pasado, habr\u00e1 gente importante de Honda y HRC. Tendremos una reuni\u00f3n, como el a\u00f1o pasado&#8221;, dijo. &#8220;Es cierto que estamos intentando cambiar algunas cosas para el futuro, para intentar mejorar por ambas partes, porque Honda quiere ganar y yo quiero ganar. Tenemos el mismo objetivo&#8221;, concluy\u00f3.<\/p>\n\n\n\n<p class=\"wp-block-paragraph\">El segundo entrenamiento libre de MotoGP en Jap\u00f3n se disputar\u00e1 este viernes a las 22:00, hora de Brasilia y Buenos Aires.&nbsp;<strong>GRANDE PR\u00caMIO&nbsp;<\/strong>har\u00e1 la cobertura completa de todas las sesiones.<a href=\"https:\/\/cres.ws\/motogp\"><\/a><a href=\"https:\/\/cres.ws\/motogp\"><\/a><\/p>\n","protected":false},"excerpt":{"rendered":"<p>Marc M\u00e1rquez reiter\u00f3 que la decisi\u00f3n sobre su futuro tambi\u00e9n debe ser buena para Honda y advirti\u00f3 que no forzar\u00e1 su salida del equipo <\/p>\n","protected":false},"author":0,"featured_media":1000734830,"comment_status":"closed","ping_status":"closed","sticky":false,"template":"","format":"standard","meta":{"42wp_featured_image_caption":"","42wp_featured_image_credits":"","42wp_featured_video":"","42wp_featured_image_hidden":false,"42wp_authors_list":[],"footnotes":""},"categories":[8],"tags":[1488,2237,2055,221,1392,2657,6571],"42wp_author":[14239],"class_list":["post-17094","post","type-post","status-publish","format-standard","has-post-thumbnail","hentry","category-motogp","tag-grande-premio","tag-grandepremio","tag-gresini","tag-honda","tag-marc-marquez-2","tag-motogp-2023","tag-temporada-2023-motogp","42wp_author-jp-otrosky"],"_links":{"self":[{"href":"https:\/\/grandepremio.com\/es\/wp-json\/wp\/v2\/posts\/17094","targetHints":{"allow":["GET"]}}],"collection":[{"href":"https:\/\/grandepremio.com\/es\/wp-json\/wp\/v2\/posts"}],"about":[{"href":"https:\/\/grandepremio.com\/es\/wp-json\/wp\/v2\/types\/post"}],"replies":[{"embeddable":true,"href":"https:\/\/grandepremio.com\/es\/wp-json\/wp\/v2\/comments?post=17094"}],"version-history":[{"count":0,"href":"https:\/\/grandepremio.com\/es\/wp-json\/wp\/v2\/posts\/17094\/revisions"}],"wp:featuredmedia":[{"embeddable":true,"href":"https:\/\/grandepremio.com\/es\/wp-json\/wp\/v2\/media\/1000734830"}],"wp:attachment":[{"href":"https:\/\/grandepremio.com\/es\/wp-json\/wp\/v2\/media?parent=17094"}],"wp:term":[{"taxonomy":"category","embeddable":true,"href":"https:\/\/grandepremio.com\/es\/wp-json\/wp\/v2\/categories?post=17094"},{"taxonomy":"post_tag","embeddable":true,"href":"https:\/\/grandepremio.com\/es\/wp-json\/wp\/v2\/tags?post=17094"},{"taxonomy":"42wp_author","embeddable":true,"href":"https:\/\/grandepremio.com\/es\/wp-json\/wp\/v2\/42wp_author?post=17094"}],"curies":[{"name":"wp","href":"https:\/\/api.w.org\/{rel}","templated":true}]}}