{"id":17099,"date":"2023-09-29T11:16:20","date_gmt":"2023-09-29T14:16:20","guid":{"rendered":"https:\/\/grandepremio.com\/es\/2023\/09\/29\/motogp-entrenamientos-libres-gp-japon-binder-bagnaia\/"},"modified":"2023-09-29T11:17:54","modified_gmt":"2023-09-29T14:17:54","slug":"motogp-entrenamientos-libres-gp-japon-binder-bagnaia","status":"publish","type":"post","link":"https:\/\/grandepremio.com\/es\/motogp\/motogp-entrenamientos-libres-gp-japon-binder-bagnaia\/","title":{"rendered":"Binder supera a Bagnaia y lidera los entrenamientos de MotoGP en Jap\u00f3n"},"content":{"rendered":"\n<p class=\"wp-block-paragraph\"><strong>Brad Binder <\/strong>puso a <strong>KTM <\/strong>al frente de la tabla de tiempos de <strong>MotoGP <\/strong>en la tarde del viernes (29) en <strong>Jap\u00f3n<\/strong>. El sudafricano ha superado a <strong>Francesco Bagnaia<\/strong> por 0s029.<\/p>\n\n\n\n<p class=\"wp-block-paragraph\">En un fin de semana en el que se ha estrenado el chasis de fibra de carbono en la <strong>KTM RC16<\/strong>, Binder ha marcado un crono de 1min43s489 para situarse en cabeza en Motegi, mientras que el piloto n\u00famero 1 de <strong>Ducati <\/strong>ha logrado colocarse segundo.<\/p>\n\n\n\n<figure class=\"wp-block-image size-large\"><img decoding=\"async\" src=\"https:\/\/www.grandepremio.com\/br\/wp-content\/uploads\/2023\/09\/553356_Brad-Binder_Red-Bull-KTM_MotoGP_RC16_Mobility-Resort-Motegi-_JAP_29-09-2023-19_14th-Rnd.-MotoGP-2023-Twin-Ring-Motegi-_JPN_-1024x682.jpg\" alt=\"\" class=\"wp-image-734926\"\/><figcaption class=\"wp-element-caption\">Brad Binder lider\u00f3 los entrenamientos en Motegi (Foto: KTM)<\/figcaption><\/figure>\n\n\n\n<p class=\"wp-block-paragraph\"><strong>\u00a1Conoce el canal de Grande Pr\u00eamio en Espa\u00f1ol en&nbsp;<\/strong><a href=\"https:\/\/www.youtube.com\/channel\/UCDxWojGVUi9gWYhrY0pGbIQ\" target=\"_blank\" rel=\"noreferrer noopener\"><strong>YouTube<\/strong><\/a><strong>!<\/strong><br><strong>\u00a1Sigue a Grande Pr\u00eamio en Espa\u00f1ol en&nbsp;<\/strong><a href=\"https:\/\/twitter.com\/grandepremioES\" target=\"_blank\" rel=\"noreferrer noopener\"><strong>Twitter&nbsp;<\/strong><\/a><strong>y en&nbsp;<\/strong><a href=\"https:\/\/www.instagram.com\/grandepremioes\/\" target=\"_blank\" rel=\"noreferrer noopener\"><strong>Instagram<\/strong><\/a><strong>!<\/strong><\/p>\n\n\n\n<p class=\"wp-block-paragraph\"><strong>Aleix Espargar\u00f3<\/strong> ha sido 0s295 m\u00e1s lento que el l\u00edder y ha quedado tercero, por delante de <strong>Jorge Mart\u00edn, Marco Bezzecchi, Fabio Di Giannantonio, Johann Zarco, Maverick Vi\u00f1ales, Pol Espargar\u00f3 <\/strong>y <strong>Jack Miller.<\/strong><\/p>\n\n\n\n<p class=\"wp-block-paragraph\"><strong>Joan Mir, Fabio Quartararo, Marc M\u00e1rquez <\/strong>y <strong>Franco Morbidelli<\/strong> no han entrado en el top-10 y, entre el 12\u00ba y el 14\u00ba, tendr\u00e1n que pasar por la Q1 de la clasificaci\u00f3n.<\/p>\n\n\n\n<p class=\"wp-block-paragraph\">El segundo entrenamiento libre de MotoGP en Jap\u00f3n se disputar\u00e1 este viernes a las 22:00, hora de Brasilia y Buenos Aires.&nbsp;<strong>GRANDE PR\u00caMIO&nbsp;<\/strong>har\u00e1 la cobertura completa de todas las sesiones.<a href=\"https:\/\/cres.ws\/motogp\"><\/a><\/p>\n\n\n\n<h3 class=\"wp-block-heading\" id=\"h-asi-fue-el-entrenamiento-libre-de-motogp-en-japon\">As\u00ed fue el entrenamiento libre de MotoGP en Jap\u00f3n<\/h3>\n\n\n\n<p class=\"wp-block-paragraph\">Al igual que a primera hora del d\u00eda, Motegi presentaba cielos despejados y una pista seca para los entrenamientos de <strong>MotoGP<\/strong>. Cuando los pilotos salieron a la pista, los term\u00f3metros med\u00edan 28\u00b0C, y el asfalto alcanzaba los 36\u00b0C. La humedad relativa era del 53% y el viento soplaba a 5 km\/h.<\/p>\n\n\n\n<p class=\"wp-block-paragraph\"><strong>Maverick Vi\u00f1ales<\/strong> ha sido el primero en aparecer en lo alto de la parrilla esta tarde, con 1min45s897, 0s225 mejor que<strong> Brad Binder.<\/strong> <strong>Johann Zarco<\/strong> ha sido tercero. En la vuelta siguiente, el sudafricano se adelant\u00f3 por 0s159.<\/p>\n\n\n\n<p class=\"wp-block-paragraph\">Con neum\u00e1tico duro delante y blando detr\u00e1s, <strong>Jorge Mart\u00edn <\/strong>ha rodado a 1min44s895 y se ha puesto en cabeza, abriendo un margen de 0s165 sobre Binder. Vi\u00f1ales, sin embargo, se ha colocado segundo, recortando la ventaja del piloto del Pramac a 0s119.<\/p>\n\n\n\n<figure class=\"wp-block-video\"><video class=\"video-js vjs-big-play-centered\" data-gp-vjs=\"1\" controls src=\"https:\/\/www.grandepremio.com\/br\/wp-content\/uploads\/2023\/09\/MotoGP-2023-Japao-Motegi-Treino-Ducati-Francesco-Bagnaia.mp4\"><\/video><figcaption class=\"wp-element-caption\">Francesco Bagnaia se mostr\u00f3 inconforme con el rendimiento de Ducati (V\u00eddeo: MotoGP)<\/figcaption><\/figure>\n\n\n\n<p class=\"wp-block-paragraph\">En la siguiente pasada, Jorge fue a\u00fan mejor, llegando a 1min44s724, 0s234 mejor que Binder. Vi\u00f1ales era tercero, por delante de Zarco y <strong>Fabio Quartararo.<\/strong><\/p>\n\n\n\n<p class=\"wp-block-paragraph\">En su quinta vuelta de la tarde, Binder ha bajado a 1min44s879 y ha reducido la diferencia con Mart\u00edn a 0s155. Vi\u00f1ales, Quartararo y Zarco se han situado entre los cinco primeros, seguidos de<strong> Marco Bezzecchi, Jack Miller, Miguel Oliveira, Marc M\u00e1rquez <\/strong>y <strong>Ra\u00fal Fern\u00e1ndez.<\/strong><\/p>\n\n\n\n<p class=\"wp-block-paragraph\"><strong>Fabio Di Giannantonio<\/strong> ha marcado 1min44s947 y se ha colocado tercero, a s\u00f3lo 0s223 de Mart\u00edn. <strong>Marc M\u00e1rquez <\/strong>tambi\u00e9n ha mejorado y ahora es d\u00e9cimo.<\/p>\n\n\n\n<p class=\"wp-block-paragraph\">A poco menos de 40 minutos para el final, <strong>Ra\u00fal Fern\u00e1ndez<\/strong> se cay\u00f3 en la curva 10 al perder la primera posici\u00f3n. El espa\u00f1ol del RNF ha salido ileso.<\/p>\n\n\n\n<p class=\"wp-block-paragraph\">Poco despu\u00e9s, era Francesco Bagnaia quien consegu\u00eda ponerse por delante. El l\u00edder del Mundial lleg\u00f3 a 1min45s192, pero s\u00f3lo fue 10\u00ba, a 0s468 de Mart\u00edn.<\/p>\n\n\n\n<p class=\"wp-block-paragraph\">En la und\u00e9cima vuelta de los entrenamientos de esta tarde en Motegi, Oliveira se ha colocado segundo con un tiempo de 1min44s825, 0s101 m\u00e1s lento que Mart\u00edn. En la siguiente vuelta, el portugu\u00e9s ha estado mucho mejor y le ha arrebatado el liderato a Jorge por 0s226.<\/p>\n\n\n\n<figure class=\"wp-block-video\"><video class=\"video-js vjs-big-play-centered\" data-gp-vjs=\"1\" controls src=\"https:\/\/www.grandepremio.com\/br\/wp-content\/uploads\/2023\/09\/MotoGP-2023-Japao-Motegi-Treino-RNF-Miguel-Oliveira.mp4\"><\/video><figcaption class=\"wp-element-caption\">Miguel Oliveira tom\u00f3 el liderazgo en Motegi (V\u00eddeo: MotoGP)<\/figcaption><\/figure>\n\n\n\n<p class=\"wp-block-paragraph\">Quartararo ha marcado 1min44s520 poco despu\u00e9s y se ha colocado segundo, a 0s022 de la Aprilia #88 del RNF. Mart\u00edn ha ca\u00eddo a la tercera posici\u00f3n, por delante de Binder y Di Giannantonio.<\/p>\n\n\n\n<p class=\"wp-block-paragraph\">A menos de 25 minutos para el final, Jack Miller se ha ca\u00eddo en la curva 11, pero no se ha hecho da\u00f1o y ha conseguido volver a subirse a la moto para poder regresar a boxes.<\/p>\n\n\n\n<p class=\"wp-block-paragraph\">Al entrar en el \u00faltimo cuarto de hora de entrenamientos, Marc M\u00e1rquez se ha situado a min44s574 y tercero, con Aleix Espargar\u00f3 coloc\u00e1ndose cuarto poco despu\u00e9s, 0s046 m\u00e1s lento.<\/p>\n\n\n\n<figure class=\"wp-block-video\"><video class=\"video-js vjs-big-play-centered\" data-gp-vjs=\"1\" controls src=\"https:\/\/www.grandepremio.com\/br\/wp-content\/uploads\/2023\/09\/MotoGP-2023-Japao-Motegi-Treino-Yamaha-Fabio-Quartararo.mp4\"><\/video><figcaption class=\"wp-element-caption\">Fabio Quartararo tambi\u00e9n pudo avanzar en los entrenamientos (V\u00eddeo: MotoGP)<\/figcaption><\/figure>\n\n\n\n<p class=\"wp-block-paragraph\">Aleix ha realizado otra buena vuelta y, con 1min44s387, se ha colocado en cabeza, 0s111 m\u00e1s r\u00e1pido que Oliveira. Quartararo, Marc M\u00e1rquez y Mart\u00edn han completado el top-5.<\/p>\n\n\n\n<p class=\"wp-block-paragraph\">Sin embargo, la ventaja del catal\u00e1n ha durado poco, ya que Brad Binder ha rodado a 1min44s255 y se ha colocado en cabeza. Mart\u00edn tambi\u00e9n ha mejorado y ahora era segundo, 0s024 m\u00e1s lento.<\/p>\n\n\n\n<p class=\"wp-block-paragraph\">A poco m\u00e1s de 13 minutos para el final, Quartararo se estrell\u00f3 en la curva 13. El franc\u00e9s abandon\u00f3 la pista andando, a pesar de los violentos impactos que sufri\u00f3 al volcar en la grava.<\/p>\n\n\n\n<p class=\"wp-block-paragraph\">Con un tiempo de 1min44s520, Pol Espargar\u00f3 ascendi\u00f3 a la sexta plaza. Vi\u00f1ales adelant\u00f3 al catal\u00e1n una posici\u00f3n m\u00e1s tarde, cuando salt\u00f3 a la segunda, s\u00f3lo 0s001 m\u00e1s r\u00e1pido que Mart\u00edn, tercero.<\/p>\n\n\n\n<figure class=\"wp-block-video\"><video class=\"video-js vjs-big-play-centered\" data-gp-vjs=\"1\" controls src=\"https:\/\/www.grandepremio.com\/br\/wp-content\/uploads\/2023\/09\/MotoGP-2023-Japao-Motegi-treino-Brad-Binder.mp4\"><\/video><figcaption class=\"wp-element-caption\">Brad Binder logr\u00f3 el r\u00e9cord de vuelta en el circuito (V\u00eddeo: MotoGP)<\/figcaption><\/figure>\n\n\n\n<p class=\"wp-block-paragraph\">A menos de diez minutos para el final, el top-14 estaba cubierto por apenas 0s360. En ese momento, Bagnaia era uno de los pilotos sin plaza provisional directa en la Q2.<\/p>\n\n\n\n<p class=\"wp-block-paragraph\">Di Giannantonio ha rodado a 1min43s947 y se ha puesto en cabeza, 0s308 mejor que Binder. Era la primera vuelta por debajo de 1min44s del d\u00eda.<\/p>\n\n\n\n<p class=\"wp-block-paragraph\">Tras una ronda de paradas en boxes, los pilotos regresaron para un ataque final. Oliveira fue el m\u00e1s r\u00e1pido, pero s\u00f3lo pudo ser quinto. Aleix se puso en cabeza, pero fue superado inmediatamente por Binder, 0s295 mejor. El 1min43s489 del sudafricano ya era el r\u00e9cord de la pista.<\/p>\n\n\n\n<p class=\"wp-block-paragraph\">Tras anularse una vuelta por exceder los l\u00edmites de la pista, Bagnaia ha rodado en 1min43s518 y se ha colocado segundo, s\u00f3lo 0s029 m\u00e1s lento que Brad. Pol Espargar\u00f3 tambi\u00e9n hab\u00eda mejorado y era noveno.<\/p>\n\n\n\n<p class=\"wp-block-paragraph\">A pocos segundos del final, Marc M\u00e1rquez ha sufrido una ca\u00edda en la curva 1, pero sali\u00f3 ileso y no sufri\u00f3 del incidente.<\/p>\n\n\n\n<figure class=\"wp-block-image size-large\"><img decoding=\"async\" src=\"https:\/\/pbs.twimg.com\/media\/F7LMZcGWcAABBnl?format=jpg&amp;name=small\" alt=\"\"\/><figcaption class=\"wp-element-caption\">Marc M\u00e1rquez cay\u00f3 en los minutos finales del entrenamiento (Foto: Reproducci\u00f3n)<\/figcaption><\/figure>\n\n\n\n<h2 class=\"wp-block-heading\" id=\"h-motogp-2023-gp-de-japon-motegi-entrenamiento\"><strong>MotoGP 2023, GP de Jap\u00f3n, Motegi, Entrenamiento:<\/strong><\/h2>\n\n\n\n<figure class=\"wp-block-table\"><table><tbody><tr><td>1<\/td><td>B BINDER<\/td><td>KTM<\/td><td>1:43.489<\/td><td>&nbsp;<\/td><\/tr><tr><td>2<\/td><td>F BAGNAIA<\/td><td>Ducati<\/td><td>1:43.518<\/td><td>+0.029<\/td><\/tr><tr><td>3<\/td><td>A ESPARGAR\u00d3<\/td><td>Aprilia<\/td><td>1:43.784<\/td><td>+0.295<\/td><\/tr><tr><td>4<\/td><td>J MART\u00cdN<\/td><td>Pramac Ducati<\/td><td>1:43.843<\/td><td>+0.354<\/td><\/tr><tr><td>5<\/td><td>M BEZZECCHI<\/td><td>VR46<\/td><td>1:43.945<\/td><td>+0.456<\/td><\/tr><tr><td>6<\/td><td>F DI GIANNANTONIO<\/td><td>Gresini Ducati<\/td><td>1:43.947<\/td><td>+0.458<\/td><\/tr><tr><td>7<\/td><td>J ZARCO<\/td><td>Pramac Ducati<\/td><td>1:44.062<\/td><td>+0.573<\/td><\/tr><tr><td>8<\/td><td>M VI\u00d1ALES<\/td><td>Aprilia<\/td><td>1:44.117<\/td><td>+0.628<\/td><\/tr><tr><td>9<\/td><td>P ESPARGAR\u00d3<\/td><td>GasGas Tech3<\/td><td>1:44.219<\/td><td>+0.730<\/td><\/tr><tr><td>10<\/td><td>J MILLER<\/td><td>KTM<\/td><td>1:44.261<\/td><td>+0.772<\/td><\/tr><tr><td>11<\/td><td>M OLIVEIRA<\/td><td>RNF Aprilia<\/td><td>1:44.317<\/td><td>+0.828<\/td><\/tr><tr><td>12<\/td><td>J MIR<\/td><td>Honda<\/td><td>1:44.428<\/td><td>+0.939<\/td><\/tr><tr><td>13<\/td><td>F QUARTARARO<\/td><td>Yamaha<\/td><td>1:44.520<\/td><td>+1.031<\/td><\/tr><tr><td>14<\/td><td>M M\u00c1RQUEZ<\/td><td>Honda<\/td><td>1:44.574<\/td><td>+1.085<\/td><\/tr><tr><td>15<\/td><td>F MORBIDELLI<\/td><td>Yamaha<\/td><td>1:44.657<\/td><td>+1.168<\/td><\/tr><tr><td>16<\/td><td>C CRUTCHLOW<\/td><td>Yamaha<\/td><td>1:44.709<\/td><td>+1.220<\/td><\/tr><tr><td>17<\/td><td>R FERN\u00c1NDEZ<\/td><td>RNF Aprilia<\/td><td>1:44.811<\/td><td>+1.322<\/td><\/tr><tr><td>18<\/td><td>T NAKAGAMI<\/td><td>LCR Honda<\/td><td>1:44.928<\/td><td>+1.439<\/td><\/tr><tr><td>19<\/td><td>A FERN\u00c1NDEZ<\/td><td>GasGas Tech3<\/td><td>1:45.231<\/td><td>+1.742<\/td><\/tr><tr><td>20<\/td><td>M PIRRO<\/td><td>Ducati<\/td><td>1:45.866<\/td><td>+2.377<\/td><\/tr><tr><td>21<\/td><td>\u00c1 RINS<\/td><td>LCR Honda<\/td><td>1:47.236<\/td><td>+3.747<\/td><\/tr><\/tbody><\/table><\/figure>\n","protected":false},"excerpt":{"rendered":"<p>Brad Binder ha marcado un tiempo de 1min43s489 para hacerse con el primer puesto en los entrenamientos de la tarde del viernes (29\u00ba) en Motegi. Francesco Bagnaia y Aleix Espargar\u00f3 han completado el top-3.<\/p>\n","protected":false},"author":0,"featured_media":1000734933,"comment_status":"closed","ping_status":"closed","sticky":false,"template":"","format":"standard","meta":{"42wp_featured_image_caption":"","42wp_featured_image_credits":"","42wp_featured_video":"","42wp_featured_image_hidden":false,"42wp_authors_list":[],"footnotes":""},"categories":[8],"tags":[1415,1488,2237,2657,6571],"42wp_author":[14239],"class_list":["post-17099","post","type-post","status-publish","format-standard","has-post-thumbnail","hentry","category-motogp","tag-brad-binder","tag-grande-premio","tag-grandepremio","tag-motogp-2023","tag-temporada-2023-motogp","42wp_author-jp-otrosky"],"_links":{"self":[{"href":"https:\/\/grandepremio.com\/es\/wp-json\/wp\/v2\/posts\/17099","targetHints":{"allow":["GET"]}}],"collection":[{"href":"https:\/\/grandepremio.com\/es\/wp-json\/wp\/v2\/posts"}],"about":[{"href":"https:\/\/grandepremio.com\/es\/wp-json\/wp\/v2\/types\/post"}],"replies":[{"embeddable":true,"href":"https:\/\/grandepremio.com\/es\/wp-json\/wp\/v2\/comments?post=17099"}],"version-history":[{"count":0,"href":"https:\/\/grandepremio.com\/es\/wp-json\/wp\/v2\/posts\/17099\/revisions"}],"wp:featuredmedia":[{"embeddable":true,"href":"https:\/\/grandepremio.com\/es\/wp-json\/wp\/v2\/media\/1000734933"}],"wp:attachment":[{"href":"https:\/\/grandepremio.com\/es\/wp-json\/wp\/v2\/media?parent=17099"}],"wp:term":[{"taxonomy":"category","embeddable":true,"href":"https:\/\/grandepremio.com\/es\/wp-json\/wp\/v2\/categories?post=17099"},{"taxonomy":"post_tag","embeddable":true,"href":"https:\/\/grandepremio.com\/es\/wp-json\/wp\/v2\/tags?post=17099"},{"taxonomy":"42wp_author","embeddable":true,"href":"https:\/\/grandepremio.com\/es\/wp-json\/wp\/v2\/42wp_author?post=17099"}],"curies":[{"name":"wp","href":"https:\/\/api.w.org\/{rel}","templated":true}]}}