{"id":17188,"date":"2023-09-23T09:54:02","date_gmt":"2023-09-23T12:54:02","guid":{"rendered":"https:\/\/grandepremio.com\/es\/2023\/09\/23\/marini-fractura-sprint-buddh-motogp\/"},"modified":"2023-09-23T09:58:54","modified_gmt":"2023-09-23T12:58:54","slug":"marini-fractura-sprint-buddh-motogp","status":"publish","type":"post","link":"https:\/\/grandepremio.com\/es\/motogp\/marini-fractura-sprint-buddh-motogp\/","title":{"rendered":"Marini se fractura clav\u00edcula tras ca\u00edda en sprint y no podr\u00e1 participar en el GP de la India"},"content":{"rendered":"\n<p class=\"wp-block-paragraph\"><strong>Luca Marini <\/strong>no participar\u00e1 en el <strong>Gran Premio de la India<\/strong> de <strong>MotoGP<\/strong> que se disputar\u00e1 este domingo en <strong>Buddh<\/strong>. El italiano sufri\u00f3 una <strong>fuerte ca\u00edda en la salida de la carrera sprint<\/strong>, golpeando la parte trasera de su compa\u00f1ero de equipo <strong>Marco Bezzecchi <\/strong>y fractur\u00e1ndose la clav\u00edcula.<\/p>\n\n\n\n<p class=\"wp-block-paragraph\"><strong>\u00a1Conoce el canal de Grande Pr\u00eamio en Espa\u00f1ol en&nbsp;<\/strong><a href=\"https:\/\/www.youtube.com\/channel\/UCDxWojGVUi9gWYhrY0pGbIQ\" target=\"_blank\" rel=\"noreferrer noopener\"><strong>YouTube<\/strong><\/a><strong>!<\/strong><br><strong>\u00a1Sigue a Grande Pr\u00eamio en Espa\u00f1ol en&nbsp;<\/strong><a href=\"https:\/\/twitter.com\/grandepremioES\" target=\"_blank\" rel=\"noreferrer noopener\"><strong>Twitter&nbsp;<\/strong><\/a><strong>y en&nbsp;<\/strong><a href=\"https:\/\/www.instagram.com\/grandepremioes\/\" target=\"_blank\" rel=\"noreferrer noopener\"><strong>Instagram<\/strong><\/a><strong>!<\/strong><\/p>\n\n\n\n<p class=\"wp-block-paragraph\">Marini part\u00eda en cuarta posici\u00f3n y fue ganando posiciones en la salida. Sin embargo, en la frenada de la primera curva, toc\u00f3 la espalda de Bezzecchi, el hombre de la pole, y sali\u00f3 despedido, golpe\u00e1ndose violentamente contra el suelo.<\/p>\n\n\n\n<figure class=\"wp-block-video\"><video class=\"video-js vjs-big-play-centered\" data-gp-vjs=\"1\" controls src=\"https:\/\/www.grandepremio.com\/br\/wp-content\/uploads\/2023\/09\/MotoGP-Sprint-largada.mp4\"><\/video><figcaption class=\"wp-element-caption\">Bezzecchi fue embestido por Marini en la largada del sprint en Buddh (V\u00eddeo: MotoGP)<\/figcaption><\/figure>\n\n\n\n<p class=\"wp-block-paragraph\">El piloto de la moto n\u00ba 10 fue trasladado inmediatamente al centro m\u00e9dico del circuito, donde se comprob\u00f3 que <strong>se hab\u00eda roto la clav\u00edcula izquierda<\/strong>. Ahora ser\u00e1 trasladado a un hospital de la regi\u00f3n para someterse a pruebas m\u00e1s detalladas. Como consecuencia,<strong> queda fuera de la carrera principal de MotoGP en la India.<\/strong><\/p>\n\n\n\n<p class=\"wp-block-paragraph\">Marini es el segundo piloto de la categor\u00eda reina del Campeonato del Mundo que sufre una lesi\u00f3n en Buddh y se pierde la carrera. Antes, <strong>\u00c1lex M\u00e1rquez <a href=\"https:\/\/grandepremio.com\/es\/\/motogp\/alex-marquez-accidente-clasificacion-gp-india-motogp-2023\/\" data-type=\"link\" data-id=\"https:\/\/grandepremio.com\/es\/\/motogp\/alex-marquez-accidente-clasificacion-gp-india-motogp-2023\/\">se fractur\u00f3 tres costillas al caerse en la Q1<\/a><\/strong> de la sesi\u00f3n clasificatoria. El espa\u00f1ol tambi\u00e9n fue trasladado al hospital para someterse a m\u00e1s pruebas.<\/p>\n\n\n\n<p class=\"wp-block-paragraph\">La salida del primer GP de India de la historia tendr\u00e1 lugar a las 7 de la ma\u00f1ana (GMT-3) de este domingo. <strong>GRANDE PR\u00caMIO <\/strong>sigue todas las actividades del Campeonato del Mundo de Motociclismo 2023.<\/p>\n","protected":false},"excerpt":{"rendered":"<p>Luca Marini sufri\u00f3 una impresionante ca\u00edda en la salida de la carrera sprint de MotoGP del fin de semana en Buddh. Como resultado, queda fuera del resto de actividades en la India.<\/p>\n","protected":false},"author":0,"featured_media":1000733211,"comment_status":"closed","ping_status":"closed","sticky":false,"template":"","format":"standard","meta":{"42wp_featured_image_caption":"","42wp_featured_image_credits":"","42wp_featured_video":"","42wp_featured_image_hidden":false,"42wp_authors_list":[],"footnotes":""},"categories":[8],"tags":[8067,1545,7656,9046,8587,1614,6011,1304,4658,2657,5237],"42wp_author":[14235],"class_list":["post-17188","post","type-post","status-publish","format-standard","has-post-thumbnail","hentry","category-motogp","tag-buddh","tag-carrera-sprint","tag-carrera-sprint-de-motogp","tag-gp-de-buddh","tag-grandepremio-moto-gp","tag-luca-marini","tag-marco-bezzecchi-luca-marini","tag-moto-gp","tag-moto-gp-2023","tag-motogp-2023","tag-presentacion-motogp-2023","42wp_author-barbara-mincioni"],"_links":{"self":[{"href":"https:\/\/grandepremio.com\/es\/wp-json\/wp\/v2\/posts\/17188","targetHints":{"allow":["GET"]}}],"collection":[{"href":"https:\/\/grandepremio.com\/es\/wp-json\/wp\/v2\/posts"}],"about":[{"href":"https:\/\/grandepremio.com\/es\/wp-json\/wp\/v2\/types\/post"}],"replies":[{"embeddable":true,"href":"https:\/\/grandepremio.com\/es\/wp-json\/wp\/v2\/comments?post=17188"}],"version-history":[{"count":0,"href":"https:\/\/grandepremio.com\/es\/wp-json\/wp\/v2\/posts\/17188\/revisions"}],"wp:featuredmedia":[{"embeddable":true,"href":"https:\/\/grandepremio.com\/es\/wp-json\/wp\/v2\/media\/1000733211"}],"wp:attachment":[{"href":"https:\/\/grandepremio.com\/es\/wp-json\/wp\/v2\/media?parent=17188"}],"wp:term":[{"taxonomy":"category","embeddable":true,"href":"https:\/\/grandepremio.com\/es\/wp-json\/wp\/v2\/categories?post=17188"},{"taxonomy":"post_tag","embeddable":true,"href":"https:\/\/grandepremio.com\/es\/wp-json\/wp\/v2\/tags?post=17188"},{"taxonomy":"42wp_author","embeddable":true,"href":"https:\/\/grandepremio.com\/es\/wp-json\/wp\/v2\/42wp_author?post=17188"}],"curies":[{"name":"wp","href":"https:\/\/api.w.org\/{rel}","templated":true}]}}