{"id":17217,"date":"2023-09-22T13:52:20","date_gmt":"2023-09-22T16:52:20","guid":{"rendered":"https:\/\/grandepremio.com\/es\/2023\/09\/22\/nio-renovacion-ticktum-sette-camara-formula-e-2024\/"},"modified":"2023-09-22T13:52:28","modified_gmt":"2023-09-22T16:52:28","slug":"nio-renovacion-ticktum-sette-camara-formula-e-2024","status":"publish","type":"post","link":"https:\/\/grandepremio.com\/es\/formula-e\/nio-renovacion-ticktum-sette-camara-formula-e-2024\/","title":{"rendered":"NIO renueva con Sette C\u00e2mara y Ticktum y va con la misma alineaci\u00f3n en la F\u00f3rmula E 2024"},"content":{"rendered":"\n<p class=\"wp-block-paragraph\"><strong>NIO <\/strong>anunci\u00f3 el viernes (22) la renovaci\u00f3n de los contratos de <strong>Dan Ticktum<\/strong> y <strong>Sergio Sette C\u00e2mara<\/strong> para la temporada 2024 de <strong>F\u00f3rmula E.<\/strong> Por segundo a\u00f1o consecutivo, el d\u00fao de pilotos compartir\u00e1 el equipo chino y ahora quiere dar un paso adelante en el campeonato.<\/p>\n\n\n\n<p class=\"wp-block-paragraph\">Ticktum viene de una temporada bastante irregular y tuvo dos sextos puestos &#8211;<strong>Ciudad del Cabo <\/strong>y<strong> M\u00f3naco<\/strong>&#8211; como sus mejores resultados en 2023, terminando el campeonato en 17\u00aa posici\u00f3n con 28 puntos. El brit\u00e1nico afronta su tercer a\u00f1o con NIO en la categor\u00eda.<\/p>\n\n\n\n<p class=\"wp-block-paragraph\">El brasile\u00f1o, por su parte, sufri\u00f3 mucho en su adaptaci\u00f3n al coche, as\u00ed como pol\u00e9micas sanciones durante la temporada 2023. Su mejor resultado fue un quinto puesto en <strong>Hyderabad <\/strong>(India). En el campeonato, acab\u00f3 vig\u00e9simo con s\u00f3lo 14 puntos.<\/p>\n\n\n\n<figure class=\"wp-block-image size-large\"><img decoding=\"async\" src=\"https:\/\/www.grandepremio.com\/br\/wp-content\/uploads\/2023\/09\/F6np4yCWMAAMKpS-1024x683.jpeg\" alt=\"\" class=\"wp-image-732443\"\/><figcaption class=\"wp-element-caption\">Sette C\u00e1mara debut\u00f3 en 2019 y Ticktum en 2021 en F\u00f3rmula E. Por segundo a\u00f1o consecutivo, compartir\u00e1n equipo (Foto: NIO)<\/figcaption><\/figure>\n\n\n\n<p class=\"wp-block-paragraph\">&#8220;Con dedicaci\u00f3n y trabajo duro, vamos a por otra temporada con NIO&#8221;, dijo Sette C\u00e2mara. Esta ser\u00e1 su quinta temporada en la F\u00f3rmula E.<\/p>\n\n\n\n<p class=\"wp-block-paragraph\"><strong><strong><strong>\u00a1Conoce el canal de Grande Pr\u00eamio en Espa\u00f1ol en\u00a0<\/strong><a href=\"https:\/\/www.youtube.com\/channel\/UCDxWojGVUi9gWYhrY0pGbIQ\" target=\"_blank\" rel=\"noreferrer noopener\"><strong>YouTube<\/strong><\/a><strong>!<\/strong><br><strong>\u00a1Sigue a Grande Pr\u00eamio en Espa\u00f1ol en\u00a0<\/strong><a href=\"https:\/\/twitter.com\/grandepremioES\" target=\"_blank\" rel=\"noreferrer noopener\"><strong>Twitter\u00a0<\/strong><\/a><strong>y en\u00a0<\/strong><a href=\"https:\/\/www.instagram.com\/grandepremioes\/\" target=\"_blank\" rel=\"noreferrer noopener\"><strong>Instagram<\/strong><\/a><strong>!<\/strong><\/strong><\/strong><\/p>\n\n\n\n<p class=\"wp-block-paragraph\">La parrilla de la categor\u00eda el\u00e9ctrica del a\u00f1o que viene va tomando forma, con s\u00f3lo cinco fabricantes de coches pendientes de confirmar su alineaci\u00f3n de pilotos. Son: <strong>Maserati, DS Penske, Mahindra, Abt Cupra y Porsche.<\/strong><\/p>\n\n\n\n<p class=\"wp-block-paragraph\">La pretemporada de la F\u00f3rmula E a\u00fan no se ha anunciado oficialmente. En octubre, la categor\u00eda tendr\u00e1 una nueva versi\u00f3n del calendario que se anunciar\u00e1 tras la reuni\u00f3n del Consejo Mundial de la FIA.<\/p>\n","protected":false},"excerpt":{"rendered":"<p>El d\u00fao cumplir\u00e1 su segundo a\u00f1o consecutivo en el equipo chino con el objetivo de ascender a la categor\u00eda el\u00e9ctrica en 2024<\/p>\n","protected":false},"author":0,"featured_media":1010209742,"comment_status":"closed","ping_status":"closed","sticky":false,"template":"","format":"standard","meta":{"42wp_featured_image_caption":"","42wp_featured_image_credits":"","42wp_featured_video":"","42wp_featured_image_hidden":false,"42wp_authors_list":[],"footnotes":""},"categories":[18],"tags":[370,462,1488,2237,5371,8345],"42wp_author":[14239],"class_list":["post-17217","post","type-post","status-publish","format-standard","has-post-thumbnail","hentry","category-formula-e","tag-dan-ticktum","tag-formula-e","tag-grande-premio","tag-grandepremio","tag-sergio-sette-camara","tag-temporada-2023-formula-e","42wp_author-jp-otrosky"],"_links":{"self":[{"href":"https:\/\/grandepremio.com\/es\/wp-json\/wp\/v2\/posts\/17217","targetHints":{"allow":["GET"]}}],"collection":[{"href":"https:\/\/grandepremio.com\/es\/wp-json\/wp\/v2\/posts"}],"about":[{"href":"https:\/\/grandepremio.com\/es\/wp-json\/wp\/v2\/types\/post"}],"replies":[{"embeddable":true,"href":"https:\/\/grandepremio.com\/es\/wp-json\/wp\/v2\/comments?post=17217"}],"version-history":[{"count":0,"href":"https:\/\/grandepremio.com\/es\/wp-json\/wp\/v2\/posts\/17217\/revisions"}],"wp:featuredmedia":[{"embeddable":true,"href":"https:\/\/grandepremio.com\/es\/wp-json\/wp\/v2\/media\/1010209742"}],"wp:attachment":[{"href":"https:\/\/grandepremio.com\/es\/wp-json\/wp\/v2\/media?parent=17217"}],"wp:term":[{"taxonomy":"category","embeddable":true,"href":"https:\/\/grandepremio.com\/es\/wp-json\/wp\/v2\/categories?post=17217"},{"taxonomy":"post_tag","embeddable":true,"href":"https:\/\/grandepremio.com\/es\/wp-json\/wp\/v2\/tags?post=17217"},{"taxonomy":"42wp_author","embeddable":true,"href":"https:\/\/grandepremio.com\/es\/wp-json\/wp\/v2\/42wp_author?post=17217"}],"curies":[{"name":"wp","href":"https:\/\/api.w.org\/{rel}","templated":true}]}}