{"id":17232,"date":"2023-09-22T05:38:55","date_gmt":"2023-09-22T08:38:55","guid":{"rendered":"https:\/\/grandepremio.com\/es\/2023\/09\/22\/norris-red-bull-normalidad-japon-pelear-segundo\/"},"modified":"2023-09-22T05:39:07","modified_gmt":"2023-09-22T08:39:07","slug":"norris-red-bull-normalidad-japon-pelear-segundo","status":"publish","type":"post","link":"https:\/\/grandepremio.com\/es\/f1\/norris-red-bull-normalidad-japon-pelear-segundo\/","title":{"rendered":"Norris ve a Red Bull &#8220;volver a la normalidad&#8221; en Jap\u00f3n y espera pelear por el segundo puesto"},"content":{"rendered":"\n<p class=\"wp-block-paragraph\">Tras haber obtenido el tercer mejor tiempo en el segundo entrenamiento libre del GP de Jap\u00f3n, <strong>Lando Norris <\/strong>coment\u00f3 estar conforme con el rendimiento del <strong>MCL60<\/strong>, que lo dej\u00f3 a 0.464s del registro que hizo <strong>Max Verstappen<\/strong>, quien domin\u00f3 las dos sesiones libres de la jornada.<\/p>\n\n\n\n<p class=\"wp-block-paragraph\">Por el momento, la distancia con el <strong>Red Bull<\/strong> es relativamente corta, pero el brit\u00e1nico mantiene la cautela, ya que su equipo necesita sumar puntos en el Mundial de Constructores. <strong>&#8220;El ritmo ha sido muy bueno hoy, probablemente uno de los m\u00e1s cercanos a Red Bull. Es alentador, a pesar de la dif\u00edcil conducci\u00f3n aqu\u00ed debido al poco agarre de la pista&#8221;<\/strong>, analiz\u00f3 el piloto de McLaren<\/p>\n\n\n\n<figure class=\"wp-block-image size-large\"><img decoding=\"async\" src=\"https:\/\/www.grandepremio.com\/br\/wp-content\/uploads\/2023\/09\/japao-2023-f1-treinos-livres-mclaren-lando-norris-02-1024x683.jpg\" alt=\"\" class=\"wp-image-732174\"\/><figcaption class=\"wp-element-caption\">Norris termin\u00f3 el viernes en Suzuka en tercera posici\u00f3n (Foto: McLaren)<\/figcaption><\/figure>\n\n\n\n<p class=\"wp-block-paragraph\">Incluso con un gran rendimiento, \u00bfes posible la pole? Para Lando, es complicado: <strong>&#8220;Es muy dif\u00edcil, despu\u00e9s de todo ellos [Red Bull] est\u00e1n rindiendo dentro de su rango normal. No creo que estemos lejos, pero luchar por la pole ser\u00e1 un gran reto<\/strong>&#8220;, afirm\u00f3.<\/p>\n\n\n\n<p class=\"wp-block-paragraph\">Como resultado, Norris ha puesto a su equipo al mismo nivel que otros tres equipos para competir por un mejor puesto en la parrilla en Jap\u00f3n. <strong>&#8220;Creo que la tarea ser\u00e1 batirnos en duelo con Mercedes, que quiz\u00e1s no han estado tan bien en la sesi\u00f3n de hoy, a diferencia de Ferrari y Aston Martin, que lo han hecho bien. Nuestra batalla en la calificaci\u00f3n est\u00e1 ah\u00ed&#8221;<\/strong>, a\u00f1adi\u00f3 el piloto.<\/p>\n\n\n\n<p class=\"wp-block-paragraph\"><strong>\u00a1Conoce el canal de Grande Pr\u00eamio en Espa\u00f1ol en&nbsp;<\/strong><a href=\"https:\/\/www.youtube.com\/channel\/UCDxWojGVUi9gWYhrY0pGbIQ\" target=\"_blank\" rel=\"noreferrer noopener\"><strong>YouTube<\/strong><\/a><strong>!<\/strong><br><strong>\u00a1Sigue a Grande Pr\u00eamio en Espa\u00f1ol en&nbsp;<\/strong><a href=\"https:\/\/twitter.com\/grandepremioES\" target=\"_blank\" rel=\"noreferrer noopener\"><strong>Twitter&nbsp;<\/strong><\/a><strong>y en&nbsp;<\/strong><a href=\"https:\/\/www.instagram.com\/grandepremioes\/\" target=\"_blank\" rel=\"noreferrer noopener\"><strong>Instagram<\/strong><\/a><strong>!<\/strong><\/p>\n\n\n\n<p class=\"wp-block-paragraph\">La<strong> F\u00f3rmula 1<\/strong> regresa a \u00faltima hora de la noche del viernes 22, a las 23:30 de Brasilia y Buenos Aires, para la tercera sesi\u00f3n de entrenamientos libres del <strong>Gran Premio de Jap\u00f3n.<\/strong><\/p>\n\n\n\n<p class=\"wp-block-paragraph\">A continuaci\u00f3n, a las 3 de la madrugada del s\u00e1bado, tendr\u00e1 lugar la sesi\u00f3n que fija la parrilla de salida de la carrera en Suzuka. <strong>GRANDE PR\u00caMIO <\/strong>sigue todas las actividades EN DIRECTO y EN TIEMPO REAL<\/p>\n","protected":false},"excerpt":{"rendered":"<p>Lando Norris dijo que el gust\u00f3 el ritmo del McLaren en los entrenamientos del Gran Premio de Jap\u00f3n y cree que su equipo estar\u00e1 en la lucha con otras tres escuder\u00edas por el segundo puesto en la clasificaci\u00f3n de Suzuka.<\/p>\n","protected":false},"author":0,"featured_media":1000732131,"comment_status":"closed","ping_status":"closed","sticky":false,"template":"","format":"standard","meta":{"42wp_featured_image_caption":"","42wp_featured_image_credits":"","42wp_featured_video":"","42wp_featured_image_hidden":false,"42wp_authors_list":[],"footnotes":""},"categories":[5],"tags":[181,179,1422,268,249,5559,269,206,3484],"42wp_author":[14237],"class_list":["post-17232","post","type-post","status-publish","format-standard","has-post-thumbnail","hentry","category-f1","tag-f1","tag-formula-1","tag-gp-de-japon","tag-lando-norris","tag-max-verstappen","tag-mcl60","tag-mclaren","tag-red-bull","tag-suzuka","42wp_author-gabriel-garcia"],"_links":{"self":[{"href":"https:\/\/grandepremio.com\/es\/wp-json\/wp\/v2\/posts\/17232","targetHints":{"allow":["GET"]}}],"collection":[{"href":"https:\/\/grandepremio.com\/es\/wp-json\/wp\/v2\/posts"}],"about":[{"href":"https:\/\/grandepremio.com\/es\/wp-json\/wp\/v2\/types\/post"}],"replies":[{"embeddable":true,"href":"https:\/\/grandepremio.com\/es\/wp-json\/wp\/v2\/comments?post=17232"}],"version-history":[{"count":0,"href":"https:\/\/grandepremio.com\/es\/wp-json\/wp\/v2\/posts\/17232\/revisions"}],"wp:featuredmedia":[{"embeddable":true,"href":"https:\/\/grandepremio.com\/es\/wp-json\/wp\/v2\/media\/1000732131"}],"wp:attachment":[{"href":"https:\/\/grandepremio.com\/es\/wp-json\/wp\/v2\/media?parent=17232"}],"wp:term":[{"taxonomy":"category","embeddable":true,"href":"https:\/\/grandepremio.com\/es\/wp-json\/wp\/v2\/categories?post=17232"},{"taxonomy":"post_tag","embeddable":true,"href":"https:\/\/grandepremio.com\/es\/wp-json\/wp\/v2\/tags?post=17232"},{"taxonomy":"42wp_author","embeddable":true,"href":"https:\/\/grandepremio.com\/es\/wp-json\/wp\/v2\/42wp_author?post=17232"}],"curies":[{"name":"wp","href":"https:\/\/api.w.org\/{rel}","templated":true}]}}