{"id":17252,"date":"2023-09-21T12:08:34","date_gmt":"2023-09-21T15:08:34","guid":{"rendered":"https:\/\/grandepremio.com\/es\/2023\/09\/21\/zona-conficto-india-honda-motogp\/"},"modified":"2023-09-21T13:26:21","modified_gmt":"2023-09-21T16:26:21","slug":"zona-conficto-india-honda-motogp","status":"publish","type":"post","link":"https:\/\/grandepremio.com\/es\/motogp\/zona-conficto-india-honda-motogp\/","title":{"rendered":"Tr\u00e1fico a\u00e9reo en zona de conflicto retrasa llegada de miembros de Honda a la India"},"content":{"rendered":"\n<p class=\"wp-block-paragraph\">El <strong>Gran Premio de la India <\/strong>no comenz\u00f3 f\u00e1cil para <strong>Honda<\/strong>. Despu\u00e9s de enfrentar problemas con la emisi\u00f3n de visas, el fabricante japon\u00e9s sufre la ausencia de tres miembros, pero por un problema diferente: <strong>el tr\u00e1fico a\u00e9reo en una zona de conflicto<\/strong>. La informaci\u00f3n fue revelada por el sitio web espa\u00f1ol Motorsport y confirmada por GRANDE PR\u00caMIO.<\/p>\n\n\n\n<p class=\"wp-block-paragraph\"><strong>\u00a1Conoce el canal de Grande Pr\u00eamio en Espa\u00f1ol en&nbsp;<\/strong><a href=\"https:\/\/www.youtube.com\/channel\/UCDxWojGVUi9gWYhrY0pGbIQ\" target=\"_blank\" rel=\"noreferrer noopener\"><strong>YouTube<\/strong><\/a><strong>!<\/strong><br><strong>\u00a1Sigue a Grande Pr\u00eamio en Espa\u00f1ol en&nbsp;<\/strong><a href=\"https:\/\/twitter.com\/grandepremioES\" target=\"_blank\" rel=\"noreferrer noopener\"><strong>Twitter&nbsp;<\/strong><\/a><strong>y en&nbsp;<\/strong><a href=\"https:\/\/www.instagram.com\/grandepremioes\/\" target=\"_blank\" rel=\"noreferrer noopener\"><strong>Instagram<\/strong><\/a><strong>!<\/strong><\/p>\n\n\n\n<p class=\"wp-block-paragraph\"><strong>Honda<\/strong> fue uno de los equipos m\u00e1s afectados por el problema en la emisi\u00f3n de visas. Hasta el lunes, solo tres de los 50 miembros del equipo ten\u00edan la documentaci\u00f3n necesaria para ingresar a la <strong>India<\/strong>. El problema se resolvi\u00f3 dos d\u00edas despu\u00e9s, pero no todos llegaron a <strong>Buddh<\/strong>.<\/p>\n\n\n\n<figure class=\"wp-block-image size-large\"><img decoding=\"async\" src=\"https:\/\/www.grandepremio.com\/br\/wp-content\/uploads\/2023\/08\/MotoGP-2023-Austria-Red-Bull-Ring-Sexta-Honda-Marc-Marquez-1024x771.jpeg\" alt=\"\" class=\"wp-image-718547\"\/><figcaption class=\"wp-element-caption\">No todos los integrantes del equipo Honda pudieron llegar al trazado de Buddh (Foto: Honda)<\/figcaption><\/figure>\n\n\n\n<p class=\"wp-block-paragraph\"><strong>Tres miembros de Honda tuvieron que cambiar de avi\u00f3n porque la ruta hacia el territorio indio cruzaba una zona de conflicto<\/strong> entre Azerbaiy\u00e1n y Armenia.<\/p>\n\n\n\n<p class=\"wp-block-paragraph\">&#8220;Ellos tuvieron un retraso y cambiaron de vuelo debido al tr\u00e1fico a\u00e9reo en una zona de conflicto&#8221;, dijo un portavoz de Honda a GRANDE PR\u00caMIO.<\/p>\n\n\n\n<p class=\"wp-block-paragraph\">El medio espa\u00f1ol detall\u00f3 que uno de los integrantes del equipo trabaja en la coordinaci\u00f3n de toda la estructura de Honda. Los otros dos son t\u00e9cnicos, uno de Marc M\u00e1rquez y otro de Joan Mir.<\/p>\n\n\n\n<p class=\"wp-block-paragraph\">El martes, <strong>Azerbaiy\u00e1n<\/strong> inici\u00f3 una operaci\u00f3n en Nagorno-Karabaj, una regi\u00f3n ubicada en la frontera con Armenia, bajo la afirmaci\u00f3n de ser una acci\u00f3n militar &#8220;contra el terrorismo&#8221;; sin embargo, expertos se\u00f1alan una limpieza \u00e9tnica. El pa\u00eds, que se encuentra en la encrucijada entre <strong>Europa del Este<\/strong> y el <strong>Sudoeste Asi\u00e1tico<\/strong>, ha declarado que no detendr\u00e1 la operaci\u00f3n hasta que la etnia de Karabaj se rinda.<\/p>\n\n\n\n<p class=\"wp-block-paragraph\">El mi\u00e9rcoles, ambos pa\u00edses anunciaron un alto el fuego, pero <strong>Azerbaiy\u00e1n<\/strong> reclam\u00f3 el control total de la regi\u00f3n separatista, que se autodenomina Rep\u00fablica de Artsakh. Nagorno-Karabaj se separ\u00f3 de Azerbaiy\u00e1n con el apoyo de Armenia en 1994, en una guerra que dej\u00f3 m\u00e1s de 30,000 muertos.<\/p>\n\n\n\n<p class=\"wp-block-paragraph\">El primer entrenamiento del&nbsp;<strong>MotoGP&nbsp;<\/strong>para el&nbsp;<strong>Gran Premio de la India<\/strong>&nbsp;en&nbsp;<em>Buddh<\/em>&nbsp;est\u00e1 programado para las 2:45 a.m. (GMT-3) del viernes. GRANDE PR\u00caMIO proporcionar\u00e1 cobertura completa del evento, as\u00ed como de las clases menores de Moto2 y Moto3.<\/p>\n","protected":false},"excerpt":{"rendered":"<p>Tres miembros del equipo de Honda a\u00fan no han podido llegar a la India debido a que tuvieron que cambiar de avi\u00f3n por el tr\u00e1fico a\u00e9reo en una zona de conflicto. La informaci\u00f3n fue revelada por el sitio web espa\u00f1ol Motorsport y confirmada por GRANDE PR\u00caMIO.<\/p>\n","protected":false},"author":0,"featured_media":1010209200,"comment_status":"closed","ping_status":"closed","sticky":false,"template":"","format":"standard","meta":{"42wp_featured_image_caption":"","42wp_featured_image_credits":"","42wp_featured_video":"","42wp_featured_image_hidden":false,"42wp_authors_list":[],"footnotes":""},"categories":[8],"tags":[8067,9046,8587,221,3687,1521,1392,1304,4658,8346],"42wp_author":[14235],"class_list":["post-17252","post","type-post","status-publish","format-standard","has-post-thumbnail","hentry","category-motogp","tag-buddh","tag-gp-de-buddh","tag-grandepremio-moto-gp","tag-honda","tag-honda-motogp","tag-joan-mir","tag-marc-marquez-2","tag-moto-gp","tag-moto-gp-2023","tag-temporada-2023-de-moto-gp","42wp_author-barbara-mincioni"],"_links":{"self":[{"href":"https:\/\/grandepremio.com\/es\/wp-json\/wp\/v2\/posts\/17252","targetHints":{"allow":["GET"]}}],"collection":[{"href":"https:\/\/grandepremio.com\/es\/wp-json\/wp\/v2\/posts"}],"about":[{"href":"https:\/\/grandepremio.com\/es\/wp-json\/wp\/v2\/types\/post"}],"replies":[{"embeddable":true,"href":"https:\/\/grandepremio.com\/es\/wp-json\/wp\/v2\/comments?post=17252"}],"version-history":[{"count":0,"href":"https:\/\/grandepremio.com\/es\/wp-json\/wp\/v2\/posts\/17252\/revisions"}],"wp:featuredmedia":[{"embeddable":true,"href":"https:\/\/grandepremio.com\/es\/wp-json\/wp\/v2\/media\/1010209200"}],"wp:attachment":[{"href":"https:\/\/grandepremio.com\/es\/wp-json\/wp\/v2\/media?parent=17252"}],"wp:term":[{"taxonomy":"category","embeddable":true,"href":"https:\/\/grandepremio.com\/es\/wp-json\/wp\/v2\/categories?post=17252"},{"taxonomy":"post_tag","embeddable":true,"href":"https:\/\/grandepremio.com\/es\/wp-json\/wp\/v2\/tags?post=17252"},{"taxonomy":"42wp_author","embeddable":true,"href":"https:\/\/grandepremio.com\/es\/wp-json\/wp\/v2\/42wp_author?post=17252"}],"curies":[{"name":"wp","href":"https:\/\/api.w.org\/{rel}","templated":true}]}}