{"id":17259,"date":"2023-09-21T09:45:56","date_gmt":"2023-09-21T12:45:56","guid":{"rendered":"https:\/\/grandepremio.com\/es\/2023\/09\/21\/marquez-niega-puntos-criticos-buddh\/"},"modified":"2023-09-21T09:46:08","modified_gmt":"2023-09-21T12:46:08","slug":"marquez-niega-puntos-criticos-buddh","status":"publish","type":"post","link":"https:\/\/grandepremio.com\/es\/motogp\/marquez-niega-puntos-criticos-buddh\/","title":{"rendered":"Marc M\u00e1rquez niega puntos &#8220;extra cr\u00edticos&#8221; en Buddh, pero ve &#8220;muchos al l\u00edmite&#8221;"},"content":{"rendered":"\n<p class=\"wp-block-paragraph\">En la conferencia de previa antes del <strong>Gran Premio de la India<\/strong>, <strong>Marc M\u00e1rquez <\/strong>coment\u00f3 que el circuito de Buddh, que volver\u00e1 a recibir un evento internacional despu\u00e9s de una d\u00e9cada, tiene puntos <em>\u201cal l\u00edmite\u201d <\/em>pero que, desde su punto de vista, no son <em>\u201cextra cr\u00edticos\u201d.<\/em><\/p>\n\n\n\n<p class=\"wp-block-paragraph\">Todo lo que rodea a la carrera en India ha sido bastante tumultuoso, desde las dudas con el circuito de Buddh, <strong>los problemas con el visado y la homologaci\u00f3n<\/strong>, hasta una llegada relativamente tranquila de casi todo el personal de MotoGP.<\/p>\n\n\n\n<p class=\"wp-block-paragraph\">Luego de una caminata durante la tarde de este jueves, <a href=\"https:\/\/grandepremio.com\/es\/\/motogp\/muros-preocupan-pilotos-sorprenden-buddh\/\" target=\"_blank\" data-type=\"link\" data-id=\"https:\/\/grandepremio.com\/es\/\/motogp\/muros-preocupan-pilotos-sorprenden-buddh\/\" rel=\"noreferrer noopener\">la mayor\u00eda de corredores reconoci\u00f3 que prejuzgaron el estado del escenario y que no es tan peligroso como se lo imaginaban.<\/a><\/p>\n\n\n\n<figure class=\"wp-block-image size-large\"><img decoding=\"async\" src=\"https:\/\/www.grandepremio.com\/br\/wp-content\/uploads\/2023\/09\/SI202309010611-1024x682.jpg\" alt=\"\" class=\"wp-image-724328\"\/><figcaption class=\"wp-element-caption\">\u00a0<br>Marc M\u00e1rquez expres\u00f3 su preocupaci\u00f3n por la seguridad de Buddh en caso de lluvia (Foto: Gold &amp; Goose\/ Red Bull Content Pool)<\/figcaption><\/figure>\n\n\n\n<p class=\"wp-block-paragraph\"><strong>Marc M\u00e1rquez<\/strong>, sin embargo, dijo que, en caso de lluvia, podr\u00eda ser un riesgo mayor, ya que las zonas de escapatoria son peque\u00f1as: <strong>&#8220;Es un circuito nuevo y hay zonas que est\u00e1n un poco al l\u00edmite. Hay que decirlo todo, pero la pista parece divertida<\/strong>. La \u00faltima curva a la derecha es un poco complicada. En seco, no creo que tengas problemas en ning\u00fan punto del circuito, <strong>pero si llueve<\/strong>, hay puntos como la curva 1, que ya veremos&#8221;.<\/p>\n\n\n\n<p class=\"wp-block-paragraph\"><strong>&#8220;En lluvia, necesitas m\u00e1s metros para frenar y hay algunos sitios complicados<\/strong>. En la \u00faltima curva a derechas, por ejemplo, ya han pintado el piano por dentro, en el asfalto, pero con eso, el muro est\u00e1 muy cerca&#8221;, apunt\u00f3. <strong>&#8220;Dir\u00eda que no hay puntos cr\u00edticos de m\u00e1s, pero hay muchos al l\u00edmite&#8221;<\/strong>, concluy\u00f3 el piloto de Honda. <\/p>\n\n\n\n<p class=\"wp-block-paragraph\"><strong>\u00a1Conoce el canal de Grande Pr\u00eamio en Espa\u00f1ol en&nbsp;<\/strong><a href=\"https:\/\/www.youtube.com\/channel\/UCDxWojGVUi9gWYhrY0pGbIQ\" target=\"_blank\" rel=\"noreferrer noopener\"><strong>YouTube<\/strong><\/a><strong>!<\/strong><br><strong>\u00a1Sigue a Grande Pr\u00eamio en Espa\u00f1ol en&nbsp;<\/strong><a href=\"https:\/\/twitter.com\/grandepremioES\" target=\"_blank\" rel=\"noreferrer noopener\"><strong>Twitter&nbsp;<\/strong><\/a><strong>y en&nbsp;<\/strong><a href=\"https:\/\/www.instagram.com\/grandepremioes\/\" target=\"_blank\" rel=\"noreferrer noopener\"><strong>Instagram<\/strong><\/a><strong>!<\/strong><\/p>\n\n\n\n<p class=\"wp-block-paragraph\">La primera sesi\u00f3n libre de <strong>MotoGP<\/strong> para el GP de la India en Buddh est\u00e1 prevista para las 2.45 del viernes, hora de Brasilia y Buenos Aires. <strong>GRANDE PR\u00caMIO<\/strong> ofrece una cobertura completa del evento.<\/p>\n","protected":false},"excerpt":{"rendered":"<p>Marc M\u00e1rquez se ha mostrado preocupado por la seguridad del circuito del GP de la India en caso de lluvia, ya que considera que algunas de las zonas de salida de pista son peque\u00f1as.<\/p>\n","protected":false},"author":0,"featured_media":1000727157,"comment_status":"closed","ping_status":"closed","sticky":false,"template":"","format":"standard","meta":{"42wp_featured_image_caption":"","42wp_featured_image_credits":"","42wp_featured_video":"","42wp_featured_image_hidden":false,"42wp_authors_list":[],"footnotes":""},"categories":[8],"tags":[8067,3387,221,1392,1764],"42wp_author":[14237],"class_list":["post-17259","post","type-post","status-publish","format-standard","has-post-thumbnail","hentry","category-motogp","tag-buddh","tag-gp-de-india","tag-honda","tag-marc-marquez-2","tag-mundial-de-motociclismo","42wp_author-gabriel-garcia"],"_links":{"self":[{"href":"https:\/\/grandepremio.com\/es\/wp-json\/wp\/v2\/posts\/17259","targetHints":{"allow":["GET"]}}],"collection":[{"href":"https:\/\/grandepremio.com\/es\/wp-json\/wp\/v2\/posts"}],"about":[{"href":"https:\/\/grandepremio.com\/es\/wp-json\/wp\/v2\/types\/post"}],"replies":[{"embeddable":true,"href":"https:\/\/grandepremio.com\/es\/wp-json\/wp\/v2\/comments?post=17259"}],"version-history":[{"count":0,"href":"https:\/\/grandepremio.com\/es\/wp-json\/wp\/v2\/posts\/17259\/revisions"}],"wp:featuredmedia":[{"embeddable":true,"href":"https:\/\/grandepremio.com\/es\/wp-json\/wp\/v2\/media\/1000727157"}],"wp:attachment":[{"href":"https:\/\/grandepremio.com\/es\/wp-json\/wp\/v2\/media?parent=17259"}],"wp:term":[{"taxonomy":"category","embeddable":true,"href":"https:\/\/grandepremio.com\/es\/wp-json\/wp\/v2\/categories?post=17259"},{"taxonomy":"post_tag","embeddable":true,"href":"https:\/\/grandepremio.com\/es\/wp-json\/wp\/v2\/tags?post=17259"},{"taxonomy":"42wp_author","embeddable":true,"href":"https:\/\/grandepremio.com\/es\/wp-json\/wp\/v2\/42wp_author?post=17259"}],"curies":[{"name":"wp","href":"https:\/\/api.w.org\/{rel}","templated":true}]}}