{"id":17287,"date":"2023-09-19T09:28:59","date_gmt":"2023-09-19T12:28:59","guid":{"rendered":"https:\/\/grandepremio.com\/es\/2023\/09\/19\/mercedes-advierte-desorden-caso-massa\/"},"modified":"2023-09-19T09:29:12","modified_gmt":"2023-09-19T12:29:12","slug":"mercedes-advierte-desorden-caso-massa","status":"publish","type":"post","link":"https:\/\/grandepremio.com\/es\/f1\/mercedes-advierte-desorden-caso-massa\/","title":{"rendered":"El jefe de Mercedes advierte del &#8220;desorden&#8221; que el &#8216;caso Massa&#8217; puede traer a la F\u00f3rmula 1"},"content":{"rendered":"\n<p class=\"wp-block-paragraph\">M\u00e1s all\u00e1 de haber admitido que sigue<em> \u201ccon inter\u00e9s\u201d <\/em>la pelea en sede judicial de <strong>Felipe Massa<\/strong> para que se lo reconozca como campe\u00f3n del mundo de la <strong>F\u00f3rmula 1<\/strong> de 2008, <strong>Toto Wolff<\/strong>, jefe de<strong> Mercedes<\/strong>, dijo que le preocupa la situaci\u00f3n desde lo deportivo. En opini\u00f3n del austriaco, existe el riesgo de que el deporte <em>&#8220;caiga en el desorden&#8221;<\/em> si salen a la luz m\u00e1s situaciones como \u00e9sta.<\/p>\n\n\n\n<p class=\"wp-block-paragraph\">Por ahora, y mientras el caso sigue empantanado en los reclamos del ex piloto de Ferrari, el austr\u00edaco declar\u00f3, cuando le preguntaron de nuevo por este asunto, que las reglas son claras, y que muchos factores deciden al campe\u00f3n al cabo de un a\u00f1o.<\/p>\n\n\n\n<figure class=\"wp-block-image size-large\"><img decoding=\"async\" src=\"https:\/\/www.grandepremio.com\/br\/wp-content\/uploads\/2023\/04\/Massa-2008-Ferrari-Media-1024x683.jpg\" alt=\"\" class=\"wp-image-674823\"\/><figcaption class=\"wp-element-caption\">Massa est\u00e1 luchando en los tribunales para que se le reconozca como campe\u00f3n de la temporada 2008 de F1 (Foto: Ferrari Media)<\/figcaption><\/figure>\n\n\n\n<p class=\"wp-block-paragraph\">A fin de cuentas, incluso el mismo<strong> Wolff cre\u00e9 que Massa no podr\u00e1 tener la raz\u00f3n<\/strong>, pese a que ello beneficiar\u00eda en su reclamo sobre el t\u00edtulo de 2021, que consideran que fue manipulado a favor de Max Verstappen: <strong>&#8220;Para ser honesto, no creo que tenga un caso. Estamos firmando el reglamento deportivo. Son bastante claros y, como titular de la licencia, adquieres un compromiso&#8221;.<\/strong><\/p>\n\n\n\n<p class=\"wp-block-paragraph\"><strong>&#8220;Si todo el mundo sacara casos a la luz, el deporte ser\u00eda un caos, especialmente cuando se trata de campeonatos completos: hay tantas cosas que influyen en que ganes o pierdas que no veo caso, sinceramente&#8221;<\/strong>, a\u00f1adi\u00f3 Toto.<\/p>\n\n\n\n<p class=\"wp-block-paragraph\">Como se dijo, la demanda de Felipe interesa en Mercedes, pero lo ven m\u00e1s parecido a una novela: <strong>&#8220;En el aspecto civil, no lo s\u00e9, evaluaremos si hay alg\u00fan da\u00f1o que se pueda reclamar. Quiz\u00e1 la reputaci\u00f3n, est\u00e1n en una posici\u00f3n dif\u00edcil. Pero para m\u00ed es como ver un culebr\u00f3n&#8221;<\/strong>.<\/p>\n\n\n\n<p class=\"wp-block-paragraph\"><strong>\u00a1Conoce el canal de Grande Pr\u00eamio en Espa\u00f1ol en&nbsp;<\/strong><a href=\"https:\/\/www.youtube.com\/channel\/UCDxWojGVUi9gWYhrY0pGbIQ\" target=\"_blank\" rel=\"noreferrer noopener\"><strong>YouTube<\/strong><\/a><strong>!<\/strong><br><strong>\u00a1Sigue a Grande Pr\u00eamio en Espa\u00f1ol en&nbsp;<\/strong><a href=\"https:\/\/twitter.com\/grandepremioES\" target=\"_blank\" rel=\"noreferrer noopener\"><strong>Twitter&nbsp;<\/strong><\/a><strong>y en&nbsp;<\/strong><a href=\"https:\/\/www.instagram.com\/grandepremioes\/\" target=\"_blank\" rel=\"noreferrer noopener\"><strong>Instagram<\/strong><\/a><strong>!<\/strong><\/p>\n\n\n\n<p class=\"wp-block-paragraph\">Hay que recordar que Felipe se basa en declaraciones, de las que despu\u00e9s se desdijo convenientemente, de<strong> Bernie Ecclestone<\/strong> de que ya sab\u00eda que se iba a manipular el GP de Singapur de 2008, que gan\u00f3 Fernando Alonso, producto del golpe de Nelsinho Piquet contra la pared durante la carrera. <strong>\u201cBusco justicia\u201d<\/strong>, sentenci\u00f3 el ex piloto de Sauber, Ferrari y Williams sobre su pelea judicial.<\/p>\n","protected":false},"excerpt":{"rendered":"<p>Toto Wolff explic\u00f3 que el reglamento deportivo de la F\u00f3rmula 1 es muy claro, por lo que no cree que Felipe Massa tenga argumentos s\u00f3lidos para reclamar el t\u00edtulo de 2008.<\/p>\n","protected":false},"author":0,"featured_media":1000729649,"comment_status":"closed","ping_status":"closed","sticky":false,"template":"","format":"standard","meta":{"42wp_featured_image_caption":"","42wp_featured_image_credits":"","42wp_featured_video":"","42wp_featured_image_hidden":false,"42wp_authors_list":[],"footnotes":""},"categories":[5],"tags":[202,181,755,185,179,8806,197,210,569],"42wp_author":[14237],"class_list":["post-17287","post","type-post","status-publish","format-standard","has-post-thumbnail","hentry","category-f1","tag-bernie-ecclestone","tag-f1","tag-felipe-massa","tag-ferrari","tag-formula-1","tag-gp-de-singapur-2008","tag-mercedes","tag-renault","tag-toto-wolff","42wp_author-gabriel-garcia"],"_links":{"self":[{"href":"https:\/\/grandepremio.com\/es\/wp-json\/wp\/v2\/posts\/17287","targetHints":{"allow":["GET"]}}],"collection":[{"href":"https:\/\/grandepremio.com\/es\/wp-json\/wp\/v2\/posts"}],"about":[{"href":"https:\/\/grandepremio.com\/es\/wp-json\/wp\/v2\/types\/post"}],"replies":[{"embeddable":true,"href":"https:\/\/grandepremio.com\/es\/wp-json\/wp\/v2\/comments?post=17287"}],"version-history":[{"count":0,"href":"https:\/\/grandepremio.com\/es\/wp-json\/wp\/v2\/posts\/17287\/revisions"}],"wp:featuredmedia":[{"embeddable":true,"href":"https:\/\/grandepremio.com\/es\/wp-json\/wp\/v2\/media\/1000729649"}],"wp:attachment":[{"href":"https:\/\/grandepremio.com\/es\/wp-json\/wp\/v2\/media?parent=17287"}],"wp:term":[{"taxonomy":"category","embeddable":true,"href":"https:\/\/grandepremio.com\/es\/wp-json\/wp\/v2\/categories?post=17287"},{"taxonomy":"post_tag","embeddable":true,"href":"https:\/\/grandepremio.com\/es\/wp-json\/wp\/v2\/tags?post=17287"},{"taxonomy":"42wp_author","embeddable":true,"href":"https:\/\/grandepremio.com\/es\/wp-json\/wp\/v2\/42wp_author?post=17287"}],"curies":[{"name":"wp","href":"https:\/\/api.w.org\/{rel}","templated":true}]}}