{"id":1741,"date":"2026-04-13T10:46:03","date_gmt":"2026-04-13T13:46:03","guid":{"rendered":"https:\/\/grandepremio.com\/es\/2026\/04\/13\/livio-suppo-honda-rivalidad-marc-marquez-pedro-acosta-ducati\/"},"modified":"2026-04-13T10:46:07","modified_gmt":"2026-04-13T13:46:07","slug":"livio-suppo-honda-rivalidad-marc-marquez-pedro-acosta-ducati","status":"publish","type":"post","link":"https:\/\/grandepremio.com\/es\/motogp\/livio-suppo-honda-rivalidad-marc-marquez-pedro-acosta-ducati\/","title":{"rendered":"Ex Honda afirma que Acosta podr\u00eda \u00abextender la carrera\u00bb de M\u00e1rquez en MotoGP"},"content":{"rendered":"\n<p class=\"wp-block-paragraph\">El exjefe de <strong>Honda, Livio Suppo<\/strong>, cree que formar equipo con <strong>Pedro Acosta<\/strong> podr\u00eda prolongar la carrera de <strong>Marc M\u00e1rquez<\/strong> en <strong>MotoGP<\/strong>. En opini\u00f3n del italiano, el #37 podr\u00eda tener en el multicampe\u00f3n el mismo efecto que <strong>Jorge Lorenzo<\/strong> tuvo en <strong>Valentino Rossi<\/strong> cuando este lleg\u00f3 a <strong>Yamaha<\/strong>.<\/p>\n\n\n\n<p class=\"wp-block-paragraph\">\ud83d\udfe5&nbsp;<strong><em>\u00a1Todas las novedades te esperan en el canal de&nbsp;<\/em><\/strong><a href=\"https:\/\/www.youtube.com\/@GrandePremioES\"><em>YouTube<\/em><\/a><strong><em>&nbsp;de Grande Pr\u00eamio en Espa\u00f1ol!<\/em><\/strong>&nbsp;\ud83d\udfe8<\/p>\n\n\n\n<p class=\"wp-block-paragraph\"><strong>Suppo<\/strong>, que actualmente es asesor de <strong>Italtrans<\/strong> en <strong>Moto2<\/strong>, cuenta con una trayectoria exitosa en <strong>MotoGP<\/strong>, ya que dirigi\u00f3 <strong>Ducati<\/strong> y <strong>Honda<\/strong>, y fue el \u00faltimo director de <strong>Suzuki <\/strong>antes de que la marca japonesa se retirara del campeonato. En una entrevista con el portal italiano <em>GPOne<\/em>, elogi\u00f3 el inicio de temporada de <strong>Acosta<\/strong>, quien ocupa el tercer lugar en el <strong>Mundial de Pilotos<\/strong>, y afirm\u00f3 que las dificultades del espa\u00f1ol en 2025 se produjeron tras su intento de romper contrato con <strong>KTM<\/strong>. <\/p>\n\n\n\n<p class=\"wp-block-paragraph\">\u00abEn mi opini\u00f3n, en 2025 sufri\u00f3 mucho por esa distracci\u00f3n que tuvo a principios de a\u00f1o, cuando intent\u00f3 deshacerse pronto de <strong>KTM<\/strong>. Eso le cost\u00f3 mucho psicol\u00f3gicamente, en el sentido de que, cuando la mente del piloto est\u00e1 en otra parte, le cuesta rendir al m\u00e1ximo\u00bb, se\u00f1al\u00f3 Suppo. <\/p>\n\n\n\n<p class=\"wp-block-paragraph\">\u00abClaramente pudo alejar esos pensamientos de su cabeza y se est\u00e1 enfocando en lo que tiene, como lo garantiza ese contrato que todo el mundo dice que tiene [con <strong>Ducati<\/strong>]\u00bb, continu\u00f3.<\/p>\n\n\n\n<p class=\"wp-block-paragraph\">\u00abSi observas la carrera de <strong>Pedro<\/strong>, queda claro que es uno de esos pilotos especiales. En <strong>Moto3 <\/strong>gan\u00f3 en su debut, pero no pudo hacerlo en <strong>Moto2 <\/strong>debido a una fractura de f\u00e9mur que sufri\u00f3 en un entrenamiento y que lo mantuvo alejado de las carreras por un tiempo. Es uno de esos que claramente tienen algo especial\u00bb, evalu\u00f3. <\/p>\n\n\n\n<p class=\"wp-block-paragraph\">\u23e9\u00a0<strong><em>\u00a1Seguinos en redes por\u00a0<\/em><\/strong><a href=\"https:\/\/twitter.com\/grandepremioES\"><em>Twitter\u00a0<\/em><\/a><strong><em>e\u00a0<\/em><\/strong><a href=\"https:\/\/www.instagram.com\/grandepremioes\/\"><em>Instagram!<br><\/em><\/a>\u23e9\u00a0<strong><em>Adem\u00e1s, tenemos nuestro\u00a0<\/em><\/strong><a href=\"https:\/\/whatsapp.com\/channel\/0029VaDZ5zb0gcfDxuwxBM05\"><em>canal de Whatsapp<\/em><\/a><strong><em>\u00a0con toda la informaci\u00f3n al instante<\/em><\/strong>\u00a0\ud83c\udfc1<\/p>\n\n\n\n<figure class=\"wp-block-image size-large\"><img decoding=\"async\" src=\"https:\/\/grandepremio.com\/es\/wp-content\/uploads\/2026\/03\/mm93_11zon-1024x683.webp\" alt=\"\" class=\"wp-image-397208\"\/><figcaption class=\"wp-element-caption\">Marc M\u00e1rquez (Foto: MotoGP)<\/figcaption><\/figure>\n\n\n\n<p class=\"wp-block-paragraph\">\u00abLuego lleg\u00f3 a <strong>MotoGP <\/strong>con una moto que no era muy competitiva. Quiz\u00e1s hace 30 a\u00f1os el piloto por s\u00ed solo pudiera marcar una gran diferencia, basta con mirar a <strong>Valentino<\/strong>, que logr\u00f3 ganar con <strong>Yamaha <\/strong>en una \u00e9poca donde <strong>Honda <\/strong>era la marca a batir. En este campeonato, te guste o no, las motos tienen un impacto mayor en el rendimiento general que el que ten\u00edan hace 20 a\u00f1os. Pero tuvo un inicio de temporada digno de aplauso\u00bb, destac\u00f3.<\/p>\n\n\n\n<p class=\"wp-block-paragraph\">Cuando se le pregunt\u00f3 c\u00f3mo reaccionar\u00eda <strong>Marc M\u00e1rquez<\/strong> al tener a <strong>Acosta <\/strong>como compa\u00f1ero de equipo en <strong>Ducati, Suppo<\/strong> respondi\u00f3: \u00abEs como cuando <strong>Yamaha <\/strong>puso a <strong>Lorenzo <\/strong>al lado de <strong>Valentino<\/strong>\u00bb.<\/p>\n\n\n\n<p class=\"wp-block-paragraph\">En 2008, <strong>Yamaha <\/strong>ascendi\u00f3 a <strong>Lorenzo<\/strong> a <strong>MotoGP <\/strong>para compartir estructura con <strong>Rossi<\/strong>. En ese momento, el #46 ya sumaba cinco t\u00edtulos en la categor\u00eda reina y no estaba nada contento de competir con el espa\u00f1ol, que era bicampe\u00f3n de 250cc.<\/p>\n\n\n\n<p class=\"wp-block-paragraph\">Aunque <strong>Suppo <\/strong>reconoce el evidente malestar de <strong>Rossi <\/strong>al tener a <strong>Lorenzo<\/strong> en el mismo garaje, el exdirigente entiende que el espa\u00f1ol tuvo un efecto positivo en la carrera del italiano: \u00ab<strong>Jorge <\/strong>prolong\u00f3 su carrera. Gan\u00f3 dos mundiales m\u00e1s\u00bb.<\/p>\n\n\n\n<figure class=\"wp-block-image size-full\"><img decoding=\"async\" src=\"https:\/\/grandepremio.com\/es\/wp-content\/uploads\/2026\/04\/article-declaraciones-rossi-lorenzo-antes-gp-valencia-2015-563b114548ec2_11zon.webp\" alt=\"\" class=\"wp-image-398176\"\/><figcaption class=\"wp-element-caption\">Livio Suppo afirma que Jorge Lorenzo devolvi\u00f3 la motivaci\u00f3n a Valentino Rossi en MotoGP (Foto: Reproducci\u00f3n)<\/figcaption><\/figure>\n\n\n\n<p class=\"wp-block-paragraph\">En opini\u00f3n de <strong>Livio<\/strong>, lo mismo podr\u00eda suceder con una uni\u00f3n entre <strong>M\u00e1rquez <\/strong>y <strong>Acosta <\/strong>bajo el mismo techo, con el <strong>Tibur\u00f3n <\/strong>actuando como un fuerte motivador para el multicampe\u00f3n.<\/p>\n\n\n\n<p class=\"wp-block-paragraph\">\u00abSer\u00eda una fuente de motivaci\u00f3n para un piloto fuerte como <strong>M\u00e1rquez<\/strong>, que es claramente un piloto de primera l\u00ednea, tal como lo era <strong>Valentino<\/strong>. Tener a un piloto joven y superr\u00e1pido a tu lado te rejuvenece, ya que saca a relucir ese esp\u00edritu luchador que, tal vez, perdiste con el paso de los a\u00f1os. No veo c\u00f3mo eso podr\u00eda afectarle a <strong>Marc<\/strong>. Al contrario\u00bb, concluy\u00f3.<\/p>\n\n\n\n<p class=\"wp-block-paragraph\"><strong>MotoGP&nbsp;<\/strong>se toma un largo descanso y regresa a la acci\u00f3n entre el 24 y el 26 de abril con el&nbsp;<strong>GP de Espa\u00f1a,<\/strong>&nbsp;en el&nbsp;<strong>Circuito de Jerez de la Frontera<\/strong>. GRANDE PREMIO en ESPA\u00d1OL realizar\u00e1 una cobertura completa del evento.<\/p>\n\n\n\n<figure class=\"wp-block-embed is-type-video is-provider-youtube wp-block-embed-youtube wp-embed-aspect-16-9 wp-has-aspect-ratio\"><div class=\"wp-block-embed__wrapper\">\n<iframe loading=\"lazy\" title=\"VERSTAPPEN, EN SU PEOR MOMENTO EN LA F\u00d3RMULA 1\" width=\"500\" height=\"281\" src=\"https:\/\/www.youtube.com\/embed\/EfpFpO_kQlk?feature=oembed\" frameborder=\"0\" allow=\"accelerometer; autoplay; clipboard-write; encrypted-media; gyroscope; picture-in-picture; web-share\" referrerpolicy=\"strict-origin-when-cross-origin\" allowfullscreen><\/iframe>\n<\/div><\/figure>\n\n\n\n<p class=\"wp-block-paragraph\"><strong>Lo \u00faltimo en MotoGP: descubre las noticias m\u00e1s importantes del d\u00eda<\/strong><\/p>\n\n\n\n<p class=\"wp-block-paragraph\">El equipo editorial de\u00a0<em>GRANDE PR\u00caMIO en ESPA\u00d1OL <\/em>ha seleccionado las noticias m\u00e1s importantes de las \u00faltimas horas para que est\u00e9s al d\u00eda de todo lo que sucede en <strong>MotoGP<\/strong>:<\/p>\n\n\n\n<p class=\"wp-block-paragraph\">\u25b6\ufe0f&nbsp;<a href=\"https:\/\/grandepremio.com\/es\/motogp\/yamaha-elige-ogura-rins-motogp-2027\/\">Yamaha se mueve y elige Ogura para sustituir a Rins en MotoGP 2027<\/a><br>\u25b6\ufe0f&nbsp;<a href=\"https:\/\/grandepremio.com\/es\/motogp\/zarco-explica-plan-honda-2027-fija-meta-motogp-2026\/\">Zarco explica el plan de Honda para 2027 y fija una meta para 2026<\/a><br>\u25b6\ufe0f&nbsp;<a href=\"https:\/\/grandepremio.com\/es\/motogp\/vinales-inseguro-futuro-motogp-aprueba-cambios\/\">Vi\u00f1ales se siente inseguro sobre su futuro en MotoGP, pero aprueba cambios<\/a><br>\u25b6\ufe0f&nbsp;<a href=\"https:\/\/grandepremio.com\/es\/motogp\/acosta-elogia-ktm-reconoce-transformacion-personal-motogp-2026\/\">Acosta elogia a KTM y reconoce su transformaci\u00f3n personal<\/a><br>\u25b6\ufe0f&nbsp;<a href=\"https:\/\/grandepremio.com\/es\/motogp\/honda-prueba-pirelli-test-privado-malasia\/\">Honda prueba neum\u00e1ticos Pirelli en test privado con nueva moto en Malasia<\/a><\/p>\n","protected":false},"excerpt":{"rendered":"<p>El exjefe de Honda, Livio Suppo, record\u00f3 la uni\u00f3n entre Valentino Rossi y Jorge Lorenzo y afirm\u00f3 que el espa\u00f1ol fue el responsable de prolongar la carrera del #46. En opini\u00f3n del italiano, la llegada de Pedro Acosta a Ducati podr\u00eda tener un efecto similar con Marc M\u00e1rquez<\/p>\n","protected":false},"author":0,"featured_media":1010398175,"comment_status":"closed","ping_status":"closed","sticky":false,"template":"","format":"standard","meta":{"42wp_featured_image_caption":"","42wp_featured_image_credits":"","42wp_featured_video":"","42wp_featured_image_hidden":false,"42wp_authors_list":[],"footnotes":""},"categories":[8],"tags":[1340,1488,221,1889,1381,1429,1392,1293,8591,1693,10693,1295,1309],"42wp_author":[14239],"class_list":["post-1741","post","type-post","status-publish","format-standard","has-post-thumbnail","hentry","category-motogp","tag-ducati","tag-grande-premio","tag-honda","tag-jorge-lorenzo","tag-ktm","tag-livio-suppo","tag-marc-marquez-2","tag-motogp","tag-motogp-2026","tag-pedro-acosta","tag-temporada-2026-motogp","tag-valentino-rossi","tag-yamaha","42wp_author-jp-otrosky"],"_links":{"self":[{"href":"https:\/\/grandepremio.com\/es\/wp-json\/wp\/v2\/posts\/1741","targetHints":{"allow":["GET"]}}],"collection":[{"href":"https:\/\/grandepremio.com\/es\/wp-json\/wp\/v2\/posts"}],"about":[{"href":"https:\/\/grandepremio.com\/es\/wp-json\/wp\/v2\/types\/post"}],"replies":[{"embeddable":true,"href":"https:\/\/grandepremio.com\/es\/wp-json\/wp\/v2\/comments?post=1741"}],"version-history":[{"count":0,"href":"https:\/\/grandepremio.com\/es\/wp-json\/wp\/v2\/posts\/1741\/revisions"}],"wp:featuredmedia":[{"embeddable":true,"href":"https:\/\/grandepremio.com\/es\/wp-json\/wp\/v2\/media\/1010398175"}],"wp:attachment":[{"href":"https:\/\/grandepremio.com\/es\/wp-json\/wp\/v2\/media?parent=1741"}],"wp:term":[{"taxonomy":"category","embeddable":true,"href":"https:\/\/grandepremio.com\/es\/wp-json\/wp\/v2\/categories?post=1741"},{"taxonomy":"post_tag","embeddable":true,"href":"https:\/\/grandepremio.com\/es\/wp-json\/wp\/v2\/tags?post=1741"},{"taxonomy":"42wp_author","embeddable":true,"href":"https:\/\/grandepremio.com\/es\/wp-json\/wp\/v2\/42wp_author?post=1741"}],"curies":[{"name":"wp","href":"https:\/\/api.w.org\/{rel}","templated":true}]}}