{"id":17421,"date":"2023-09-11T17:23:28","date_gmt":"2023-09-11T20:23:28","guid":{"rendered":"https:\/\/grandepremio.com\/es\/2023\/09\/11\/russell-mercedes-2024-proyecciones-f1\/"},"modified":"2023-09-11T17:23:36","modified_gmt":"2023-09-11T20:23:36","slug":"russell-mercedes-2024-proyecciones-f1","status":"publish","type":"post","link":"https:\/\/grandepremio.com\/es\/f1\/russell-mercedes-2024-proyecciones-f1\/","title":{"rendered":"Russell evita hacer proyecciones para 2024: &#8220;Depende de lo que hagan los dem\u00e1s&#8221;"},"content":{"rendered":"\n<p class=\"wp-block-paragraph\">Aunque desea ser competitivo para la <strong>temporada 2024 de F\u00f3rmula 1<\/strong>, <strong>George Russell<\/strong> evit\u00f3 hacer proyecciones sobre lo bueno que podr\u00eda ser el coche de <strong>Mercedes<\/strong> para el pr\u00f3ximo a\u00f1o. Seg\u00fan el brit\u00e1nico, los constantes cambios en el orden de la segunda fuerza en la parrilla y los diferentes tiempos de prueba en el t\u00fanel de viento hacen imposible cualquier tipo de predicci\u00f3n. Por lo tanto, se centr\u00f3 en enfocarse solo en su propio equipo.<\/p>\n\n\n\n<p class=\"wp-block-paragraph\"><strong>\u00a1Conoce el canal de Gran Premio en&nbsp;<a href=\"https:\/\/www.youtube.com\/c\/GrandePremioTV\" target=\"_blank\" rel=\"noreferrer noopener\">YouTube<\/a>!<br>\u00a1Sigue a Gran Premio en&nbsp;<a href=\"https:\/\/twitter.com\/granpremioes\" target=\"_blank\" rel=\"noreferrer noopener\">Twitter&nbsp;<\/a>y en&nbsp;<a href=\"https:\/\/instagram.com\/granpremio_es\" target=\"_blank\" rel=\"noreferrer noopener\">Instagram<\/a>!<\/strong><\/p>\n\n\n\n<p class=\"wp-block-paragraph\">Despu\u00e9s de que<strong> Aston Martin <\/strong>se destacara como favorito para ser la segunda fuerza al comienzo del a\u00f1o, y tras ver la gran evoluci\u00f3n de <strong>Williams<\/strong> y <strong>McLaren<\/strong> a lo largo de 2023, <strong>Russell<\/strong> afirm\u00f3 que hasta que comience la pr\u00f3xima temporada, es imposible conocer la verdadera fuerza de <strong>Mercedes<\/strong>.<\/p>\n\n\n\n<figure class=\"wp-block-image size-large\"><img decoding=\"async\" src=\"https:\/\/www.grandepremio.com\/br\/wp-content\/uploads\/2023\/09\/italia-2023-f1-corrida-mercedes-george-russell-05-1024x683.jpg\" alt=\"\" class=\"wp-image-725586\"\/><figcaption class=\"wp-element-caption\">La \u00fanica victoria de Mercedes con el nuevo reglamento fue en Brasil 2022 (Foto: Pirelli)<\/figcaption><\/figure>\n\n\n\n<p class=\"wp-block-paragraph\">&#8220;<strong>Es imposible hacer una proyecci\u00f3n porque nadie imagin\u00f3 el salto que dio Aston Martin <\/strong>durante el invierno. Nadie habr\u00eda proyectado que <strong>McLaren<\/strong> ser\u00eda el segundo o tercer coche m\u00e1s r\u00e1pido despu\u00e9s de las primeras cinco carreras, as\u00ed que lo m\u00e1s importante es que sigamos mir\u00e1ndonos a nosotros mismos y ver d\u00f3nde podemos mejorar&#8221;, declar\u00f3 Russell.<\/p>\n\n\n\n<p class=\"wp-block-paragraph\">&#8220;Creo que con la restricci\u00f3n de pruebas aerodin\u00e1micas, no es sorprendente ver a un equipo como <strong>Williams<\/strong> haciendo un buen progreso en su desarrollo, teniendo m\u00e1s tiempo en el t\u00fanel de viento&#8221;, agreg\u00f3 el <strong>#63<\/strong>.<\/p>\n\n\n\n<p class=\"wp-block-paragraph\">A pesar de saber que los rivales pueden dar un salto significativo, Russell reforz\u00f3 su confianza en el equipo y espera tener un equipo m\u00e1s fuerte para 2024.<\/p>\n\n\n\n<p class=\"wp-block-paragraph\">&#8220;<strong>Todos estos factores y, por supuesto, con el talento que tenemos en nuestro equipo, el objetivo es luchar por el campeonato el pr\u00f3ximo a\u00f1o<\/strong>. Pero no vamos a sentarnos aqu\u00ed y decir de coraz\u00f3n: &#8216;Esto es lo que podremos lograr&#8217; porque no sabemos lo que los dem\u00e1s pueden hacer&#8221;, concluy\u00f3 el piloto de Mercedes.<\/p>\n\n\n\n<p class=\"wp-block-paragraph\">La&nbsp;<strong><a href=\"https:\/\/grandepremio.com\/es\/\/f1\/\" target=\"_blank\" rel=\"noreferrer noopener\"><\/a><a href=\"https:\/\/grandepremio.com\/es\/\/f1\/\" target=\"_blank\" rel=\"noreferrer noopener\">F\u00f3rmula 1<\/a><\/strong>&nbsp;regresa la pr\u00f3xima semana los d\u00edas 15, 16 y 17 de septiembre, con el&nbsp;<strong>Gran Premio de Singapur<\/strong>, 15\u00aa prueba de la temporada 2023.<\/p>\n","protected":false},"excerpt":{"rendered":"<p>Despu\u00e9s de ver a Aston Martin y McLaren volverse m\u00e1s fuertes en poco tiempo, George Russell evit\u00f3 hacer pron\u00f3sticos sobre el posible rendimiento de Mercedes en 2024.<\/p>\n","protected":false},"author":0,"featured_media":1010204143,"comment_status":"closed","ping_status":"closed","sticky":false,"template":"","format":"standard","meta":{"42wp_featured_image_caption":"","42wp_featured_image_credits":"","42wp_featured_video":"","42wp_featured_image_hidden":false,"42wp_authors_list":[],"footnotes":""},"categories":[5],"tags":[181,2249,179,253,1488,197,4453,356,5961],"42wp_author":[14235],"class_list":["post-17421","post","type-post","status-publish","format-standard","has-post-thumbnail","hentry","category-f1","tag-f1","tag-f1-2024","tag-formula-1","tag-george-russell","tag-grande-premio","tag-mercedes","tag-mercedes-amg-f1-team","tag-russell","tag-russell-mercedes","42wp_author-barbara-mincioni"],"_links":{"self":[{"href":"https:\/\/grandepremio.com\/es\/wp-json\/wp\/v2\/posts\/17421","targetHints":{"allow":["GET"]}}],"collection":[{"href":"https:\/\/grandepremio.com\/es\/wp-json\/wp\/v2\/posts"}],"about":[{"href":"https:\/\/grandepremio.com\/es\/wp-json\/wp\/v2\/types\/post"}],"replies":[{"embeddable":true,"href":"https:\/\/grandepremio.com\/es\/wp-json\/wp\/v2\/comments?post=17421"}],"version-history":[{"count":0,"href":"https:\/\/grandepremio.com\/es\/wp-json\/wp\/v2\/posts\/17421\/revisions"}],"wp:featuredmedia":[{"embeddable":true,"href":"https:\/\/grandepremio.com\/es\/wp-json\/wp\/v2\/media\/1010204143"}],"wp:attachment":[{"href":"https:\/\/grandepremio.com\/es\/wp-json\/wp\/v2\/media?parent=17421"}],"wp:term":[{"taxonomy":"category","embeddable":true,"href":"https:\/\/grandepremio.com\/es\/wp-json\/wp\/v2\/categories?post=17421"},{"taxonomy":"post_tag","embeddable":true,"href":"https:\/\/grandepremio.com\/es\/wp-json\/wp\/v2\/tags?post=17421"},{"taxonomy":"42wp_author","embeddable":true,"href":"https:\/\/grandepremio.com\/es\/wp-json\/wp\/v2\/42wp_author?post=17421"}],"curies":[{"name":"wp","href":"https:\/\/api.w.org\/{rel}","templated":true}]}}