{"id":17448,"date":"2023-09-09T17:17:05","date_gmt":"2023-09-09T20:17:05","guid":{"rendered":"https:\/\/grandepremio.com\/es\/2023\/09\/09\/rovanpera-etapa-sabado-grecia-wrc\/"},"modified":"2023-09-09T17:17:14","modified_gmt":"2023-09-09T20:17:14","slug":"rovanpera-etapa-sabado-grecia-wrc","status":"publish","type":"post","link":"https:\/\/grandepremio.com\/es\/rally\/rovanpera-etapa-sabado-grecia-wrc\/","title":{"rendered":"Rovanper\u00e4 recupera y toma el liderazgo del Rally de Acr\u00f3polis de Grecia del WRC"},"content":{"rendered":"\n<p class=\"wp-block-paragraph\">El l\u00edder de la temporada del<strong> WRC 2023<\/strong>, <strong>Kalle Rovanper\u00e4<\/strong>, tuvo un d\u00eda de mucha suerte el s\u00e1bado en el <strong>Rally Acr\u00f3polis de Grecia<\/strong>. El piloto de <strong>Toyota<\/strong>, que vio a sus rivales alejarse al final del viernes, cont\u00f3 con la mala suerte de los principales oponentes del evento para cerrar el pen\u00faltimo d\u00eda del off-road en la primera posici\u00f3n.<\/p>\n\n\n\n<p class=\"wp-block-paragraph\"><strong>\u00a1Conoce el canal de Grande Pr\u00eamio en Espa\u00f1ol en&nbsp;<\/strong><a href=\"https:\/\/www.youtube.com\/channel\/UCDxWojGVUi9gWYhrY0pGbIQ\" target=\"_blank\" rel=\"noreferrer noopener\"><strong>YouTube<\/strong><\/a><strong>!<\/strong><br><strong>\u00a1Sigue a Grande Pr\u00eamio en Espa\u00f1ol en&nbsp;<\/strong><a href=\"https:\/\/twitter.com\/grandepremioES\" target=\"_blank\" rel=\"noreferrer noopener\"><strong>Twitter&nbsp;<\/strong><\/a><strong>y en&nbsp;<\/strong><a href=\"https:\/\/www.instagram.com\/grandepremioes\/\" target=\"_blank\" rel=\"noreferrer noopener\"><strong>Instagram<\/strong><\/a><strong>!<\/strong><\/p>\n\n\n\n<p class=\"wp-block-paragraph\">En realidad, <strong>Rovanper\u00e4 pr\u00e1cticamente asegur\u00f3 la victoria en el evento griego<\/strong> al final del s\u00e1bado. La ventaja que tiene sobre<strong> Dani Sordo<\/strong>, el segundo clasificado, es de 2 minutos y 4 segundos. Y esto despu\u00e9s de terminar el viernes 25 segundos detr\u00e1s del l\u00edder, en la tercera posici\u00f3n.<\/p>\n\n\n\n<p class=\"wp-block-paragraph\">\u00bfPero c\u00f3mo sucedi\u00f3 esto? Los dos principales rivales, <strong>Thierry Neuville<\/strong> y<strong> S\u00e9bastien Ogier<\/strong>, tuvieron problemas de suspensi\u00f3n. Neuville abandon\u00f3 el s\u00e1bado en la primera especial y entreg\u00f3 el liderato, en ese momento, a Ogier. Pero Rovanper\u00e4 era muy r\u00e1pido y se acercaba. El d\u00eda cont\u00f3 con buenas batallas entre ambos.<\/p>\n\n\n\n<figure class=\"wp-block-image size-large\"><img decoding=\"async\" src=\"https:\/\/www.grandepremio.com\/br\/wp-content\/uploads\/2023\/09\/GPF1-2-1024x576.jpg\" alt=\"\" class=\"wp-image-727770\"\/><figcaption class=\"wp-element-caption\">S\u00e9bastien Ogier tuvo problemas al final del s\u00e1bado (Foto: WRC)<\/figcaption><\/figure>\n\n\n\n<p class=\"wp-block-paragraph\">Fue en la \u00faltima especial de las seis disputadas el s\u00e1bado que Ogier tendr\u00eda un problema del mismo tipo, a\u00fan con un pinchazo en el neum\u00e1tico. Como estaba cerca del final, logr\u00f3 llevar el coche hasta el final, pero ya 9 minutos detr\u00e1s de Kalle.<\/p>\n\n\n\n<p class=\"wp-block-paragraph\">&#8220;Fue una buena pelea [con Ogier]&#8221;, declar\u00f3 Rovanper\u00e4. Claro que no es f\u00e1cil competir as\u00ed con Seb, porque estoy en la lucha por el campeonato. Pero <strong>tuvimos un buen d\u00eda, fuimos r\u00e1pidos y pudimos mantener el coche en una sola pieza<\/strong>&#8220;, coment\u00f3.<\/p>\n\n\n\n<p class=\"wp-block-paragraph\">A solo 5 segundos de Sordo, el tercer lugar fue para <strong>Elfyn Evans<\/strong>. La diferencia con <strong>Ott T\u00e4nak<\/strong>, cuarto clasificado, lleg\u00f3 a ser de casi 5 minutos.<strong> Esapekka Lappi<\/strong>, que tuvo problemas el viernes, logr\u00f3 aparecer en quinta posici\u00f3n de manera inesperada. Takamoto Katsuta, Andreas Mikkelsen, Gus Greensmith, Ogier y Yohan Rossel completaron el top 10.<\/p>\n\n\n\n<p class=\"wp-block-paragraph\">El domingo contar\u00e1 con las tres especiales finales para definir al ganador del<em> <\/em><strong>Rally Acr\u00f3polis de Grecia<\/strong>. En este momento, despu\u00e9s de nueve de las 13 etapas del <strong>WRC 2023<\/strong>, Rovanper\u00e4 lidera con 170 puntos, seguido por Evans con 145 y Neuville con 134. Despu\u00e9s del Rally Acr\u00f3polis de Grecia, el campeonato visitar\u00e1 Chile, Alemania y Jap\u00f3n.<\/p>\n","protected":false},"excerpt":{"rendered":"<p>Kalle Rovanper\u00e4 vio a Thierry Neuville y S\u00e9bastien Ogier salir de la contienda con problemas de suspensi\u00f3n y se acerca a la victoria en Grecia.<\/p>\n","protected":false},"author":0,"featured_media":1000727769,"comment_status":"closed","ping_status":"closed","sticky":false,"template":"","format":"standard","meta":{"42wp_featured_image_caption":"","42wp_featured_image_credits":"","42wp_featured_video":"","42wp_featured_image_hidden":false,"42wp_authors_list":[],"footnotes":""},"categories":[9],"tags":[1749,8375,8276,8924,2270,1226,5175],"42wp_author":[14235],"class_list":["post-17448","post","type-post","status-publish","format-standard","has-post-thumbnail","hentry","category-rally","tag-dani-sordo","tag-fia-wrc","tag-grande-premio-wrc","tag-grecia-2","tag-kalle-rovanpera","tag-wrc","tag-wrc-2023","42wp_author-barbara-mincioni"],"_links":{"self":[{"href":"https:\/\/grandepremio.com\/es\/wp-json\/wp\/v2\/posts\/17448","targetHints":{"allow":["GET"]}}],"collection":[{"href":"https:\/\/grandepremio.com\/es\/wp-json\/wp\/v2\/posts"}],"about":[{"href":"https:\/\/grandepremio.com\/es\/wp-json\/wp\/v2\/types\/post"}],"replies":[{"embeddable":true,"href":"https:\/\/grandepremio.com\/es\/wp-json\/wp\/v2\/comments?post=17448"}],"version-history":[{"count":0,"href":"https:\/\/grandepremio.com\/es\/wp-json\/wp\/v2\/posts\/17448\/revisions"}],"wp:featuredmedia":[{"embeddable":true,"href":"https:\/\/grandepremio.com\/es\/wp-json\/wp\/v2\/media\/1000727769"}],"wp:attachment":[{"href":"https:\/\/grandepremio.com\/es\/wp-json\/wp\/v2\/media?parent=17448"}],"wp:term":[{"taxonomy":"category","embeddable":true,"href":"https:\/\/grandepremio.com\/es\/wp-json\/wp\/v2\/categories?post=17448"},{"taxonomy":"post_tag","embeddable":true,"href":"https:\/\/grandepremio.com\/es\/wp-json\/wp\/v2\/tags?post=17448"},{"taxonomy":"42wp_author","embeddable":true,"href":"https:\/\/grandepremio.com\/es\/wp-json\/wp\/v2\/42wp_author?post=17448"}],"curies":[{"name":"wp","href":"https:\/\/api.w.org\/{rel}","templated":true}]}}