{"id":17498,"date":"2023-09-06T11:44:28","date_gmt":"2023-09-06T14:44:28","guid":{"rendered":"https:\/\/grandepremio.com\/es\/2023\/09\/06\/tsunoda-descarta-estres-incertidumbre-alphatauri\/"},"modified":"2023-09-06T11:44:37","modified_gmt":"2023-09-06T14:44:37","slug":"tsunoda-descarta-estres-incertidumbre-alphatauri","status":"publish","type":"post","link":"https:\/\/grandepremio.com\/es\/f1\/tsunoda-descarta-estres-incertidumbre-alphatauri\/","title":{"rendered":"Tsunoda descarta estr\u00e9s por incertidumbre en AlphaTauri: &#8220;Menos preocupado que en 2022&#8221;"},"content":{"rendered":"\n<p class=\"wp-block-paragraph\"><strong>AlphaTauri<\/strong> atraviesa un a\u00f1o muy malo en sus resultados deportivos. Es el equipo que menos puntos sum\u00f3 en la <strong>F1 2023<\/strong>, con apenas tres, todos a cargo de <strong>Yuki Tsunoda<\/strong>, y hasta tres pilotos se subieron al segundo coche de la escuder\u00eda en <strong>Faenza.<\/strong><\/p>\n\n\n\n<p class=\"wp-block-paragraph\">En medio de una <strong>notable incertidumbre <\/strong>con respecto al futuro, Yuki Tsunoda no est\u00e1 nervioso por extender el contrato con el equipo, que tendr\u00e1 cambios grandes para la temporada 2024, ya que <strong>Laurent Mekies tomar\u00e1 el lugar de Franz Tost como jefe de equipo<\/strong>.<\/p>\n\n\n\n<p class=\"wp-block-paragraph\">Seg\u00fan el piloto japon\u00e9s, la situaci\u00f3n es diferente a la de los \u00faltimos a\u00f1os, cuando el proceso de ampliaci\u00f3n de su contrato era bastante m\u00e1s tenso: &#8220;Estoy menos preocupado que el a\u00f1o pasado. Como he dicho, <strong>creo que estoy en una posici\u00f3n muy diferente como piloto en comparaci\u00f3n con 2022<\/strong>. Hasta ahora, s\u00f3lo he o\u00eddo decir a Red Bull que est\u00e1n contentos, pero s\u00e9 que puedo mejorar. <strong>S\u00e9 que puedo dar un gran paso para ser mejor piloto&#8221;.<\/strong><\/p>\n\n\n\n<figure class=\"wp-block-image size-large\"><img decoding=\"async\" src=\"https:\/\/www.grandepremio.com\/br\/wp-content\/uploads\/2023\/09\/italia-2023-f1-corrida-alphatauri-yuki-tsunoda-01-1024x696.jpg\" alt=\"\" class=\"wp-image-725628\"\/><figcaption class=\"wp-element-caption\">Tsunoda ya ha tenido a De Vries, Ricciardo y Lawson como compa\u00f1eros de equipo en 2023 (Foto: Red Bull Content Pool)<\/figcaption><\/figure>\n\n\n\n<p class=\"wp-block-paragraph\"><strong>&#8220;As\u00ed que no estoy realmente preocupado por ello. No estoy estresado por ello. Mi atenci\u00f3n se centra en lo que ellos [AlphaTauri] quieren mejorar, y s\u00e9 d\u00f3nde hacerlo&#8221;<\/strong>, enfatiz\u00f3 el piloto nip\u00f3n.<\/p>\n\n\n\n<p class=\"wp-block-paragraph\">Si bien hasta ahora el rendimiento del AlphaTauri no es el mejor en 2023, Tsunoda considera que las dificultades hacen de \u00e9l un mejor piloto: <strong>\u201cEs algo bueno para m\u00ed. Siempre me han dado un objetivo claro para mejorar. As\u00ed que me centro en esas cosas. Es bueno para m\u00ed que quieran que sea un buen piloto. As\u00ed que s\u00ed, todo va bien\u201d.<\/strong><\/p>\n\n\n\n<p class=\"wp-block-paragraph\">Adem\u00e1s, el equipo despidi\u00f3 a<strong> Nyck De Vries <\/strong>al cabo de diez carreras, <strong>Daniel Ricciardo<\/strong> se subi\u00f3 en su lugar y dur\u00f3 dos carreras por una lesi\u00f3n en la FP2 del Gran Premio de Pa\u00edses Bajos, mientras que <strong>Liam Lawson <\/strong>fue ascendido desde el programa junios de Red Bull y logr\u00f3 el mejor resultado del otro <strong>AT04<\/strong> este a\u00f1o: el 11mo lugar en Monza.<\/p>\n\n\n\n<p class=\"wp-block-paragraph\"><strong>Tsunoda<\/strong> afirm\u00f3 que el constante cambio de compa\u00f1eros no afecta tanto a los objetivos que debe alcanzar, pero reconoci\u00f3 que la falta de estabilidad es algo negativo para el equipo. Por otro lado, alab\u00f3 el trabajo realizado por Ricciardo y Lawson.<\/p>\n\n\n\n<figure class=\"wp-block-image size-large\"><img decoding=\"async\" src=\"https:\/\/www.grandepremio.com\/br\/wp-content\/uploads\/2023\/09\/Yuki-Tsunoda-Italia-1024x576.jpg\" alt=\"\" class=\"wp-image-725512\"\/><figcaption class=\"wp-element-caption\">En la \u00faltima ronda en Monza, Tsunoda tuvo problemas y ni siquiera tom\u00f3 la salida (Foto: reproducci\u00f3n\/F1 TV)<\/figcaption><\/figure>\n\n\n\n<p class=\"wp-block-paragraph\">&#8220;Creo que al final s\u00f3lo tengo que centrarme en lo que tengo que hacer. <strong>Es lo mismo: sumar puntos, conseguir buenos resultados<\/strong>. Obviamente, dir\u00eda que,<strong> para el equipo, no ayuda<\/strong>. No es f\u00e1cil cambiar de piloto en una semana, es muy dif\u00edcil&#8221;, admiti\u00f3.<\/p>\n\n\n\n<p class=\"wp-block-paragraph\"><strong>&#8220;Pero creo que Liam [Lawson] est\u00e1 haciendo su parte, y todos los pilotos han hecho un buen trabajo hasta ahora<\/strong>, como Daniel [Ricciardo]. Daniel empez\u00f3 a adaptarse mejor y tuvo una buena sesi\u00f3n justo antes del desafortunado accidente [con Piastri]. Liam simplemente se meti\u00f3 en la FP3 y lo hizo bien en la clasificaci\u00f3n y en la carrera. <strong>Creo que todos estamos trabajando bien. No es tan f\u00e1cil, pero no es tan diferente para m\u00ed&#8221;<\/strong>, dijo Yuki sobre sus compa\u00f1eros.<\/p>\n\n\n\n<p class=\"wp-block-paragraph\"><strong>\u00a1Conoce el canal de Grande Pr\u00eamio en Espa\u00f1ol en&nbsp;<\/strong><a href=\"https:\/\/www.youtube.com\/channel\/UCDxWojGVUi9gWYhrY0pGbIQ\" target=\"_blank\" rel=\"noreferrer noopener\"><strong>YouTube<\/strong><\/a><strong>!<\/strong><br><strong>\u00a1Sigue a Grande Pr\u00eamio en Espa\u00f1ol en&nbsp;<\/strong><a href=\"https:\/\/twitter.com\/grandepremioES\" target=\"_blank\" rel=\"noreferrer noopener\"><strong>Twitter&nbsp;<\/strong><\/a><strong>y en&nbsp;<\/strong><a href=\"https:\/\/www.instagram.com\/grandepremioes\/\" target=\"_blank\" rel=\"noreferrer noopener\"><strong>Instagram<\/strong><\/a><strong>!<\/strong><\/p>\n\n\n\n<p class=\"wp-block-paragraph\">Por \u00faltimo, el #22 habl\u00f3 de su abandono antes de la largada del <strong>GP de Italia:<\/strong> &#8220;Primero o\u00ed un ruido que ven\u00eda de la caja de cambios, un ruido de motor. <strong>Despu\u00e9s de eso, ya no sent\u00ed el motor, ni nada que viniera de mi unidad de potencia o de la caja de cambios&#8221;.<\/strong><\/p>\n","protected":false},"excerpt":{"rendered":"<p>Todav\u00eda sin un asiento garantizado en AlphaTauri para 2024, Yuki Tsunoda dijo que este a\u00f1o se encuentra en una situaci\u00f3n diferente en el equipo y asegur\u00f3 que no hay ansiedad por renovar su contrato.<\/p>\n","protected":false},"author":0,"featured_media":1000725629,"comment_status":"closed","ping_status":"closed","sticky":false,"template":"","format":"standard","meta":{"42wp_featured_image_caption":"","42wp_featured_image_credits":"","42wp_featured_video":"","42wp_featured_image_hidden":false,"42wp_authors_list":[],"footnotes":""},"categories":[5],"tags":[508,4645,181,179,673,279,645,206,368],"42wp_author":[14237],"class_list":["post-17498","post","type-post","status-publish","format-standard","has-post-thumbnail","hentry","category-f1","tag-alphatauri","tag-at04","tag-f1","tag-formula-1","tag-gp-de-italia","tag-liam-lawson","tag-monza","tag-red-bull","tag-yuki-tsunoda","42wp_author-gabriel-garcia"],"_links":{"self":[{"href":"https:\/\/grandepremio.com\/es\/wp-json\/wp\/v2\/posts\/17498","targetHints":{"allow":["GET"]}}],"collection":[{"href":"https:\/\/grandepremio.com\/es\/wp-json\/wp\/v2\/posts"}],"about":[{"href":"https:\/\/grandepremio.com\/es\/wp-json\/wp\/v2\/types\/post"}],"replies":[{"embeddable":true,"href":"https:\/\/grandepremio.com\/es\/wp-json\/wp\/v2\/comments?post=17498"}],"version-history":[{"count":0,"href":"https:\/\/grandepremio.com\/es\/wp-json\/wp\/v2\/posts\/17498\/revisions"}],"wp:featuredmedia":[{"embeddable":true,"href":"https:\/\/grandepremio.com\/es\/wp-json\/wp\/v2\/media\/1000725629"}],"wp:attachment":[{"href":"https:\/\/grandepremio.com\/es\/wp-json\/wp\/v2\/media?parent=17498"}],"wp:term":[{"taxonomy":"category","embeddable":true,"href":"https:\/\/grandepremio.com\/es\/wp-json\/wp\/v2\/categories?post=17498"},{"taxonomy":"post_tag","embeddable":true,"href":"https:\/\/grandepremio.com\/es\/wp-json\/wp\/v2\/tags?post=17498"},{"taxonomy":"42wp_author","embeddable":true,"href":"https:\/\/grandepremio.com\/es\/wp-json\/wp\/v2\/42wp_author?post=17498"}],"curies":[{"name":"wp","href":"https:\/\/api.w.org\/{rel}","templated":true}]}}