{"id":17506,"date":"2023-09-05T13:42:32","date_gmt":"2023-09-05T16:42:32","guid":{"rendered":"https:\/\/grandepremio.com\/es\/2023\/09\/05\/aprilia-motogp-titulo-rivola\/"},"modified":"2023-09-05T13:42:40","modified_gmt":"2023-09-05T16:42:40","slug":"aprilia-motogp-titulo-rivola","status":"publish","type":"post","link":"https:\/\/grandepremio.com\/es\/motogp\/aprilia-motogp-titulo-rivola\/","title":{"rendered":"Rivola asegura que Aprilia necesita &#8220;dos a\u00f1os m\u00e1s&#8221; para lograr el t\u00edtulo de MotoGP"},"content":{"rendered":"\n<p class=\"wp-block-paragraph\"><strong>Massimo Rivola<\/strong>, director ejecutivo de <strong>Aprilia<\/strong>, afirm\u00f3 que la marca de Noale <strong>necesita &#8220;dos a\u00f1os m\u00e1s<\/strong>&#8221; para crecer lo suficiente como <strong>para conquistar el t\u00edtulo de MotoGP<\/strong>. El directivo destac\u00f3 que dej\u00f3 la <strong>F\u00f3rmula 1 <\/strong>por la clase reina del<strong> Campeonato Mundial de Motociclismo<\/strong> con el claro objetivo de levantar el trofeo de la categor\u00eda.<\/p>\n\n\n\n<p class=\"wp-block-paragraph\"><strong>\u00a1Conoce el canal de Grande Pr\u00eamio en Espa\u00f1ol en&nbsp;<\/strong><a href=\"https:\/\/www.youtube.com\/channel\/UCDxWojGVUi9gWYhrY0pGbIQ\" target=\"_blank\" rel=\"noreferrer noopener\"><strong>YouTube<\/strong><\/a><strong>!<\/strong><br><strong>\u00a1Sigue a Grande Pr\u00eamio en Espa\u00f1ol en&nbsp;<\/strong><a href=\"https:\/\/twitter.com\/grandepremioES\" target=\"_blank\" rel=\"noreferrer noopener\"><strong>Twitter&nbsp;<\/strong><\/a><strong>y en&nbsp;<\/strong><a href=\"https:\/\/www.instagram.com\/grandepremioes\/\" target=\"_blank\" rel=\"noreferrer noopener\"><strong>Instagram<\/strong><\/a><strong>!<\/strong><\/p>\n\n\n\n<p class=\"wp-block-paragraph\">En el <strong>Gran Premio de Catalu\u00f1a<\/strong>, <strong>Aprilia<\/strong> logr\u00f3 su<strong> primera victoria doble<\/strong> en la historia de <strong>MotoGP<\/strong>, con <strong>Aleix Espargar\u00f3 <\/strong>superando a <strong>Maverick Vi\u00f1ales<\/strong>. El a\u00f1o pasado, la RS-GP ya hab\u00eda mostrado un crecimiento significativo, llegando incluso a so\u00f1ar con el t\u00edtulo.<\/p>\n\n\n\n<p class=\"wp-block-paragraph\">En una entrevista con el peri\u00f3dico espa\u00f1ol Marca, <strong>Rivola destac\u00f3 que ve a Aprilia en el camino correcto <\/strong>hacia la victoria y celebr\u00f3 el crecimiento de Vi\u00f1ales, ya que considera la estabilidad como un punto clave. Adem\u00e1s, Massimo tambi\u00e9n expres\u00f3 su confianza en <strong>Miguel Oliveira<\/strong> y <strong>Ra\u00fal Fern\u00e1ndez<\/strong>, pilotos del equipo RNF, el equipo sat\u00e9lite.<\/p>\n\n\n\n<figure class=\"wp-block-image size-large\"><img decoding=\"async\" src=\"https:\/\/www.grandepremio.com\/br\/wp-content\/uploads\/2022\/08\/062-1024x682.jpg\" alt=\"\" class=\"wp-image-602162\"\/><figcaption class=\"wp-element-caption\">Maverick Vi\u00f1ales ha hecho sentir orgulloso a Massimo Rivola (Foto: Aprilia)<\/figcaption><\/figure>\n\n\n\n<p class=\"wp-block-paragraph\">Cuando se le pregunt\u00f3 cu\u00e1l es su plan para el equipo, Rivola fue claro: &#8220;Vine a Aprilia porque quer\u00eda ganar el Campeonato del Mundo con Aprilia. <strong>\u00bfCu\u00e1ndo ganaremos? Para m\u00ed, necesitamos dos a\u00f1os m\u00e1s para crecer adecuadamente<\/strong>&#8220;.<\/p>\n\n\n\n<p class=\"wp-block-paragraph\">&#8220;Ser\u00e1 interesante ver lo que sucede hasta 2025 con el mercado de pilotos, porque creo mucho en la estabilidad. Por eso me gusta ver el crecimiento de Maverick, que termina cada carrera cada vez m\u00e1s fuerte, los resultados est\u00e1n llegando de manera m\u00e1s consistente&#8221;, destac\u00f3. &#8220;Aleix est\u00e1 en una forma espectacular. L\u00f3gicamente, conoce la moto como nadie, porque ha estado con nosotros durante muchos a\u00f1os. Pero<strong> es hermoso ver a un Maverick tan fuerte y tambi\u00e9n ver al equipo sat\u00e9lite que, especialmente con Miguel, pero estoy seguro de que tambi\u00e9n Ra\u00fal llegar\u00e1<\/strong>&#8220;, agreg\u00f3.<\/p>\n\n\n\n<p class=\"wp-block-paragraph\"><strong><a href=\"https:\/\/www.grandepremio.com\/br\/motogp\/\" target=\"_blank\" rel=\"noreferrer noopener\">MotoGP<\/a><\/strong>&nbsp;reanudar\u00e1 su actividad el fin de semana del 10 de septiembre, con los GP de San Marino y Riviera de Rimini, que se celebrar\u00e1n en Misano.&nbsp;<strong>GRANDE PR\u00caMIO<\/strong>&nbsp;ofrece una cobertura completa del evento.<\/p>\n","protected":false},"excerpt":{"rendered":"<p>En una entrevista con el peri\u00f3dico espa\u00f1ol Marca, Massimo Rivola reafirm\u00f3 que se uni\u00f3 a Aprilia con el objetivo de conquistar el t\u00edtulo de MotoGP con el equipo. El director ejecutivo celebr\u00f3 la fortaleza de Aleix Espargar\u00f3, pero se mostr\u00f3 muy contento de ver el crecimiento de Maverick Vi\u00f1ales.<\/p>\n","protected":false},"author":0,"featured_media":1000725784,"comment_status":"closed","ping_status":"closed","sticky":false,"template":"","format":"standard","meta":{"42wp_featured_image_caption":"","42wp_featured_image_credits":"","42wp_featured_video":"","42wp_featured_image_hidden":false,"42wp_authors_list":[],"footnotes":""},"categories":[8],"tags":[1394,3460,3611,4701,1304,4658,5502,8346],"42wp_author":[14235],"class_list":["post-17506","post","type-post","status-publish","format-standard","has-post-thumbnail","hentry","category-motogp","tag-aprilia","tag-calendario-motogp-2023","tag-campeon-motogp","tag-massimo-rivola","tag-moto-gp","tag-moto-gp-2023","tag-rnf-aprilia","tag-temporada-2023-de-moto-gp","42wp_author-barbara-mincioni"],"_links":{"self":[{"href":"https:\/\/grandepremio.com\/es\/wp-json\/wp\/v2\/posts\/17506","targetHints":{"allow":["GET"]}}],"collection":[{"href":"https:\/\/grandepremio.com\/es\/wp-json\/wp\/v2\/posts"}],"about":[{"href":"https:\/\/grandepremio.com\/es\/wp-json\/wp\/v2\/types\/post"}],"replies":[{"embeddable":true,"href":"https:\/\/grandepremio.com\/es\/wp-json\/wp\/v2\/comments?post=17506"}],"version-history":[{"count":0,"href":"https:\/\/grandepremio.com\/es\/wp-json\/wp\/v2\/posts\/17506\/revisions"}],"wp:featuredmedia":[{"embeddable":true,"href":"https:\/\/grandepremio.com\/es\/wp-json\/wp\/v2\/media\/1000725784"}],"wp:attachment":[{"href":"https:\/\/grandepremio.com\/es\/wp-json\/wp\/v2\/media?parent=17506"}],"wp:term":[{"taxonomy":"category","embeddable":true,"href":"https:\/\/grandepremio.com\/es\/wp-json\/wp\/v2\/categories?post=17506"},{"taxonomy":"post_tag","embeddable":true,"href":"https:\/\/grandepremio.com\/es\/wp-json\/wp\/v2\/tags?post=17506"},{"taxonomy":"42wp_author","embeddable":true,"href":"https:\/\/grandepremio.com\/es\/wp-json\/wp\/v2\/42wp_author?post=17506"}],"curies":[{"name":"wp","href":"https:\/\/api.w.org\/{rel}","templated":true}]}}