{"id":1758,"date":"2026-04-12T09:14:10","date_gmt":"2026-04-12T12:14:10","guid":{"rendered":"https:\/\/grandepremio.com\/es\/2026\/04\/12\/leclerc-confiesa-mentira-su-padre-en-sus-ultimos-dias-acuerdo-ferrari\/"},"modified":"2026-04-12T09:14:14","modified_gmt":"2026-04-12T12:14:14","slug":"leclerc-confiesa-mentira-su-padre-en-sus-ultimos-dias-acuerdo-ferrari","status":"publish","type":"post","link":"https:\/\/grandepremio.com\/es\/f1\/leclerc-confiesa-mentira-su-padre-en-sus-ultimos-dias-acuerdo-ferrari\/","title":{"rendered":"Leclerc confiesa mentira a su padre &#8220;en sus \u00faltimos d\u00edas&#8221; sobre acuerdo con Ferrari"},"content":{"rendered":"\n<p class=\"wp-block-paragraph\"><strong>Charles Leclerc<\/strong> era la figura m\u00e1s destacada de la <strong>F\u00f3rmula 2<\/strong> en <strong>2017<\/strong> y se encaminaba r\u00e1pidamente hacia la <strong>F\u00f3rmula 1<\/strong>, pero su vida personal atravesaba un momento extremadamente dif\u00edcil: su padre, <strong>Herv\u00e9 Leclerc<\/strong>, luchaba contra el c\u00e1ncer y se encontraba en estado cr\u00edtico. En medio de la desesperaci\u00f3n, el piloto dijo una mentira que tiempo despu\u00e9s se har\u00eda realidad.<\/p>\n\n\n\n<p class=\"wp-block-paragraph\">En una entrevista para el podcast italiano <em>BSMT<\/em>, Leclerc record\u00f3 la situaci\u00f3n. Con Herv\u00e9 al borde de la muerte, afirm\u00f3 haber firmado un contrato con el equipo m\u00e1s tradicional del automovilismo.<\/p>\n\n\n\n<p class=\"wp-block-paragraph\">\ud83d\udfe5&nbsp;<strong><em>\u00a1Todas las novedades te esperan en el canal de&nbsp;<\/em><\/strong><a href=\"https:\/\/www.youtube.com\/@GrandePremioES\"><em>YouTube<\/em><\/a><strong><em>&nbsp;de Grande Pr\u00eamio en Espa\u00f1ol!<\/em><\/strong>&nbsp;\ud83d\udfe8<\/p>\n\n\n\n<figure class=\"wp-block-embed is-type-rich is-provider-gestor-del-servicio wp-block-embed-gestor-del-servicio wp-embed-aspect-16-9 wp-has-aspect-ratio\"><div class=\"wp-block-embed__wrapper\">\nhttps:\/\/youtube.com\/watch?v=EfpFpO_kQlk%3Fversion%3D3%26rel%3D1%26showsearch%3D0%26showinfo%3D1%26iv_load_policy%3D1%26fs%3D1%26hl%3Des-ES%26autohide%3D2%26wmode%3Dtransparent\n<\/div><\/figure>\n\n\n\n<p class=\"wp-block-paragraph\">\u00abSab\u00eda que eran sus \u00faltimos d\u00edas, as\u00ed que dije que hab\u00eda firmado con Ferrari. Era mentira, pero era algo muy importante para \u00e9l\u00bb, confes\u00f3.<\/p>\n\n\n\n<p class=\"wp-block-paragraph\">No sucedi\u00f3. En junio de ese a\u00f1o, Herv\u00e9 falleci\u00f3 y Charles tuvo que viajar a <strong>Azerbaiy\u00e1n<\/strong> para disputar otra etapa de la temporada. Dos d\u00edas despu\u00e9s de la muerte de su padre, gan\u00f3 la primera carrera del fin de semana y llor\u00f3 en el cockpit. Poco despu\u00e9s, se concret\u00f3 el acuerdo con Ferrari, lo que lo llev\u00f3 a unirse a <strong>Sauber<\/strong> en la F1 en <strong>2018<\/strong>. Para <strong>2019<\/strong>, ya pilotaba para la escuder\u00eda de <strong>Maranello<\/strong> y estaba ganando carreras.<\/p>\n\n\n\n<p class=\"wp-block-paragraph\">El monegasco tambi\u00e9n record\u00f3 otra mentira que le cont\u00f3 a su padre. Era todav\u00eda un ni\u00f1o cuando sucedi\u00f3, pero le permiti\u00f3 dar sus primeras vueltas en un kart.<\/p>\n\n\n\n<figure class=\"wp-block-image size-large\"><img decoding=\"async\" src=\"https:\/\/grandepremio.com\/es\/wp-content\/uploads\/2026\/03\/testes-pre-temporada-f1-2026-ferrari-charles-leclerc-01-7-e1771511541857-1024x648.webp\" alt=\"\" class=\"wp-image-396193\"\/><figcaption class=\"wp-element-caption\">Charles Leclerc record\u00f3 cuando le minti\u00f3 a su padre sobre una acuerdo con Ferrari.  (Foto: AFP)<\/figcaption><\/figure>\n\n\n\n<p class=\"wp-block-paragraph\">\u23e9&nbsp;<strong><em>\u00a1Seguinos en redes por&nbsp;<\/em><\/strong><a href=\"https:\/\/twitter.com\/grandepremioES\"><em>Twitter&nbsp;<\/em><\/a><strong><em>e&nbsp;<\/em><\/strong><a href=\"https:\/\/www.instagram.com\/grandepremioes\/\"><em>Instagram!<br><\/em><\/a>\u23e9&nbsp;<strong><em>Adem\u00e1s, tenemos nuestro&nbsp;<\/em><\/strong><a href=\"https:\/\/whatsapp.com\/channel\/0029VaDZ5zb0gcfDxuwxBM05\"><em>canal de Whatsapp<\/em><\/a><strong><em>&nbsp;con toda la informaci\u00f3n al instante<\/em><\/strong>&nbsp;\ud83c\udfc1<\/p>\n\n\n\n<p class=\"wp-block-paragraph\">\u00abTen\u00eda tres a\u00f1os y medio y no quer\u00eda ir a la escuela, as\u00ed que fing\u00ed estar enfermo. Casualmente, mi padre tuvo que ir a una pista de karts, que era administrada por su mejor amigo, el padre de <strong>Jules Bianchi<\/strong> (<strong>Philippe Bianchi<\/strong>), y me llev\u00f3 con \u00e9l\u00bb, dijo.<\/p>\n\n\n\n<p class=\"wp-block-paragraph\">\u00abCuando llegu\u00e9 a la pista, ya no me sent\u00eda mal. Di mi primera vuelta en un kart que estaba unido a otro por una cuerda. Pero segu\u00ed solo y segu\u00ed hasta que me qued\u00e9 sin gasolina\u00bb, record\u00f3.<\/p>\n\n\n\n<p class=\"wp-block-paragraph\">La&nbsp;<strong>F\u00f3rmula 1<\/strong>&nbsp;entra en un receso tras la suspensi\u00f3n de los&nbsp;<strong>Grandes Premios de Bahr\u00e9in<\/strong>&nbsp;y&nbsp;<strong>Arabia Saudita<\/strong>, y regresar\u00e1 del 1 al 3 de mayo con el&nbsp;<strong>Gran Premio de Miami<\/strong>.<\/p>\n\n\n\n<p class=\"wp-block-paragraph\"><strong><u>F1 hoy: descubre aqu\u00ed las noticias m\u00e1s importantes del d\u00eda en la F\u00f3rmula 1<\/u><\/strong><\/p>\n\n\n\n<p class=\"wp-block-paragraph\">El equipo editorial de&nbsp;<em>GRANDE PR\u00caMIO en espa\u00f1ol<\/em>&nbsp;ha seleccionado las noticias m\u00e1s importantes de las \u00faltimas horas para que est\u00e9s al d\u00eda de todo lo que sucede en la F1:<\/p>\n\n\n\n<p class=\"wp-block-paragraph\">\u25b6\ufe0f&nbsp;<a href=\"https:\/\/grandepremio.com\/es\/f1\/van-amersfoort-varrone-busca-lugar-como-12-equipo-f1\/\">El Van Amersfoort de Varrone busca lugar como 12\u00b0 equipo en la F1<\/a><br>\u25b6\ufe0f&nbsp;<a href=\"https:\/\/grandepremio.com\/es\/f1\/hamilton-completa-casi-900-km-tests-neumaticos-lluvia-fiorano-f1-2026\/\">Hamilton completa casi 900 km de tests con neum\u00e1ticos de lluvia en Fiorano<\/a><br>\u25b6\ufe0f&nbsp;<a href=\"https:\/\/grandepremio.com\/es\/f1\/sainz-revela-preveia-problemas-williams-f1-2026\/\">Sainz revela que preve\u00eda los problemas de Williams en la F1 2026<\/a><br>\u25b6\ufe0f&nbsp;<a href=\"https:\/\/grandepremio.com\/es\/f1\/mclaren-confirma-fichaje-lambiase-red-bull-f1-2026\/\" target=\"_blank\" rel=\"noreferrer noopener\"><\/a><a href=\"https:\/\/grandepremio.com\/es\/f1\/piastri-critica-como-prensa-trato-duelo-norris-f1-2025\/\">Piastri critica c\u00f3mo la prensa trat\u00f3 el duelo con Norris en la F1 2025<\/a><br>\u25b6\ufe0f&nbsp;<a href=\"https:\/\/grandepremio.com\/es\/f1\/informacion-exhibicion-franco-colapinto-alpine-f1-2026\/\" target=\"_blank\" rel=\"noreferrer noopener\">Exhibici\u00f3n de Colapinto en Buenos Aires: entradas, horario y transmisi\u00f3n<\/a><\/p>\n","protected":false},"excerpt":{"rendered":"<p>Charles Leclerc record\u00f3 haberle mentido a su padre, que estaba al borde de la muerte, sobre un acuerdo con Ferrari. El contrato se alcanz\u00f3 tiempo despu\u00e9s.<\/p>\n","protected":false},"author":0,"featured_media":1010394376,"comment_status":"closed","ping_status":"closed","sticky":false,"template":"","format":"standard","meta":{"42wp_featured_image_caption":"","42wp_featured_image_credits":"","42wp_featured_video":"","42wp_featured_image_hidden":false,"42wp_authors_list":[],"footnotes":""},"categories":[5],"tags":[247,1680,185,179,211,3084,3050,3537],"42wp_author":[14240],"class_list":["post-1758","post","type-post","status-publish","format-standard","has-post-thumbnail","hentry","category-f1","tag-charles-leclerc","tag-f1-2026","tag-ferrari","tag-formula-1","tag-formula-2","tag-herve-leclerc","tag-jules-bianchi","tag-philippe-bianchi","42wp_author-ignacio-bogado"],"_links":{"self":[{"href":"https:\/\/grandepremio.com\/es\/wp-json\/wp\/v2\/posts\/1758","targetHints":{"allow":["GET"]}}],"collection":[{"href":"https:\/\/grandepremio.com\/es\/wp-json\/wp\/v2\/posts"}],"about":[{"href":"https:\/\/grandepremio.com\/es\/wp-json\/wp\/v2\/types\/post"}],"replies":[{"embeddable":true,"href":"https:\/\/grandepremio.com\/es\/wp-json\/wp\/v2\/comments?post=1758"}],"version-history":[{"count":0,"href":"https:\/\/grandepremio.com\/es\/wp-json\/wp\/v2\/posts\/1758\/revisions"}],"wp:featuredmedia":[{"embeddable":true,"href":"https:\/\/grandepremio.com\/es\/wp-json\/wp\/v2\/media\/1010394376"}],"wp:attachment":[{"href":"https:\/\/grandepremio.com\/es\/wp-json\/wp\/v2\/media?parent=1758"}],"wp:term":[{"taxonomy":"category","embeddable":true,"href":"https:\/\/grandepremio.com\/es\/wp-json\/wp\/v2\/categories?post=1758"},{"taxonomy":"post_tag","embeddable":true,"href":"https:\/\/grandepremio.com\/es\/wp-json\/wp\/v2\/tags?post=1758"},{"taxonomy":"42wp_author","embeddable":true,"href":"https:\/\/grandepremio.com\/es\/wp-json\/wp\/v2\/42wp_author?post=1758"}],"curies":[{"name":"wp","href":"https:\/\/api.w.org\/{rel}","templated":true}]}}