{"id":17587,"date":"2023-09-01T18:12:38","date_gmt":"2023-09-01T21:12:38","guid":{"rendered":"https:\/\/grandepremio.com\/es\/2023\/09\/01\/albon-williams-monza-fp2-f1\/"},"modified":"2023-09-01T18:12:46","modified_gmt":"2023-09-01T21:12:46","slug":"albon-williams-monza-fp2-f1","status":"publish","type":"post","link":"https:\/\/grandepremio.com\/es\/f1\/albon-williams-monza-fp2-f1\/","title":{"rendered":"Albon vaticina a Williams &#8220;en la pelea&#8221; tras FP2 en Monza pero se mantiene realista"},"content":{"rendered":"\n<figure class=\"wp-block-embed is-type-video is-provider-youtube wp-block-embed-youtube wp-embed-aspect-16-9 wp-has-aspect-ratio\"><div class=\"wp-block-embed__wrapper\">\n<iframe loading=\"lazy\" title=\"FERRARI LLEGA AL GP DE ITALIA CON ILUSI\u00d3N E INCERTIDUMBRE\" width=\"500\" height=\"281\" src=\"https:\/\/www.youtube.com\/embed\/kOMBrkIryYU?feature=oembed\" frameborder=\"0\" allow=\"accelerometer; autoplay; clipboard-write; encrypted-media; gyroscope; picture-in-picture; web-share\" referrerpolicy=\"strict-origin-when-cross-origin\" allowfullscreen><\/iframe>\n<\/div><\/figure>\n\n\n\n<p class=\"wp-block-paragraph\"><strong>Alexander Albon<\/strong> cerr\u00f3 el viernes en <strong>Monza<\/strong> con otro gran resultado. El s\u00e9ptimo lugar muestra que el tailand\u00e9s sigue mejorando en la temporada y que, en una clasificaci\u00f3n diferente como la de este fin de semana, puede so\u00f1ar con un buen lugar en la parrilla.<\/p>\n\n\n\n<p class=\"wp-block-paragraph\"><strong>\u00a1Conoce el canal de Grande Pr\u00eamio en Espa\u00f1ol en&nbsp;<\/strong><a href=\"https:\/\/www.youtube.com\/channel\/UCDxWojGVUi9gWYhrY0pGbIQ\" target=\"_blank\" rel=\"noreferrer noopener\"><strong>YouTube<\/strong><\/a><strong>!<\/strong><br><strong>\u00a1Sigue a Grande Pr\u00eamio en Espa\u00f1ol en&nbsp;<\/strong><a href=\"https:\/\/twitter.com\/grandepremioES\" target=\"_blank\" rel=\"noreferrer noopener\"><strong>Twitter&nbsp;<\/strong><\/a><strong>y en&nbsp;<\/strong><a href=\"https:\/\/www.instagram.com\/grandepremioes\/\" target=\"_blank\" rel=\"noreferrer noopener\"><strong>Instagram<\/strong><\/a><strong>!<\/strong><\/p>\n\n\n\n<p class=\"wp-block-paragraph\">El piloto de <strong>Williams<\/strong> analiz\u00f3 el rendimiento en Italia y<strong> se mantuvo con los pies en la tierra para no deslumbrarse con el rendimiento en los entrenamientos libres<\/strong>. &#8220;Lo importante es que <strong>estamos en la lucha<\/strong>, aunque hay problemas que sent\u00ed en el coche, pero nada que no se pueda solucionar. Veremos en la FP3 de ma\u00f1ana&#8221;, declar\u00f3.<\/p>\n\n\n\n<figure class=\"wp-block-image size-large\"><img decoding=\"async\" src=\"https:\/\/www.grandepremio.com\/br\/wp-content\/uploads\/2023\/09\/italia-2023-f1-treinos-livres-williams-alexander-albon-01-1-1024x576.jpg\" alt=\"\" class=\"wp-image-724203\"\/><figcaption class=\"wp-element-caption\">Albon termin\u00f3 s\u00e9ptimo la FP2en Monza (Foto: Reprodu\u00e7\u00e3o\/F1)<\/figcaption><\/figure>\n\n\n\n<p class=\"wp-block-paragraph\"><strong>La clasificaci\u00f3n ser\u00e1 como en Hungr\u00eda<\/strong>, donde se utilizar\u00e1n neum\u00e1ticos duros en el Q1, medios en el Q2 y blandos en el Q3. Y para tener \u00e9xito en la sesi\u00f3n,<strong> Albon ya ha realizado ajustes pensando en esta nueva configuraci\u00f3n<\/strong>. &#8220;Estamos haciendo una prueba alternativa para la mayor\u00eda de las personas, simplemente tratando de asegurarnos de comprender los compuestos del Q2, ya que eso ser\u00e1 fundamental para la preparaci\u00f3n del Q3&#8221;.<\/p>\n\n\n\n<p class=\"wp-block-paragraph\">Para este fin de semana,<strong> todos los coches tendr\u00e1n ajustes de poco downforce<\/strong> y, en opini\u00f3n de Alex, esto no es bueno para ninguno de los pilotos. Por lo tanto, ser\u00e1 necesario estudiar mucho a sus oponentes para lograr una buena posici\u00f3n en la parrilla.<\/p>\n\n\n\n<p class=\"wp-block-paragraph\">&#8220;<strong>Necesitamos esta evaluaci\u00f3n para ayudarnos a comprender d\u00f3nde queremos estar este fin de semana<\/strong>. No quiero hablar antes de tiempo, pero a pesar de todo esto, el coche parece bueno&#8221;, concluy\u00f3 Albon.<\/p>\n\n\n\n<p class=\"wp-block-paragraph\">La actividad continuar\u00e1 este s\u00e1bado, con el tercer ensayo y la clasificaci\u00f3n del\u00a0<strong>GP de Italia.<\/strong>\u00a0<strong>Grande Pr\u00eamio en Espa\u00f1ol<\/strong>\u00a0sigue\u00a0<strong>EN VIVO Y EN TIEMPO REAL<\/strong>\u00a0todas las actividades del Mundial de\u00a0<a href=\"https:\/\/grandepremio.com\/es\/\/f1\/\" target=\"_blank\" rel=\"noreferrer noopener\"><\/a><a href=\"https:\/\/grandepremio.com\/es\/\/f1\/\" target=\"_blank\" rel=\"noreferrer noopener\"><\/a><a href=\"https:\/\/grandepremio.com\/es\/\/f1\/\" target=\"_blank\" rel=\"noreferrer noopener\"><\/a><a href=\"https:\/\/grandepremio.com\/es\/\/f1\/\" target=\"_blank\" rel=\"noreferrer noopener\"><\/a><a href=\"https:\/\/grandepremio.com\/es\/\/f1\/\" target=\"_blank\" rel=\"noreferrer noopener\"><\/a><a href=\"https:\/\/grandepremio.com\/es\/\/f1\/\" target=\"_blank\" rel=\"noreferrer noopener\"><\/a><a href=\"https:\/\/grandepremio.com\/es\/\/f1\/\" target=\"_blank\" rel=\"noreferrer noopener\"><\/a><a href=\"https:\/\/grandepremio.com\/es\/\/f1\/\" target=\"_blank\" rel=\"noreferrer noopener\"><\/a><a href=\"https:\/\/grandepremio.com\/es\/\/f1\/\" target=\"_blank\" rel=\"noreferrer noopener\"><\/a><a href=\"https:\/\/grandepremio.com\/es\/\/f1\/\" target=\"_blank\" rel=\"noreferrer noopener\"><\/a><a href=\"https:\/\/grandepremio.com\/es\/\/f1\/\" target=\"_blank\" rel=\"noreferrer noopener\"><\/a><a href=\"https:\/\/grandepremio.com\/es\/\/f1\/\" target=\"_blank\" rel=\"noreferrer noopener\"><\/a><a href=\"https:\/\/grandepremio.com\/es\/\/f1\/\" target=\"_blank\" rel=\"noreferrer noopener\"><\/a><a href=\"https:\/\/grandepremio.com\/es\/\/f1\/\" target=\"_blank\" rel=\"noreferrer noopener\"><\/a><a href=\"https:\/\/grandepremio.com\/es\/\/f1\/\" target=\"_blank\" rel=\"noreferrer noopener\"><\/a><a href=\"https:\/\/grandepremio.com\/es\/\/f1\/\" target=\"_blank\" rel=\"noreferrer noopener\"><\/a><a href=\"https:\/\/grandepremio.com\/es\/\/f1\/\" target=\"_blank\" rel=\"noreferrer noopener\"><\/a><a href=\"https:\/\/grandepremio.com\/es\/\/f1\/\" target=\"_blank\" rel=\"noreferrer noopener\"><\/a><a href=\"https:\/\/grandepremio.com\/es\/\/f1\/\" target=\"_blank\" rel=\"noreferrer noopener\">F\u00f3rmula 1<\/a>.<\/p>\n\n\n\n<figure class=\"wp-block-embed is-type-video is-provider-youtube wp-block-embed-youtube wp-embed-aspect-16-9 wp-has-aspect-ratio\"><div class=\"wp-block-embed__wrapper\">\n<iframe loading=\"lazy\" title=\"MERCEDES ACLARA EL PANORAMA EN F1 Y RENUEVA CONTRATO DE SU DUPLA HASTA 2025\" width=\"500\" height=\"281\" src=\"https:\/\/www.youtube.com\/embed\/iLN0U9TeF8w?feature=oembed\" frameborder=\"0\" allow=\"accelerometer; autoplay; clipboard-write; encrypted-media; gyroscope; picture-in-picture; web-share\" referrerpolicy=\"strict-origin-when-cross-origin\" allowfullscreen><\/iframe>\n<\/div><\/figure>\n","protected":false},"excerpt":{"rendered":"<p>El tailand\u00e9s ha estado evolucionando a lo largo de la temporada 2023 de la F\u00f3rmula 1 y siente que, a pesar de algunos problemas, tiene un coche capaz de lograr una gran clasificaci\u00f3n en Monza.<\/p>\n","protected":false},"author":0,"featured_media":1000724466,"comment_status":"closed","ping_status":"closed","sticky":false,"template":"","format":"standard","meta":{"42wp_featured_image_caption":"","42wp_featured_image_credits":"","42wp_featured_video":"","42wp_featured_image_hidden":false,"42wp_authors_list":[],"footnotes":""},"categories":[5],"tags":[7814,262,293,181,1676,179,8792],"42wp_author":[14235],"class_list":["post-17587","post","type-post","status-publish","format-standard","has-post-thumbnail","hentry","category-f1","tag-albon-williams","tag-alex-albon","tag-alexander-albon","tag-f1","tag-f1-2023","tag-formula-1","tag-monza-2023","42wp_author-barbara-mincioni"],"_links":{"self":[{"href":"https:\/\/grandepremio.com\/es\/wp-json\/wp\/v2\/posts\/17587","targetHints":{"allow":["GET"]}}],"collection":[{"href":"https:\/\/grandepremio.com\/es\/wp-json\/wp\/v2\/posts"}],"about":[{"href":"https:\/\/grandepremio.com\/es\/wp-json\/wp\/v2\/types\/post"}],"replies":[{"embeddable":true,"href":"https:\/\/grandepremio.com\/es\/wp-json\/wp\/v2\/comments?post=17587"}],"version-history":[{"count":0,"href":"https:\/\/grandepremio.com\/es\/wp-json\/wp\/v2\/posts\/17587\/revisions"}],"wp:featuredmedia":[{"embeddable":true,"href":"https:\/\/grandepremio.com\/es\/wp-json\/wp\/v2\/media\/1000724466"}],"wp:attachment":[{"href":"https:\/\/grandepremio.com\/es\/wp-json\/wp\/v2\/media?parent=17587"}],"wp:term":[{"taxonomy":"category","embeddable":true,"href":"https:\/\/grandepremio.com\/es\/wp-json\/wp\/v2\/categories?post=17587"},{"taxonomy":"post_tag","embeddable":true,"href":"https:\/\/grandepremio.com\/es\/wp-json\/wp\/v2\/tags?post=17587"},{"taxonomy":"42wp_author","embeddable":true,"href":"https:\/\/grandepremio.com\/es\/wp-json\/wp\/v2\/42wp_author?post=17587"}],"curies":[{"name":"wp","href":"https:\/\/api.w.org\/{rel}","templated":true}]}}