{"id":17588,"date":"2023-09-01T18:04:40","date_gmt":"2023-09-01T21:04:40","guid":{"rendered":"https:\/\/grandepremio.com\/es\/2023\/09\/01\/f3-colapinto-hitech-carlin-monza\/"},"modified":"2023-09-01T18:34:57","modified_gmt":"2023-09-01T21:34:57","slug":"f3-colapinto-hitech-carlin-monza","status":"publish","type":"post","link":"https:\/\/grandepremio.com\/es\/f3\/f3-colapinto-hitech-carlin-monza\/","title":{"rendered":"Colapinto se beneficia con sanciones y largar\u00e1 adelante en sprint de F3 en Monza"},"content":{"rendered":"\n<p class=\"wp-block-paragraph\">La <strong>F\u00f3rmula 3<\/strong> tuvo una <a href=\"https:\/\/grandepremio.com\/es\/\/f3\/bortoleto-campeon-clasificacion-caotica-monza-colapinto\/\" data-type=\"link\" data-id=\"https:\/\/grandepremio.com\/es\/\/f3\/bortoleto-campeon-clasificacion-caotica-monza-colapinto\/\">ca\u00f3tica clasificaci\u00f3n<\/a> este viernes en <strong>Italia<\/strong>. Con tres interrupciones por banderas rojas en pista el final fue bastante abrupto dando por ganador a Oliver Goethe, qui\u00e9n qued\u00f3 primero de todas maneras. <strong>Gabriel Bortoleto<\/strong> se consagr\u00f3 campe\u00f3n prematuramente pero las emociones de la categor\u00eda de ascenso siguieron despu\u00e9s de finalizada la carrera. <\/p>\n\n\n\n<p class=\"wp-block-paragraph\"><strong>\u00a1Conoce el canal de Grande Pr\u00eamio en Espa\u00f1ol en&nbsp;<\/strong><a href=\"https:\/\/www.youtube.com\/channel\/UCDxWojGVUi9gWYhrY0pGbIQ\" target=\"_blank\" rel=\"noreferrer noopener\"><strong>YouTube<\/strong><\/a><strong>!<\/strong><br><strong>\u00a1Sigue a Grande Pr\u00eamio en Espa\u00f1ol en&nbsp;<\/strong><a href=\"https:\/\/twitter.com\/grandepremioES\" target=\"_blank\" rel=\"noreferrer noopener\"><strong>Twitter&nbsp;<\/strong><\/a><strong>y en&nbsp;<\/strong><a href=\"https:\/\/www.instagram.com\/grandepremioes\/\" target=\"_blank\" rel=\"noreferrer noopener\"><strong>Instagram<\/strong><\/a><strong>!<\/strong><\/p>\n\n\n\n<p class=\"wp-block-paragraph\">Por un lado, los pilotos del equipo <strong>Hitech<\/strong> fueron descalificados y sus tiempos retirados, debido a que realizaron cambios despu\u00e9s de que se dispusiera el parque cerrado por el accidente que ocasion\u00f3 la \u00faltima interrupci\u00f3n de la tanda. Por este motivo, <strong>Sebasti\u00e1n Montoya<\/strong>, <strong>Gabriele Min\u00ec<\/strong> y <strong>Luke Browning <\/strong>fueron descalificados. <\/p>\n\n\n\n<figure class=\"wp-block-image size-full\"><img decoding=\"async\" src=\"https:\/\/www.grandepremio.com\/br\/wp-content\/uploads\/2023\/08\/SI202307210604.jpg\" alt=\"\" class=\"wp-image-189487\"\/><figcaption class=\"wp-element-caption\">Montoya fue uno de los descalificados en F3 (Foto: Red Bull Content Pool)<\/figcaption><\/figure>\n\n\n\n<p class=\"wp-block-paragraph\">Adem\u00e1s, los coches del equipo <strong>Carlin<\/strong> de <strong>Francesco Simonazzi<\/strong> e<strong> Igor Cohen<\/strong> tambi\u00e9n fueron descalificados por lo mismo mientras que <strong>Oliver Gray <\/strong>s\u00f3lo recibi\u00f3 una penalidad de tres lugares para la pr\u00f3xima carrera. <\/p>\n\n\n\n<p class=\"wp-block-paragraph\">De \u00e9sta manera, la grilla del sprint sufrir\u00e1 algunos cambios para este s\u00e1bado: incialmente la posici\u00f3n privilegiada iba a quedar en manos de <strong>Gr\u00e9goire Saucy<\/strong> pero con las actualizaciones, la categor\u00eda anunci\u00f3 que <strong>Franco Colapinto<\/strong> ser\u00e1 quien largue primero el sprint. <\/p>\n\n\n\n<p class=\"wp-block-paragraph\">Despu\u00e9s de la investigaci\u00f3n de lo sucedido en el r\u00e9gimen de parque cerrado, la <strong>F\u00f3rmula 3 <\/strong>determin\u00f3 las penalizaciones a los equipos en la noche de Italia. La carrera sprint est\u00e1 prevista para este s\u00e1bado a las 4:25 de la ma\u00f1ana (GMT -3).<\/p>\n\n\n\n<figure class=\"wp-block-image size-full is-resized\"><img loading=\"lazy\" decoding=\"async\" src=\"https:\/\/grandepremio.com\/es\/\/wp-content\/uploads\/2023\/09\/image.png\" alt=\"\" class=\"wp-image-200131\" style=\"width:854px;height:751px\" width=\"854\" height=\"751\"\/><figcaption class=\"wp-element-caption\">As\u00ed queda la grilla de salida actualizada con las penalizaciones (Foto: Reproducci\u00f3n\/F3)<\/figcaption><\/figure>\n\n\n\n<p class=\"wp-block-paragraph\"><\/p>\n\n\n\n<p class=\"wp-block-paragraph\"><\/p>\n\n\n\n<p class=\"wp-block-paragraph\"><\/p>\n\n\n\n<p class=\"wp-block-paragraph\"><\/p>\n\n\n\n<p class=\"wp-block-paragraph\">  <\/p>\n","protected":false},"excerpt":{"rendered":"<p>Tras las sanciones a los pilotos de los equipos Carlin y Hitech, Franco Colapinto qued\u00f3 en la posici\u00f3n 12\u00ba que le garantiza el primer caj\u00f3n de largada del sprint de F\u00f3rmula 3 este s\u00e1bado en Monza<\/p>\n","protected":false},"author":0,"featured_media":1010200107,"comment_status":"closed","ping_status":"closed","sticky":false,"template":"","format":"standard","meta":{"42wp_featured_image_caption":"","42wp_featured_image_credits":"","42wp_featured_video":"","42wp_featured_image_hidden":false,"42wp_authors_list":[],"footnotes":""},"categories":[4],"tags":[1128,3657,814,645,8792,8790,2408],"42wp_author":[14235],"class_list":["post-17588","post","type-post","status-publish","format-standard","has-post-thumbnail","hentry","category-f3","tag-formula-3","tag-formula-3-2023","tag-franco-colapinto","tag-monza","tag-monza-2023","tag-monza-f3","tag-mp-motorsports","42wp_author-barbara-mincioni"],"_links":{"self":[{"href":"https:\/\/grandepremio.com\/es\/wp-json\/wp\/v2\/posts\/17588","targetHints":{"allow":["GET"]}}],"collection":[{"href":"https:\/\/grandepremio.com\/es\/wp-json\/wp\/v2\/posts"}],"about":[{"href":"https:\/\/grandepremio.com\/es\/wp-json\/wp\/v2\/types\/post"}],"replies":[{"embeddable":true,"href":"https:\/\/grandepremio.com\/es\/wp-json\/wp\/v2\/comments?post=17588"}],"version-history":[{"count":0,"href":"https:\/\/grandepremio.com\/es\/wp-json\/wp\/v2\/posts\/17588\/revisions"}],"wp:featuredmedia":[{"embeddable":true,"href":"https:\/\/grandepremio.com\/es\/wp-json\/wp\/v2\/media\/1010200107"}],"wp:attachment":[{"href":"https:\/\/grandepremio.com\/es\/wp-json\/wp\/v2\/media?parent=17588"}],"wp:term":[{"taxonomy":"category","embeddable":true,"href":"https:\/\/grandepremio.com\/es\/wp-json\/wp\/v2\/categories?post=17588"},{"taxonomy":"post_tag","embeddable":true,"href":"https:\/\/grandepremio.com\/es\/wp-json\/wp\/v2\/tags?post=17588"},{"taxonomy":"42wp_author","embeddable":true,"href":"https:\/\/grandepremio.com\/es\/wp-json\/wp\/v2\/42wp_author?post=17588"}],"curies":[{"name":"wp","href":"https:\/\/api.w.org\/{rel}","templated":true}]}}