{"id":17600,"date":"2023-09-01T13:48:54","date_gmt":"2023-09-01T16:48:54","guid":{"rendered":"https:\/\/grandepremio.com\/es\/2023\/09\/01\/aprilia-entrenamiento-catalunya-espargaro-motos\/"},"modified":"2023-09-01T13:56:19","modified_gmt":"2023-09-01T16:56:19","slug":"aprilia-entrenamiento-catalunya-espargaro-motos","status":"publish","type":"post","link":"https:\/\/grandepremio.com\/es\/motogp\/aprilia-entrenamiento-catalunya-espargaro-motos\/","title":{"rendered":"Aleix Espargar\u00f3 reitera el poder de Aprilia y lidera viernes de MotoGP en Catalu\u00f1a"},"content":{"rendered":"\n<p class=\"wp-block-paragraph\">En una exhibici\u00f3n espectacular de poder\u00edo de <strong>Aprilia<\/strong> una vez m\u00e1s, <strong>Aleix Espargar\u00f3<\/strong> lider\u00f3 el d\u00eda de pr\u00e1cticas del <strong>Gran Premio de Catalu\u00f1a<\/strong> de <strong>MotoGP<\/strong> al establecer un nuevo r\u00e9cord de pista en el <strong>Circuito de Barcelona-Catalu\u00f1a<\/strong>. <\/p>\n\n\n\n<p class=\"wp-block-paragraph\"><strong>\u00a1Conoce el canal de Grande Pr\u00eamio en Espa\u00f1ol en&nbsp;<\/strong><a href=\"https:\/\/www.youtube.com\/channel\/UCDxWojGVUi9gWYhrY0pGbIQ\" target=\"_blank\" rel=\"noreferrer noopener\"><strong>YouTube<\/strong><\/a><strong>!<\/strong><br><strong>\u00a1Sigue a Grande Pr\u00eamio en Espa\u00f1ol en&nbsp;<\/strong><a href=\"https:\/\/twitter.com\/grandepremioES\" target=\"_blank\" rel=\"noreferrer noopener\"><strong>Twitter&nbsp;<\/strong><\/a><strong>y en&nbsp;<\/strong><a href=\"https:\/\/www.instagram.com\/grandepremioes\/\" target=\"_blank\" rel=\"noreferrer noopener\"><strong>Instagram<\/strong><\/a><strong>!<\/strong><\/p>\n\n\n\n<p class=\"wp-block-paragraph\">Espargar\u00f3 mejor\u00f3 a\u00fan m\u00e1s su rendimiento en la sesi\u00f3n de la tarde, <strong>consolidando as\u00ed la supremac\u00eda de Aprilia<\/strong> en la pista catalana. Su compa\u00f1ero de equipo, <strong>Maverick Vi\u00f1ales<\/strong>, complet\u00f3 el impresionante 1-2, quedando a tan solo 0,365 segundos detr\u00e1s de Espargar\u00f3.<\/p>\n\n\n\n<figure class=\"wp-block-video\"><video class=\"video-js vjs-big-play-centered\" data-gp-vjs=\"1\" controls src=\"https:\/\/www.grandepremio.com\/br\/wp-content\/uploads\/2023\/09\/MotoGP-1697595733594058831-20230901_100217-vid1.mp4\"><\/video><figcaption class=\"wp-element-caption\">Inicio de la FP2 de MotoGP (V\u00eddeo: MotoGP)<\/figcaption><\/figure>\n\n\n\n<p class=\"wp-block-paragraph\">Johann Zarco, Brad Binder, \u00c1lex M\u00e1rquez, Marco Bezzecchi, Fabio Di Giannantonio, Enea Bastianini y Jorge Mart\u00edn completan el top 10 y aseguran su lugar en la parte final de la clasificaci\u00f3n.<\/p>\n\n\n\n<p class=\"wp-block-paragraph\">Las marcas japonesas quedaron rezagadas en la parte trasera del pelot\u00f3n. <strong>Fabio Quartararo fue el mejor clasificado para Yamaha en el puesto 17<\/strong>. Por su parte, Honda tuvo a <strong>Marc M\u00e1rquez en la posici\u00f3n 18<\/strong>, con sus otras tres motos en las \u00faltimas posiciones.<\/p>\n\n\n\n<p class=\"wp-block-paragraph\">Oliveira tom\u00f3 la delantera inicialmente en la tanda, seguido de cerca por Maverick Vi\u00f1ales y Aleix Espargar\u00f3. Sin embargo, Brad Binder y Di Giannantonio lograron poner en jaque a Aprilia al tomar el segundo lugar moment\u00e1neamente. <\/p>\n\n\n\n<figure class=\"wp-block-video\"><video class=\"video-js vjs-big-play-centered\" data-gp-vjs=\"1\" controls src=\"https:\/\/www.grandepremio.com\/br\/wp-content\/uploads\/2023\/09\/MotoGP-1697597965429350749-20230901_101109-vid1.mp4\"><\/video><figcaption class=\"wp-element-caption\">Nakagami teve problemas no in\u00edcio do treino (V\u00eddeo: MotoGP)<\/figcaption><\/figure>\n\n\n\n<p class=\"wp-block-paragraph\">Francesco Bagnaia finalmente lider\u00f3 la sesi\u00f3n con un tiempo de 1 minuto 40 segundos y 149 mil\u00e9simas, mientras que Aleix se mantuvo en la tercera posici\u00f3n. A pesar de una ca\u00edda de Ra\u00fal Fern\u00e1ndez, Vi\u00f1ales recuper\u00f3 el liderazgo con 1 minuto 40 segundos y 95 mil\u00e9simas.<\/p>\n\n\n\n<p class=\"wp-block-paragraph\">La emoci\u00f3n se intensific\u00f3 cuando Zarco y Di Giannantonio se destacaron brevemente. Di Giannantonio fue el primero en romper la barrera de 1 minuto y 39 segundos, tomando la primera posici\u00f3n con un tiempo de 1 minuto 39 segundos y 621 mil\u00e9simas, el mejor tiempo del d\u00eda hasta ese momento.<\/p>\n\n\n\n<p class=\"wp-block-paragraph\">La dupla de Aprilia reiter\u00f3 su fuerza y se situ\u00f3 en las dos primeras posiciones: Aleix en la cima con 1 minuto 39 segundos y 389 mil\u00e9simas, 0,205 segundos por delante de Vi\u00f1ales. Bezzecchi era tercero, mientras que <em>Pecco<\/em> hab\u00eda ca\u00eddo a la cuarta posici\u00f3n. Sin embargo, Zarco volvi\u00f3 a poner la GP23 #5 en la primera posici\u00f3n con un tiempo de 1 minuto 39 segundos y 257 mil\u00e9simas.<\/p>\n\n\n\n<figure class=\"wp-block-video\"><video class=\"video-js vjs-big-play-centered\" data-gp-vjs=\"1\" controls src=\"https:\/\/www.grandepremio.com\/br\/wp-content\/uploads\/2023\/09\/MotoGP-1697608409879605441-20230901_105239-vid1.mp4\"><\/video><figcaption class=\"wp-element-caption\">Aprilia mostr\u00f3 todo su potencial en el circuit de Catalunya (V\u00eddeo: MotoGP)<\/figcaption><\/figure>\n\n\n\n<p class=\"wp-block-paragraph\">El &#8216;Top Gun&#8217;, sin embargo, volvi\u00f3 a liderar con un tiempo de 1 minuto 39 segundos y 48 mil\u00e9simas, pero su tiempo fue superado por Aleix, qui\u00e9n lider\u00f3 el d\u00eda confirmando la fortaleza del equipo <em>Noale <\/em>en Barcelona.<\/p>\n\n\n\n<p class=\"wp-block-paragraph\">La pr\u00f3xima pr\u00e1ctica libre de <strong>MotoGP <\/strong>se llevar\u00e1 a cabo este s\u00e1bado a las 5:10 a. m. (GMT -3), mientras que la clasificaci\u00f3n comenzar\u00e1 a las 5:50 a. m. <strong>GRANDE PR\u00caMIO <\/strong>seguir\u00e1 de cerca todas las actividades del <strong>Campeonato Mundial de Motociclismo 2023<\/strong>.<\/p>\n\n\n\n<p class=\"wp-block-paragraph\"><\/p>\n","protected":false},"excerpt":{"rendered":"<p>Aleix Espargar\u00f3 confirm\u00f3 la gran fortaleza de Aprilia para el Gran Premio de Catalu\u00f1a al mejorar a\u00fan m\u00e1s por la tarde, estableciendo un nuevo r\u00e9cord de pista de 1 minuto 38 segundos y 686 mil\u00e9simas, y liderando otro 1-2 para el equipo Noale este viernes.<\/p>\n","protected":false},"author":0,"featured_media":1000715048,"comment_status":"closed","ping_status":"closed","sticky":false,"template":"","format":"standard","meta":{"42wp_featured_image_caption":"","42wp_featured_image_credits":"","42wp_featured_video":"","42wp_featured_image_hidden":false,"42wp_authors_list":[],"footnotes":""},"categories":[8],"tags":[1377,1394,577,7440,1551,2050,5242,8587,1304,4658,5502,8346],"42wp_author":[14235],"class_list":["post-17600","post","type-post","status-publish","format-standard","has-post-thumbnail","hentry","category-motogp","tag-aleix-espargaro","tag-aprilia","tag-barcelona","tag-barcelona-2023","tag-calendario-motogp","tag-catalunya","tag-espargaro","tag-grandepremio-moto-gp","tag-moto-gp","tag-moto-gp-2023","tag-rnf-aprilia","tag-temporada-2023-de-moto-gp","42wp_author-barbara-mincioni"],"_links":{"self":[{"href":"https:\/\/grandepremio.com\/es\/wp-json\/wp\/v2\/posts\/17600","targetHints":{"allow":["GET"]}}],"collection":[{"href":"https:\/\/grandepremio.com\/es\/wp-json\/wp\/v2\/posts"}],"about":[{"href":"https:\/\/grandepremio.com\/es\/wp-json\/wp\/v2\/types\/post"}],"replies":[{"embeddable":true,"href":"https:\/\/grandepremio.com\/es\/wp-json\/wp\/v2\/comments?post=17600"}],"version-history":[{"count":0,"href":"https:\/\/grandepremio.com\/es\/wp-json\/wp\/v2\/posts\/17600\/revisions"}],"wp:featuredmedia":[{"embeddable":true,"href":"https:\/\/grandepremio.com\/es\/wp-json\/wp\/v2\/media\/1000715048"}],"wp:attachment":[{"href":"https:\/\/grandepremio.com\/es\/wp-json\/wp\/v2\/media?parent=17600"}],"wp:term":[{"taxonomy":"category","embeddable":true,"href":"https:\/\/grandepremio.com\/es\/wp-json\/wp\/v2\/categories?post=17600"},{"taxonomy":"post_tag","embeddable":true,"href":"https:\/\/grandepremio.com\/es\/wp-json\/wp\/v2\/tags?post=17600"},{"taxonomy":"42wp_author","embeddable":true,"href":"https:\/\/grandepremio.com\/es\/wp-json\/wp\/v2\/42wp_author?post=17600"}],"curies":[{"name":"wp","href":"https:\/\/api.w.org\/{rel}","templated":true}]}}