{"id":17617,"date":"2023-08-31T14:22:39","date_gmt":"2023-08-31T17:22:39","guid":{"rendered":"https:\/\/grandepremio.com\/es\/2023\/08\/31\/gasly-verstappen-monza-f1\/"},"modified":"2023-08-31T14:24:00","modified_gmt":"2023-08-31T17:24:00","slug":"gasly-verstappen-monza-f1","status":"publish","type":"post","link":"https:\/\/grandepremio.com\/es\/f1\/gasly-verstappen-monza-f1\/","title":{"rendered":"Gasly eval\u00faa Monza como la &#8220;m\u00e1s complicada&#8221; para que Verstappen gane: &#8220;Muy diferente&#8221;"},"content":{"rendered":"\n<p class=\"wp-block-paragraph\">Con nueve victorias consecutivas, <strong>Max Verstappen<\/strong> tiene la oportunidad de triunfar una vez m\u00e1s y convertirse en el m\u00e1ximo ganador seguido en la historia de la <strong>F\u00f3rmula 1<\/strong>. Sin embargo,<strong> Pierre Gasly<\/strong> de <strong>Alpine<\/strong> <strong>cree que la posibilidad de dominio del neerland\u00e9s<\/strong> en el <strong>Gran Premio de Italia<\/strong>, que se llevar\u00e1 a cabo este fin de semana,<strong> es menor<\/strong> que en otros circuitos.<\/p>\n\n\n\n<p class=\"wp-block-paragraph\"><\/p>\n\n\n\n<p class=\"wp-block-paragraph\">Gasly, quien gan\u00f3 su \u00fanica vez en la<strong> F\u00f3rmula 1<\/strong> precisamente en Italia, fue preguntado sobre el dominio de Verstappen durante la conferencia de prensa del jueves. Seg\u00fan el piloto de Alpine, que consigui\u00f3 un podio la semana pasada en <strong>Zandvoort<\/strong>,<strong> las caracter\u00edsticas del ic\u00f3nico circuito podr\u00edan dificultar la tarea de Max.<\/strong><\/p>\n\n\n\n<p class=\"wp-block-paragraph\">&#8220;<strong>Creo que esta es la m\u00e1s complicada para que Max gane.<\/strong> Es <strong>Monza<\/strong>, es una pista diferente. La resistencia al aire es muy baja, muchos accidentes pueden ocurrir en la curva 1. Se gana mucho con el DRS. <strong>Si alguien permanece en esta zona durante toda la carrera, tiene una oportunidad<\/strong>. Me sorprender\u00eda si lograra una ventaja de 30 segundos como lo hace en otros circuitos. Hay que elogiar lo que hace, ya que no comete errores&#8221;, declar\u00f3 Gasly.<\/p>\n\n\n\n<figure class=\"wp-block-image size-large\"><img decoding=\"async\" src=\"https:\/\/www.grandepremio.com\/br\/wp-content\/uploads\/2023\/08\/holanda-2023-f1-corrida-red-bull-max-verstappen-02-1024x683.jpg\" alt=\"\" class=\"wp-image-722246\"\/><figcaption class=\"wp-element-caption\">Max Verstappen  venci\u00f3 en el GP de los Pa\u00edses Bajos (Foto: Red Bull Content Pool)<\/figcaption><\/figure>\n\n\n\n<p class=\"wp-block-paragraph\">Gasly tambi\u00e9n analiz\u00f3 la posici\u00f3n dominante de Verstappen en la <strong>F\u00f3rmula 1<\/strong>. Incluso fueron compa\u00f1eros de equipo en 2019, antes de que Pierre fuera relegado de nuevo a <strong>Toro Rosso<\/strong>. El franc\u00e9s evalu\u00f3 la combinaci\u00f3n de factores que colocan a Max en la cima.<\/p>\n\n\n\n<p class=\"wp-block-paragraph\">&#8220;En alg\u00fan punto, cuando juntas todos los ingredientes, funciona. Intentas hacer una pizza con tomates podridos y no funciona. Tienen una buena base, un buen coche y un piloto excelente. \u00c9l es el enfoque del equipo, todo est\u00e1 rindiendo al m\u00e1ximo en este momento, lo que lleva a la dominaci\u00f3n. \u00c9l est\u00e1 rindiendo al m\u00e1ximo, el coche de Red Bull es objetivo y el m\u00e1s r\u00e1pido del <em>paddock<\/em>. <strong>No cometen errores, son r\u00e1pidos en las paradas en boxes. Est\u00e1n en la cima de su juego y nada parece perturbarlos<\/strong>, especialmente en su lado del garaje&#8221;, concluy\u00f3.<\/p>\n\n\n\n<p class=\"wp-block-paragraph\">La&nbsp;<a href=\"https:\/\/grandepremio.com\/es\/\/f1\/\" target=\"_blank\" rel=\"noreferrer noopener\">F\u00f3rmula 1<\/a>&nbsp;regresa el pr\u00f3ximo fin de semana con el&nbsp;<strong>Gran Premio de Italia, y GRANDE PR\u00caMIO en Espa\u00f1ol<\/strong>&nbsp;cubrir\u00e1 el evento&nbsp;<strong>EN DIRECTO y EN TIEMPO REAL.<\/strong><\/p>\n","protected":false},"excerpt":{"rendered":"<p>Pierre Gasly analiz\u00f3 el per\u00edodo de dominio de Max Verstappen en la F\u00f3rmula 1 y cree que todos los ingredientes contribuyen a este momento. Sin embargo, el piloto franc\u00e9s de Alpine piensa que la tarea del holand\u00e9s ser\u00e1 m\u00e1s dif\u00edcil en Italia.<\/p>\n","protected":false},"author":0,"featured_media":1000723793,"comment_status":"closed","ping_status":"closed","sticky":false,"template":"","format":"standard","meta":{"42wp_featured_image_caption":"","42wp_featured_image_credits":"","42wp_featured_video":"","42wp_featured_image_hidden":false,"42wp_authors_list":[],"footnotes":""},"categories":[5],"tags":[678,181,1676,2534,1488,249,645,427,206,1882],"42wp_author":[14235],"class_list":["post-17617","post","type-post","status-publish","format-standard","has-post-thumbnail","hentry","category-f1","tag-alpine","tag-f1","tag-f1-2023","tag-formula-1-2023","tag-grande-premio","tag-max-verstappen","tag-monza","tag-pierre-gasly","tag-red-bull","tag-formula-1-4","42wp_author-barbara-mincioni"],"_links":{"self":[{"href":"https:\/\/grandepremio.com\/es\/wp-json\/wp\/v2\/posts\/17617","targetHints":{"allow":["GET"]}}],"collection":[{"href":"https:\/\/grandepremio.com\/es\/wp-json\/wp\/v2\/posts"}],"about":[{"href":"https:\/\/grandepremio.com\/es\/wp-json\/wp\/v2\/types\/post"}],"replies":[{"embeddable":true,"href":"https:\/\/grandepremio.com\/es\/wp-json\/wp\/v2\/comments?post=17617"}],"version-history":[{"count":0,"href":"https:\/\/grandepremio.com\/es\/wp-json\/wp\/v2\/posts\/17617\/revisions"}],"wp:featuredmedia":[{"embeddable":true,"href":"https:\/\/grandepremio.com\/es\/wp-json\/wp\/v2\/media\/1000723793"}],"wp:attachment":[{"href":"https:\/\/grandepremio.com\/es\/wp-json\/wp\/v2\/media?parent=17617"}],"wp:term":[{"taxonomy":"category","embeddable":true,"href":"https:\/\/grandepremio.com\/es\/wp-json\/wp\/v2\/categories?post=17617"},{"taxonomy":"post_tag","embeddable":true,"href":"https:\/\/grandepremio.com\/es\/wp-json\/wp\/v2\/tags?post=17617"},{"taxonomy":"42wp_author","embeddable":true,"href":"https:\/\/grandepremio.com\/es\/wp-json\/wp\/v2\/42wp_author?post=17617"}],"curies":[{"name":"wp","href":"https:\/\/api.w.org\/{rel}","templated":true}]}}