{"id":17707,"date":"2023-08-26T14:32:17","date_gmt":"2023-08-26T17:32:17","guid":{"rendered":"https:\/\/grandepremio.com\/es\/2023\/08\/26\/fernando-alonso-agotado-paises-bajos-formula-1\/"},"modified":"2023-08-26T16:39:46","modified_gmt":"2023-08-26T19:39:46","slug":"fernando-alonso-agotado-paises-bajos-formula-1","status":"publish","type":"post","link":"https:\/\/grandepremio.com\/es\/f1\/fernando-alonso-agotado-paises-bajos-formula-1\/","title":{"rendered":"Alonso se reconoce &#8220;agotado&#8221; tras clasificaci\u00f3n &#8220;muy estresante&#8221; en Zandvoort"},"content":{"rendered":"\n<figure class=\"wp-block-embed is-type-video is-provider-youtube wp-block-embed-youtube wp-embed-aspect-16-9 wp-has-aspect-ratio\"><div class=\"wp-block-embed__wrapper\">\n<iframe loading=\"lazy\" title=\"VERSTAPPEN DOMINA LA CLASIFICACI\u00d3N EN SU GP LOCAL\" width=\"500\" height=\"281\" src=\"https:\/\/www.youtube.com\/embed\/mJwg_wbIaAA?feature=oembed\" frameborder=\"0\" allow=\"accelerometer; autoplay; clipboard-write; encrypted-media; gyroscope; picture-in-picture; web-share\" referrerpolicy=\"strict-origin-when-cross-origin\" allowfullscreen><\/iframe>\n<\/div><\/figure>\n\n\n\n<p class=\"wp-block-paragraph\"><strong>Fernando Alonso<\/strong> se asegur\u00f3 un competitivo quinto puesto <strong><a href=\"https:\/\/grandepremio.com\/es\/\/f1\/max-verstappen-pole-paises-bajos-formula-1\/\" data-type=\"link\" data-id=\"https:\/\/grandepremio.com\/es\/\/f1\/max-verstappen-pole-paises-bajos-formula-1\/\">en la parrilla de salida del Gran Premio de Pa\u00edses Bajos.<\/a><\/strong> Este s\u00e1bado, el bicampe\u00f3n del mundo tuvo que sobreponerse al infortunio de tener dos vueltas interrumpidas por banderas rojas y, aun as\u00ed, se mantuvo en la tercera fila. Y ya est\u00e1 centrado en intentar volver al podio este domingo.<\/p>\n\n\n\n<p class=\"wp-block-paragraph\">En su testimonio, Alonso habl\u00f3 del estr\u00e9s que sinti\u00f3 en el auto, al tener que elegir los neum\u00e1ticos adecuados y luego no poder marcar una vuelta r\u00e1pida. El resultado final, sin embargo, fue satisfactorio.<\/p>\n\n\n\n<p class=\"wp-block-paragraph\">&#8220;Estoy contento con el resultado, pero la lluvia ha sido un poco pesadilla all\u00ed, no sab\u00eda qu\u00e9 neum\u00e1tico usar, el de seco y luego el de mojado, era dif\u00edcil saber cu\u00e1ndo marcar la vuelta y ten\u00eda que hacerlo bien enseguida, sin margen de error. Pero vamos a estar cerca del podio, esa es la mejor noticia&#8221;, declar\u00f3 al diario espa\u00f1ol Marca.<\/p>\n\n\n\n<figure class=\"wp-block-image size-large\"><img decoding=\"async\" src=\"https:\/\/www.grandepremio.com\/br\/wp-content\/uploads\/2023\/08\/holanda-2023-f1-treinos-livres-astonmartin-fernando-alonso-afp-07-1024x683.jpg\" alt=\"\" class=\"wp-image-721205\"\/><figcaption class=\"wp-element-caption\">Fernando Alonso termin\u00f3 satisfecho con las actualizaciones de Aston Martin.  (Foto: AFP)<\/figcaption><\/figure>\n\n\n\n<p class=\"wp-block-paragraph\"><strong>\u00a1Conoce el canal de Grande Pr\u00eamio en Espa\u00f1ol en&nbsp;<\/strong><a href=\"https:\/\/www.youtube.com\/channel\/UCDxWojGVUi9gWYhrY0pGbIQ\" target=\"_blank\" rel=\"noreferrer noopener\"><strong>YouTube<\/strong><\/a><strong>!<\/strong><br><strong>\u00a1Sigue a Grande Pr\u00eamio en Espa\u00f1ol en&nbsp;<\/strong><a href=\"https:\/\/twitter.com\/grandepremioES\" target=\"_blank\" rel=\"noreferrer noopener\"><strong>Twitter&nbsp;<\/strong><\/a><strong>y en&nbsp;<\/strong><a href=\"https:\/\/www.instagram.com\/grandepremioes\/\" target=\"_blank\" rel=\"noreferrer noopener\"><strong>Instagram<\/strong><\/a><strong>!<\/strong><\/p>\n\n\n\n<p class=\"wp-block-paragraph\">&#8220;La adrenalina me agot\u00f3, es otra cosa ah\u00ed fuera en la pista. Nos arriesgamos en la Q3 con neum\u00e1ticos de seco, pero las banderas rojas me perjudicaron, s\u00f3lo pude marcar una vuelta a falta de 30s, muy estresante&#8221;, continu\u00f3.<\/p>\n\n\n\n<p class=\"wp-block-paragraph\">Luego, una vez m\u00e1s, el veterano piloto elogi\u00f3 el trabajo de Aston Martin. Porque Fernando manifest\u00f3 que el equipo reencontr\u00f3 el buen camino tras hacer a un lado las actualizaciones que no funcionaron al final de la primera mitad del a\u00f1o.<\/p>\n\n\n\n<p class=\"wp-block-paragraph\">&#8220;Estoy contento con las actualizaciones, los resultados est\u00e1n ah\u00ed, el coche ha mejorado. Los chicos han hecho un gran trabajo, maratoniano, porque la f\u00e1brica cierra en vacaciones&#8221;, a\u00f1adi\u00f3.<\/p>\n\n\n\n<p class=\"wp-block-paragraph\">Alonso es tercero en el <strong>Mundial de Pilotos con 149 puntos<\/strong> y encuentra un respiro este fin de semana. <strong> Lewis Hamilton,<\/strong> su perseguidor a un punto por detr\u00e1s, s\u00f3lo es 13\u00ba en la parrilla de Zandvoort.<\/p>\n\n\n\n<p class=\"wp-block-paragraph\">La actividad continuar\u00e1 este domingo, con la celebraci\u00f3n del&nbsp;<strong>GP de Pa\u00edses Bajos.<\/strong>&nbsp;<strong>Grande Pr\u00eamio en Espa\u00f1ol<\/strong>&nbsp;sigue&nbsp;<strong>EN VIVO Y EN TIEMPO REAL<\/strong>&nbsp;todas las actividades del Mundial de&nbsp;<a href=\"https:\/\/grandepremio.com\/es\/\/f1\/\" target=\"_blank\" rel=\"noreferrer noopener\"><\/a><a href=\"https:\/\/grandepremio.com\/es\/\/f1\/\" target=\"_blank\" rel=\"noreferrer noopener\"><\/a><a href=\"https:\/\/grandepremio.com\/es\/\/f1\/\" target=\"_blank\" rel=\"noreferrer noopener\"><\/a><a href=\"https:\/\/grandepremio.com\/es\/\/f1\/\" target=\"_blank\" rel=\"noreferrer noopener\"><\/a><a href=\"https:\/\/grandepremio.com\/es\/\/f1\/\" target=\"_blank\" rel=\"noreferrer noopener\"><\/a><a href=\"https:\/\/grandepremio.com\/es\/\/f1\/\" target=\"_blank\" rel=\"noreferrer noopener\"><\/a><a href=\"https:\/\/grandepremio.com\/es\/\/f1\/\" target=\"_blank\" rel=\"noreferrer noopener\"><\/a><a href=\"https:\/\/grandepremio.com\/es\/\/f1\/\" target=\"_blank\" rel=\"noreferrer noopener\"><\/a><a href=\"https:\/\/grandepremio.com\/es\/\/f1\/\" target=\"_blank\" rel=\"noreferrer noopener\"><\/a><a href=\"https:\/\/grandepremio.com\/es\/\/f1\/\" target=\"_blank\" rel=\"noreferrer noopener\"><\/a><a href=\"https:\/\/grandepremio.com\/es\/\/f1\/\" target=\"_blank\" rel=\"noreferrer noopener\"><\/a><a href=\"https:\/\/grandepremio.com\/es\/\/f1\/\" target=\"_blank\" rel=\"noreferrer noopener\"><\/a><a href=\"https:\/\/grandepremio.com\/es\/\/f1\/\" target=\"_blank\" rel=\"noreferrer noopener\"><\/a><a href=\"https:\/\/grandepremio.com\/es\/\/f1\/\" target=\"_blank\" rel=\"noreferrer noopener\"><\/a><a href=\"https:\/\/grandepremio.com\/es\/\/f1\/\" target=\"_blank\" rel=\"noreferrer noopener\"><\/a><a href=\"https:\/\/grandepremio.com\/es\/\/f1\/\" target=\"_blank\" rel=\"noreferrer noopener\">F\u00f3rmula 1<\/a>.<\/p>\n","protected":false},"excerpt":{"rendered":"<p>Fernando Alonso admiti\u00f3 que termin\u00f3 estresado y agotado frente a las exigentes y cambiantes condiciones de pista de la clasificaci\u00f3n del GP de Pa\u00edses Bajos. Este domingo, el espa\u00f1ol largar\u00e1 desde la quinta posici\u00f3n.<\/p>\n","protected":false},"author":0,"featured_media":1000721819,"comment_status":"closed","ping_status":"closed","sticky":false,"template":"","format":"standard","meta":{"42wp_featured_image_caption":"","42wp_featured_image_credits":"","42wp_featured_video":"","42wp_featured_image_hidden":false,"42wp_authors_list":[],"footnotes":""},"categories":[5],"tags":[209,181,1676,184,179,2534,1574,1488,2237,249,206,8659],"42wp_author":[14223],"class_list":["post-17707","post","type-post","status-publish","format-standard","has-post-thumbnail","hentry","category-f1","tag-aston-martin","tag-f1","tag-f1-2023","tag-fernando-alonso","tag-formula-1","tag-formula-1-2023","tag-gp-de-paises-bajos","tag-grande-premio","tag-grandepremio","tag-max-verstappen","tag-red-bull","tag-zandvoort-2023","42wp_author-esteban-nieto"],"_links":{"self":[{"href":"https:\/\/grandepremio.com\/es\/wp-json\/wp\/v2\/posts\/17707","targetHints":{"allow":["GET"]}}],"collection":[{"href":"https:\/\/grandepremio.com\/es\/wp-json\/wp\/v2\/posts"}],"about":[{"href":"https:\/\/grandepremio.com\/es\/wp-json\/wp\/v2\/types\/post"}],"replies":[{"embeddable":true,"href":"https:\/\/grandepremio.com\/es\/wp-json\/wp\/v2\/comments?post=17707"}],"version-history":[{"count":0,"href":"https:\/\/grandepremio.com\/es\/wp-json\/wp\/v2\/posts\/17707\/revisions"}],"wp:featuredmedia":[{"embeddable":true,"href":"https:\/\/grandepremio.com\/es\/wp-json\/wp\/v2\/media\/1000721819"}],"wp:attachment":[{"href":"https:\/\/grandepremio.com\/es\/wp-json\/wp\/v2\/media?parent=17707"}],"wp:term":[{"taxonomy":"category","embeddable":true,"href":"https:\/\/grandepremio.com\/es\/wp-json\/wp\/v2\/categories?post=17707"},{"taxonomy":"post_tag","embeddable":true,"href":"https:\/\/grandepremio.com\/es\/wp-json\/wp\/v2\/tags?post=17707"},{"taxonomy":"42wp_author","embeddable":true,"href":"https:\/\/grandepremio.com\/es\/wp-json\/wp\/v2\/42wp_author?post=17707"}],"curies":[{"name":"wp","href":"https:\/\/api.w.org\/{rel}","templated":true}]}}