{"id":17719,"date":"2023-08-26T09:33:37","date_gmt":"2023-08-26T12:33:37","guid":{"rendered":"https:\/\/grandepremio.com\/es\/2023\/08\/26\/hadjar-carrera-suspendida-zandvoort-no-puntos\/"},"modified":"2023-08-26T09:51:37","modified_gmt":"2023-08-26T12:51:37","slug":"hadjar-carrera-suspendida-zandvoort-no-puntos","status":"publish","type":"post","link":"https:\/\/grandepremio.com\/es\/f2\/hadjar-carrera-suspendida-zandvoort-no-puntos\/","title":{"rendered":"Hadjar gana en carrera suspendida de F2 en Zandvoort y no se entregar\u00e1n puntos"},"content":{"rendered":"\n<p class=\"wp-block-paragraph\"><strong>Isack Hadjar<\/strong> no podr\u00e1 sumar puntos a pesar de haber ganado la carrera del s\u00e1bado que la F\u00f3rmula 2 disput\u00f3 en <strong>Zandvoort,<\/strong> a causa, primero, del grave accidente entre <strong>Jak Crawford<\/strong>, Ralph Boschung y Kush Maini, la demora que llev\u00f3 quitar los tres coches y, tras esto, la lluvia intensa que imped\u00eda la visibilidad de los pilotos.<\/p>\n\n\n\n<p class=\"wp-block-paragraph\"><strong>Victor Martins<\/strong> y <strong>Oliver Bearman<\/strong> acabaron detr\u00e1s de Hadjar, mientras que <strong>Theo Pourchaire<\/strong> se ha visto favorecido porque, si bien largaba primero,<strong> tuvo que largar \u00faltimo por problemas mec\u00e1nicos<\/strong> y no habr\u00e1 puntos para repartir en esta prueba, dado que no se completaron las 4 vueltas que indica el reglamento. Todas ellas deben ser en carrera propiamente dicha.<\/p>\n\n\n\n<p class=\"wp-block-paragraph\">Se podr\u00eda decir que el otro beneficiado, adem\u00e1s del l\u00edder del campeonato, es<strong> Ayumu Iwasa<\/strong>, quien hab\u00eda clasificado fuera de los diez primeros. La carrera principal de la F2 se largar\u00e1 ma\u00f1ana, a las 5:00 hora de Brasilia y Buenos Aires.<\/p>\n\n\n\n<p class=\"wp-block-paragraph\"><strong>\u00a1Conoce el canal de Grande Pr\u00eamio en Espa\u00f1ol en&nbsp;<\/strong><a href=\"https:\/\/www.youtube.com\/channel\/UCDxWojGVUi9gWYhrY0pGbIQ\" target=\"_blank\" rel=\"noreferrer noopener\"><strong>YouTube<\/strong><\/a><strong>!<\/strong><br><strong>\u00a1Sigue a Grande Pr\u00eamio en Espa\u00f1ol en&nbsp;<\/strong><a href=\"https:\/\/twitter.com\/grandepremioES\" target=\"_blank\" rel=\"noreferrer noopener\"><strong>Twitter&nbsp;<\/strong><\/a><strong>y en&nbsp;<\/strong><a href=\"https:\/\/www.instagram.com\/grandepremioes\/\" target=\"_blank\" rel=\"noreferrer noopener\"><strong>Instagram<\/strong><\/a><strong>!<\/strong><\/p>\n\n\n\n<figure class=\"wp-block-video\"><video class=\"video-js vjs-big-play-centered\" data-gp-vjs=\"1\" controls src=\"https:\/\/www.grandepremio.com\/br\/wp-content\/uploads\/2023\/08\/Acidente-Boschung-Maini-Crawford-F2-Holanda.mp4\"><\/video><figcaption class=\"wp-element-caption\">La colisi\u00f3n entre Crawford y Maini inici\u00f3 un problema que acab\u00f3 con Boschung debajo de su compa\u00f1ero de equipo (V\u00eddeo: F1 TV\/DAZN)<\/figcaption><\/figure>\n\n\n\n<p class=\"wp-block-paragraph\"><strong><u>As\u00ed se desarroll\u00f3 la carrera Sprint de la F\u00f3rmula 2 en Zandvoort:<\/u><\/strong><\/p>\n\n\n\n<p class=\"wp-block-paragraph\">Antes de comenzar con la vuelta previa, comenzaba el drama, puesto que<strong> Theo Pourchaire<\/strong>, que largaba desde la pole con la grilla invertida, se quedaba en los boxes atrapado sin poder salir de all\u00ed por problemas mec\u00e1nicos, por lo que dejaba el caj\u00f3n libre para la salida.<\/p>\n\n\n\n<p class=\"wp-block-paragraph\">Debido las condiciones de pista, que hab\u00edan empeorado desde el final de la FP3 de la F\u00f3rmula 1, la direcci\u00f3n de carrera decidi\u00f3 optar por una largada con el auto de seguridad.<\/p>\n\n\n\n<p class=\"wp-block-paragraph\"><strong>Isack Hadjar<\/strong> tomaba la punta en la salida, con mucho spray en recta principal, Victor Martins quedaba segundo, mientras que Oliver Bearman superaba a Juan Manuel Correa para ser tercero.<\/p>\n\n\n\n<p class=\"wp-block-paragraph\">Desafortunadamente, <strong>un choque dej\u00f3 fuera a Jak Crawford<\/strong>, autor de la pole, y los dos Campos, de Kush Maini y Ralph Boschung, quedaron uno arriba del otro, en un incidente que mereci\u00f3 la salida del auto de seguridad.<\/p>\n\n\n\n<p class=\"wp-block-paragraph\">Tras una vuelta con el auto de seguridad, se decidi\u00f3 colocar la bandera roja. Maini se toc\u00f3 con Crawford, se cruza en la pista, se toca con otro auto y Boschung se lo encontr\u00f3 en el medio del circuito, levant\u00f3 el coche de su compa\u00f1ero y los <strong>dos quedaron apilados uno arriba del otro<\/strong>, sin consecuencias para ninguno de los corredores.<\/p>\n\n\n\n<p class=\"wp-block-paragraph\">La reanudaci\u00f3n de la carrera tuvo la novedad de que acabar\u00eda por tiempo. Apenas se hab\u00edan dado dos giros de los 28 pactados, as\u00ed que solo faltaban 22 minutos m\u00e1s una vuelta. Esto se debe a que la F\u00f3rmula 1 clasifica a continuaci\u00f3n de la carrera Sprint de F2, que se demor\u00f3 con la lluvia y la bandera roja.<\/p>\n\n\n\n<p class=\"wp-block-paragraph\">A pesar de la orden de reanudar la carrera, se decidi\u00f3 sacar otra vez la bandera roja, debido a la lluvia que estaba cayendo en Zandvoort. Con estas condiciones del clima, <strong>la competencia se dio por concluida y no se brindar\u00e1n puntos<\/strong>, a menos que la FIA opte por lo contrario.<\/p>\n","protected":false},"excerpt":{"rendered":"<p>La F\u00f3rmula 2 deb\u00eda desarrollar la carrera al Sprint de la fecha en Zandvoort, pero un accidente entre los autos del Campos Racing y de Jak Crawford, m\u00e1s la lluvia intensa, obligaron a la direcci\u00f3n de la prueba a suspender la competencia. <\/p>\n","protected":false},"author":0,"featured_media":1000721625,"comment_status":"closed","ping_status":"closed","sticky":false,"template":"","format":"standard","meta":{"42wp_featured_image_caption":"","42wp_featured_image_credits":"","42wp_featured_video":"","42wp_featured_image_hidden":false,"42wp_authors_list":[],"footnotes":""},"categories":[3],"tags":[3085,257,211,2300,3018,3129,1324],"42wp_author":[14237],"class_list":["post-17719","post","type-post","status-publish","format-standard","has-post-thumbnail","hentry","category-f2","tag-ayumu-iwasa","tag-f2","tag-formula-2","tag-isack-hadjar","tag-jak-crawford","tag-oliver-bearman","tag-theo-pourchaire-2","42wp_author-gabriel-garcia"],"_links":{"self":[{"href":"https:\/\/grandepremio.com\/es\/wp-json\/wp\/v2\/posts\/17719","targetHints":{"allow":["GET"]}}],"collection":[{"href":"https:\/\/grandepremio.com\/es\/wp-json\/wp\/v2\/posts"}],"about":[{"href":"https:\/\/grandepremio.com\/es\/wp-json\/wp\/v2\/types\/post"}],"replies":[{"embeddable":true,"href":"https:\/\/grandepremio.com\/es\/wp-json\/wp\/v2\/comments?post=17719"}],"version-history":[{"count":0,"href":"https:\/\/grandepremio.com\/es\/wp-json\/wp\/v2\/posts\/17719\/revisions"}],"wp:featuredmedia":[{"embeddable":true,"href":"https:\/\/grandepremio.com\/es\/wp-json\/wp\/v2\/media\/1000721625"}],"wp:attachment":[{"href":"https:\/\/grandepremio.com\/es\/wp-json\/wp\/v2\/media?parent=17719"}],"wp:term":[{"taxonomy":"category","embeddable":true,"href":"https:\/\/grandepremio.com\/es\/wp-json\/wp\/v2\/categories?post=17719"},{"taxonomy":"post_tag","embeddable":true,"href":"https:\/\/grandepremio.com\/es\/wp-json\/wp\/v2\/tags?post=17719"},{"taxonomy":"42wp_author","embeddable":true,"href":"https:\/\/grandepremio.com\/es\/wp-json\/wp\/v2\/42wp_author?post=17719"}],"curies":[{"name":"wp","href":"https:\/\/api.w.org\/{rel}","templated":true}]}}