{"id":17746,"date":"2023-08-25T08:25:05","date_gmt":"2023-08-25T11:25:05","guid":{"rendered":"https:\/\/grandepremio.com\/es\/2023\/08\/25\/aston-martin-nuevo-suelo-holanda-f1\/"},"modified":"2023-08-25T08:25:14","modified_gmt":"2023-08-25T11:25:14","slug":"aston-martin-nuevo-suelo-holanda-f1","status":"publish","type":"post","link":"https:\/\/grandepremio.com\/es\/f1\/aston-martin-nuevo-suelo-holanda-f1\/","title":{"rendered":"Aston Martin, con nuevo suelo: las novedades para el GP de Holanda de F1"},"content":{"rendered":"\n<p class=\"wp-block-paragraph\">La <strong>F\u00f3rmula 1<\/strong> regresa oficialmente este viernes con dos tandas de entrenamientos libres, pero la mayor\u00eda de los equipos de cabeza han optado por llevar actualizaciones para el <strong>Gran Premio de los Pa\u00edses Bajos<\/strong>.<\/p>\n\n\n\n<p class=\"wp-block-paragraph\"><strong>Aston Martin<\/strong> es el que ha aportado los cambios m\u00e1s llamativos,<strong> con un nuevo suelo<\/strong>, que aporta alteraciones tanto a la carrocer\u00eda como a la superficie inferior y a los bordes y l\u00edmites. Tambi\u00e9n se ha retocado el difusor, con una peque\u00f1a aleta en la parte trasera. <strong>El objetivo es mejorar la carga aerodin\u00e1mica generada por la pieza.<\/strong><\/p>\n\n\n\n<figure class=\"wp-block-image size-large is-resized\"><img loading=\"lazy\" decoding=\"async\" src=\"https:\/\/www.grandepremio.com\/br\/wp-content\/uploads\/2023\/07\/f1-2023-belgica-corrida-mclaren-landonorris-02-1024x683.jpg\" alt=\"\" class=\"wp-image-713386\" style=\"width:839px;height:559px\" width=\"839\" height=\"559\"\/><figcaption class=\"wp-element-caption\">McLaren tambi\u00e9n ha invertido en actualizaciones para Zandvoort (Foto: McLaren)<\/figcaption><\/figure>\n\n\n\n<p class=\"wp-block-paragraph\"><strong>McLaren<\/strong>, por su parte, cumpli\u00f3 su promesa de traer <strong>otra actualizaci\u00f3n <\/strong>tras las vacaciones de verano en Europa y acudi\u00f3 a la ronda holandesa con un conjunto de aler\u00f3n trasero remodelado. El objetivo de la actualizaci\u00f3n es <strong>mejorar la resistencia aerodin\u00e1mica<\/strong>, que sigue siendo un problema en el <strong>MCL60<\/strong>.<\/p>\n\n\n\n<p class=\"wp-block-paragraph\"><strong>Haas<\/strong>, por su parte, ha retocado la parte delantera del VF-23 -aler\u00f3n delantero y pico- y tambi\u00e9n la trasera derecha, modificando el tambor que forma parte del sistema de refrigeraci\u00f3n de los frenos. <strong>La actualizaci\u00f3n pretende mejorar la disipaci\u00f3n del calor y, por tanto, la eficiencia aerodin\u00e1mica.<\/strong><\/p>\n\n\n\n<p class=\"wp-block-paragraph\">Por \u00faltimo, <strong>Red Bull<\/strong> ha realizado una peque\u00f1a modificaci\u00f3n en el llamado aler\u00f3n de viga -la parte inferior del aler\u00f3n trasero que ayuda a dirigir el aire sucio hacia atr\u00e1s- <strong>para optimizar la distribuci\u00f3n de la carga aerodin\u00e1mica y ganar rendimiento.<\/strong><\/p>\n\n\n\n<p class=\"wp-block-paragraph\"><strong>\u00a1Conoce el canal de Grande Pr\u00eamio en Espa\u00f1ol en&nbsp;<\/strong><a href=\"https:\/\/www.youtube.com\/channel\/UCDxWojGVUi9gWYhrY0pGbIQ\" target=\"_blank\" rel=\"noreferrer noopener\"><strong>YouTube<\/strong><\/a><strong>!<\/strong><br><strong>\u00a1Sigue a Grande Pr\u00eamio en Espa\u00f1ol en&nbsp;<\/strong><a href=\"https:\/\/twitter.com\/grandepremioES\" target=\"_blank\" rel=\"noreferrer noopener\"><strong>Twitter&nbsp;<\/strong><\/a><strong>y en&nbsp;<\/strong><a href=\"https:\/\/www.instagram.com\/grandepremioes\/\" target=\"_blank\" rel=\"noreferrer noopener\"><strong>Instagram<\/strong><\/a><strong>!<\/strong><\/p>\n\n\n\n<p class=\"wp-block-paragraph\">La <strong>F\u00f3rmula 1<\/strong> celebrar\u00e1 su segunda sesi\u00f3n de entrenamientos libres para el Gran Premio de Holanda, 13\u00aa prueba de la temporada 2023, a partir de las 11:00, hora de Brasilia y Buenos Aires. <strong>GRANDE PR\u00caMIO<\/strong> sigue todas las actividades en Zandvoort EN DIRECTO y EN TIEMPO REAL.<\/p>\n","protected":false},"excerpt":{"rendered":"<p>Aston Martin, McLaren, Haas y Red Bull son los equipos que llegan a Zandvoort con actualizaciones en sus monoplazas. Todas las novedades, en este art\u00edculo. <\/p>\n","protected":false},"author":0,"featured_media":1010194939,"comment_status":"closed","ping_status":"closed","sticky":false,"template":"","format":"standard","meta":{"42wp_featured_image_caption":"","42wp_featured_image_credits":"","42wp_featured_video":"","42wp_featured_image_hidden":false,"42wp_authors_list":[],"footnotes":""},"categories":[5],"tags":[209,181,179,1443,1488,414,5559,269,206,808],"42wp_author":[14237],"class_list":["post-17746","post","type-post","status-publish","format-standard","has-post-thumbnail","hentry","category-f1","tag-aston-martin","tag-f1","tag-formula-1","tag-gp-de-holanda","tag-grande-premio","tag-haas","tag-mcl60","tag-mclaren","tag-red-bull","tag-zandvoort","42wp_author-gabriel-garcia"],"_links":{"self":[{"href":"https:\/\/grandepremio.com\/es\/wp-json\/wp\/v2\/posts\/17746","targetHints":{"allow":["GET"]}}],"collection":[{"href":"https:\/\/grandepremio.com\/es\/wp-json\/wp\/v2\/posts"}],"about":[{"href":"https:\/\/grandepremio.com\/es\/wp-json\/wp\/v2\/types\/post"}],"replies":[{"embeddable":true,"href":"https:\/\/grandepremio.com\/es\/wp-json\/wp\/v2\/comments?post=17746"}],"version-history":[{"count":0,"href":"https:\/\/grandepremio.com\/es\/wp-json\/wp\/v2\/posts\/17746\/revisions"}],"wp:featuredmedia":[{"embeddable":true,"href":"https:\/\/grandepremio.com\/es\/wp-json\/wp\/v2\/media\/1010194939"}],"wp:attachment":[{"href":"https:\/\/grandepremio.com\/es\/wp-json\/wp\/v2\/media?parent=17746"}],"wp:term":[{"taxonomy":"category","embeddable":true,"href":"https:\/\/grandepremio.com\/es\/wp-json\/wp\/v2\/categories?post=17746"},{"taxonomy":"post_tag","embeddable":true,"href":"https:\/\/grandepremio.com\/es\/wp-json\/wp\/v2\/tags?post=17746"},{"taxonomy":"42wp_author","embeddable":true,"href":"https:\/\/grandepremio.com\/es\/wp-json\/wp\/v2\/42wp_author?post=17746"}],"curies":[{"name":"wp","href":"https:\/\/api.w.org\/{rel}","templated":true}]}}