{"id":17784,"date":"2023-08-22T10:04:01","date_gmt":"2023-08-22T13:04:01","guid":{"rendered":"https:\/\/grandepremio.com\/es\/2023\/08\/22\/alpine-justifica-despido-ex-jefe\/"},"modified":"2023-08-22T10:04:10","modified_gmt":"2023-08-22T13:04:10","slug":"alpine-justifica-despido-ex-jefe","status":"publish","type":"post","link":"https:\/\/grandepremio.com\/es\/f1\/alpine-justifica-despido-ex-jefe\/","title":{"rendered":"Alpine se explica y justifica el despido de su ex jefe: &#8220;No est\u00e1bamos alineados&#8221;"},"content":{"rendered":"\n<p class=\"wp-block-paragraph\">El <strong>Gran Premio de B\u00e9lgica de 2023<\/strong> marcar\u00e1 un antes y un despu\u00e9s en el convulso panorama que vive la escuder\u00eda <strong>Alpine<\/strong>. Es que, antes del comienzo de la actividad, <a href=\"https:\/\/grandepremio.com\/es\/\/f1\/alpine-despide-szafnauer-dos-directivos\/\" target=\"_blank\" data-type=\"URL\" data-id=\"https:\/\/grandepremio.com\/es\/\/f1\/alpine-despide-szafnauer-dos-directivos\/\" rel=\"noreferrer noopener\">se decidi\u00f3 despedir al jefe de equipo, Otmar Szafnauer<\/a>, al director deportivo, <strong>Alan Permane<\/strong>, y al jefe t\u00e9cnico, <a href=\"https:\/\/grandepremio.com\/es\/\/f1\/williams-pat-fry-nuevo-director-tecnico-formula-1\/\" target=\"_blank\" data-type=\"URL\" data-id=\"https:\/\/grandepremio.com\/es\/\/f1\/williams-pat-fry-nuevo-director-tecnico-formula-1\/\" rel=\"noreferrer noopener\">Pat Fry, que recalar\u00e1 en Williams a finales de este a\u00f1o.<\/a><\/p>\n\n\n\n<p class=\"wp-block-paragraph\">Por el momento, <strong>Bruno Famin<\/strong> ha tomado el cargo que dej\u00f3 Szafnauer, a la espera de un posible anuncio de <strong><a href=\"https:\/\/grandepremio.com\/es\/\/f1\/alpine-anuncio-mattia-binotto-otmar-szafnauer-formula-1\/\" target=\"_blank\" data-type=\"URL\" data-id=\"https:\/\/grandepremio.com\/es\/\/f1\/alpine-anuncio-mattia-binotto-otmar-szafnauer-formula-1\/\" rel=\"noreferrer noopener\">Mattia Binotto<\/a><\/strong> como reemplazo del ex empleado de Lawrence Stroll. Sobre el despido de Otmar, el vicepresidente de Alpine dijo que, simplemente, ten\u00edan visiones diferentes sobre el proyecto, que ha tenido una notable debacle desde el a\u00f1o pasado.<\/p>\n\n\n\n<p class=\"wp-block-paragraph\"><strong>&#8220;Nadie dice que Otmar Szafnauer no sea bueno.<\/strong> Otmar y Alan son personas muy experimentadas y eran verdaderos activos para el equipo. Lo sabemos perfectamente, pero este tipo de desaf\u00edo, con rivales muy duros, <strong>requiere que todo el mundo est\u00e9 alineado al cien por cien y que trabajen juntos<\/strong>. Ese ya no era el caso&#8221;, afirm\u00f3 Famin.<\/p>\n\n\n\n<figure class=\"wp-block-image size-large\"><img decoding=\"async\" src=\"https:\/\/www.grandepremio.com\/br\/wp-content\/uploads\/2023\/04\/Otmar-Szafnauer-02-1024x683.jpeg\" alt=\"\" class=\"wp-image-667457\"\/><figcaption class=\"wp-element-caption\">Otmar Szafnauer fue despedido porque no estaba alineado con los ejecutivos (Foto: Alpine)<\/figcaption><\/figure>\n\n\n\n<p class=\"wp-block-paragraph\">Luego, prosigui\u00f3: &#8220;Nunca perdimos la confianza. Cuando desarrollamos este tipo de proyectos, necesitamos estar en la misma p\u00e1gina que el equipo de arriba. <strong>Est\u00e1bamos trabajando juntos y, en alg\u00fan momento, nos dimos cuenta de que ya no est\u00e1bamos alineados en algunos temas&#8221;.<\/strong><\/p>\n\n\n\n<p class=\"wp-block-paragraph\">Si bien los despidos se han dado en un marco de<strong> pobres resultados para Alpine<\/strong>, debiendo gestionar la fr\u00eda relaci\u00f3n en un momento de <strong>Esteban Ocon <\/strong>y <strong><a href=\"https:\/\/grandepremio.com\/es\/\/f1\/pierre-gasly-f1-2023-despidos-alpine\/\" target=\"_blank\" data-type=\"URL\" data-id=\"https:\/\/grandepremio.com\/es\/\/f1\/pierre-gasly-f1-2023-despidos-alpine\/\" rel=\"noreferrer noopener\">Pierre Gasly<\/a><\/strong>, los problemas internos y<strong> la poca fiabilidad<\/strong>, Famin indic\u00f3 que separaron caminos con sus ex empleados: &#8220;La competencia es muy dura y, si no estamos alineados al 100%, todos tenemos suficiente experiencia para saber que no tiene sentido seguir juntos. <strong>Entonces cada uno tiene que aprender a seguir su propio camino<\/strong>. No hemos roto con nadie, simplemente<strong> hemos elegido un camino diferente<\/strong> porque no est\u00e1bamos alineados&#8221;.<\/p>\n\n\n\n<p class=\"wp-block-paragraph\">&#8220;Cuando digo que nunca he perdido la confianza en Otmar, la raz\u00f3n es que conozco sus capacidades, s\u00e9 de d\u00f3nde viene y, al igual que con Alan, s\u00e9 que son grandes profesionales de la F1, <strong>pero tenemos que estar alineados, y no lo est\u00e1bamos&#8221;<\/strong>, subraya.<\/p>\n\n\n\n<p class=\"wp-block-paragraph\"><strong>La decepci\u00f3n<\/strong> de <strong>Bruno Famin<\/strong> se puede palpar en sus declaraciones, y el prop\u00f3sito de Alpine de 100 carreras para luchar por victorias, parece cada vez m\u00e1s lejano. <\/p>\n\n\n\n<p class=\"wp-block-paragraph\"><strong>&#8220;Pero no estamos donde esper\u00e1bamos estar<\/strong>. Ya hemos demostrado que somos capaces de hacer grandes cambios y que tambi\u00e9n podemos seguir esos caminos. Estamos trabajando en ello. Todo el personal de Enstone estamos juntos en esto, y<strong> todo el mundo est\u00e1 trabajando duro para desarrollar el mejor coche posible<\/strong>. <strong>Tenemos que cambiar muchas cosas<\/strong>, desde el pensamiento, el esp\u00edritu general, pero una de las cosas la veremos en esta revisi\u00f3n&#8221;, finaliz\u00f3.<\/p>\n\n\n\n<p class=\"wp-block-paragraph\"><strong>\u00a1Conoce el canal de Grande Pr\u00eamio en Espa\u00f1ol en&nbsp;<\/strong><a href=\"https:\/\/www.youtube.com\/channel\/UCDxWojGVUi9gWYhrY0pGbIQ\" target=\"_blank\" rel=\"noreferrer noopener\"><strong>YouTube<\/strong><\/a><strong>!<\/strong><br><strong>\u00a1Sigue a Grande Pr\u00eamio en Espa\u00f1ol en&nbsp;<\/strong><a href=\"https:\/\/twitter.com\/grandepremioES\" target=\"_blank\" rel=\"noreferrer noopener\"><strong>Twitter&nbsp;<\/strong><\/a><strong>y en&nbsp;<\/strong><a href=\"https:\/\/www.instagram.com\/grandepremioes\/\" target=\"_blank\" rel=\"noreferrer noopener\"><strong>Instagram<\/strong><\/a><strong>!<\/strong><\/p>\n\n\n\n<p class=\"wp-block-paragraph\">La <strong><a href=\"https:\/\/grandepremio.com\/es\/\/f1\/ultimas-noticias\/\" target=\"_blank\" data-type=\"URL\" data-id=\"https:\/\/grandepremio.com\/es\/\/f1\/ultimas-noticias\/\" rel=\"noreferrer noopener\">F\u00f3rmula 1<\/a><\/strong> regresa de vacaciones esta semana, del 25 al 27, con el Gran Premio de Holanda en Zandvoort. <strong>GRANDE PR\u00caMIO<\/strong> lo seguir\u00e1 todo.<\/p>\n","protected":false},"excerpt":{"rendered":"<p>Bruno Famin, vicepresidente de Alpine y jefe interino del equipo, ha vuelto a explicar los despidos que se produjeron en la c\u00fapula de la organizaci\u00f3n deportiva del equipo.<\/p>\n","protected":false},"author":0,"featured_media":1000712656,"comment_status":"closed","ping_status":"closed","sticky":false,"template":"","format":"standard","meta":{"42wp_featured_image_caption":"","42wp_featured_image_credits":"","42wp_featured_video":"","42wp_featured_image_hidden":false,"42wp_authors_list":[],"footnotes":""},"categories":[5],"tags":[1514,678,2233,362,181,179,646,439,1562,2183,427],"42wp_author":[14237],"class_list":["post-17784","post","type-post","status-publish","format-standard","has-post-thumbnail","hentry","category-f1","tag-alan-permane","tag-alpine","tag-bruno-famin","tag-esteban-ocon","tag-f1","tag-formula-1","tag-gp-de-belgica","tag-mattia-binotto","tag-otmar-szafnauer","tag-pat-fry","tag-pierre-gasly","42wp_author-gabriel-garcia"],"_links":{"self":[{"href":"https:\/\/grandepremio.com\/es\/wp-json\/wp\/v2\/posts\/17784","targetHints":{"allow":["GET"]}}],"collection":[{"href":"https:\/\/grandepremio.com\/es\/wp-json\/wp\/v2\/posts"}],"about":[{"href":"https:\/\/grandepremio.com\/es\/wp-json\/wp\/v2\/types\/post"}],"replies":[{"embeddable":true,"href":"https:\/\/grandepremio.com\/es\/wp-json\/wp\/v2\/comments?post=17784"}],"version-history":[{"count":0,"href":"https:\/\/grandepremio.com\/es\/wp-json\/wp\/v2\/posts\/17784\/revisions"}],"wp:featuredmedia":[{"embeddable":true,"href":"https:\/\/grandepremio.com\/es\/wp-json\/wp\/v2\/media\/1000712656"}],"wp:attachment":[{"href":"https:\/\/grandepremio.com\/es\/wp-json\/wp\/v2\/media?parent=17784"}],"wp:term":[{"taxonomy":"category","embeddable":true,"href":"https:\/\/grandepremio.com\/es\/wp-json\/wp\/v2\/categories?post=17784"},{"taxonomy":"post_tag","embeddable":true,"href":"https:\/\/grandepremio.com\/es\/wp-json\/wp\/v2\/tags?post=17784"},{"taxonomy":"42wp_author","embeddable":true,"href":"https:\/\/grandepremio.com\/es\/wp-json\/wp\/v2\/42wp_author?post=17784"}],"curies":[{"name":"wp","href":"https:\/\/api.w.org\/{rel}","templated":true}]}}