{"id":17815,"date":"2023-08-19T13:59:19","date_gmt":"2023-08-19T16:59:19","guid":{"rendered":"https:\/\/grandepremio.com\/es\/2023\/08\/19\/protesta-taxistas-zandvoort-holanda-formula-1\/"},"modified":"2023-08-19T13:59:26","modified_gmt":"2023-08-19T16:59:26","slug":"protesta-taxistas-zandvoort-holanda-formula-1","status":"publish","type":"post","link":"https:\/\/grandepremio.com\/es\/f1\/protesta-taxistas-zandvoort-holanda-formula-1\/","title":{"rendered":"Protesta de taxistas amenaza fin de semana del GP de Holanda por bloqueos en Zandvoort"},"content":{"rendered":"\n<p class=\"wp-block-paragraph\">Los taxistas de<strong> Zandvoort <\/strong>se han convertido en un problema para <a href=\"https:\/\/grandepremio.com\/es\/\/f1\/f1-campana-contra-acoso-sexual-bengalas-holanda\/\" target=\"_blank\" rel=\"noreferrer noopener\">el <strong>GP de Holanda<\/strong><\/a>. Seg\u00fan la web RacingNews365, unos 150 taxistas preparan una protesta contra las restricciones a sus servicios en el circuito. El objetivo de la manifestaci\u00f3n es bloquear las zonas de acceso de los aficionados al aut\u00f3dromo durante el fin de semana de la 13\u00aa carrera de la<strong> F\u00f3rmula 1 2023<\/strong>. Ante esta amenaza, las autoridades municipales han puesto en marcha un grupo de trabajo para evitar que haya trastornos en el evento.<\/p>\n\n\n\n<p class=\"wp-block-paragraph\">La batalla entre los organizadores del Gran Premio de Holanda y los taxistas comenz\u00f3 el a\u00f1o pasado cuando, seg\u00fan el representante municipal de Zandvoort, <strong>Walter Sans<\/strong>, varios conductores utilizaron un permiso falso para ofrecer servicios de transporte a los aficionados fuera del circuito. Con una suma de  300.000 espectadores durante los tres d\u00edas del evento en 2022, la acumulaci\u00f3n de taxistas irregulares provoc\u00f3 un problema de movilidad en los alrededores del circuito.<\/p>\n\n\n\n<p class=\"wp-block-paragraph\">&#8220;En las dos ediciones pasadas, no tuvieron acceso a Zandvoort. Pero el a\u00f1o pasado, los taxis obtuvieron ilegalmente un pase de entrada y accedieron por su cuenta a la zona, donde ofrec\u00edan sus servicios&#8221;, revel\u00f3 Sans. &#8220;Esto caus\u00f3 muchos inconvenientes. Tambi\u00e9n hubo problemas dentro de nuestro plan de movilidad. Por eso, sepan que las normas est\u00e1n en vigor desde hace dos a\u00f1os, y que las mantendremos y actuaremos de acuerdo con ellas&#8221;, a\u00f1adi\u00f3.<\/p>\n\n\n\n<p class=\"wp-block-paragraph\"><strong>\u00a1Conoce el canal de Grande Pr\u00eamio en Espa\u00f1ol en\u00a0<\/strong><a href=\"https:\/\/www.youtube.com\/channel\/UCDxWojGVUi9gWYhrY0pGbIQ\" target=\"_blank\" rel=\"noreferrer noopener\"><strong>YouTube<\/strong><\/a><strong>!<\/strong><br><strong>\u00a1Sigue a Grande Pr\u00eamio en Espa\u00f1ol en\u00a0<\/strong><a href=\"https:\/\/twitter.com\/grandepremioES\" target=\"_blank\" rel=\"noreferrer noopener\"><strong>Twitter\u00a0<\/strong><\/a><strong>y en\u00a0<\/strong><a href=\"https:\/\/www.instagram.com\/grandepremioes\/\" target=\"_blank\" rel=\"noreferrer noopener\"><strong>Instagram<\/strong><\/a><strong>!<\/strong><\/p>\n\n\n\n<figure class=\"wp-block-image size-large\"><img decoding=\"async\" src=\"https:\/\/www.grandepremio.com\/br\/wp-content\/uploads\/2022\/09\/redbull-maxverstappen-01-4-1024x576.jpg\" alt=\"\" class=\"wp-image-610870\"\/><figcaption class=\"wp-element-caption\">El GP de Holanda es decimotercera fecha de la temporada 2023 de la F1 (Foto: Red Bull Content Pool)<\/figcaption><\/figure>\n\n\n\n<p class=\"wp-block-paragraph\">El representante del ayuntamiento de Zandvoort asegur\u00f3 a un grupo de taxistas que estar\u00edan autorizados a ofrecer servicios de movilidad en la edici\u00f3n de 2023 del Gran Premio de Holanda. Sin embargo, la habilitaci\u00f3n parcial enfureci\u00f3 a los conductores que no hab\u00edan recibido el pase para operar en las zonas aleda\u00f1as al aut\u00f3dromo, lo que desencaden\u00f3 una protesta y el bloqueo de las carreteras de acceso al circuito.<\/p>\n\n\n\n<p class=\"wp-block-paragraph\">&#8220;Ahora dicen: bloque\u00e9moslo. Lo que tenemos es una situaci\u00f3n similar a otras manifestaciones. En Holanda es libre protestar, puedes manifestarte, como en cualquier otra acci\u00f3n&#8221;, declar\u00f3 Sans. &#8220;Se consulta a los responsables del orden p\u00fablico y la seguridad, como la polic\u00eda. Luego analizamos c\u00f3mo se puede gestionar esta manifestaci\u00f3n&#8221;, a\u00f1adi\u00f3 el dirigente.<\/p>\n\n\n\n<p class=\"wp-block-paragraph\">&#8220;Explicamos mejor por qu\u00e9 tenemos las normas [de pases de entrada, etc.]. El informe de evaluaci\u00f3n del a\u00f1o pasado revel\u00f3 que hab\u00eda muchas molestias por los certificados ilegales de los pases de taxi. As\u00ed que ahora entramos en una conversaci\u00f3n sobre las protestas y manifestaciones&#8221;, concluy\u00f3 Sans.<\/p>\n\n\n\n<p class=\"wp-block-paragraph\">La F\u00f3rmula 1 est\u00e1 de vacaciones y retorna entre el 25 a 27 de agosto, para el GP de <strong>Holanda<\/strong>.<strong> GRANDE PR\u00caMIO<\/strong> en Espa\u00f1ol cubre el campeonato de forma completa. <\/p>\n","protected":false},"excerpt":{"rendered":"<p>Los conductores que no recibieron la autorizaci\u00f3n para hacer servicios de transporte en Zandvoort est\u00e1n organizando protestas y manifestaciones en los alrededores del aut\u00f3dromo holand\u00e9s.  <\/p>\n","protected":false},"author":0,"featured_media":1010193812,"comment_status":"closed","ping_status":"closed","sticky":false,"template":"","format":"standard","meta":{"42wp_featured_image_caption":"","42wp_featured_image_credits":"","42wp_featured_video":"","42wp_featured_image_hidden":false,"42wp_authors_list":[],"footnotes":""},"categories":[5],"tags":[181,1676,179,2534,1443,808],"42wp_author":[14223],"class_list":["post-17815","post","type-post","status-publish","format-standard","has-post-thumbnail","hentry","category-f1","tag-f1","tag-f1-2023","tag-formula-1","tag-formula-1-2023","tag-gp-de-holanda","tag-zandvoort","42wp_author-esteban-nieto"],"_links":{"self":[{"href":"https:\/\/grandepremio.com\/es\/wp-json\/wp\/v2\/posts\/17815","targetHints":{"allow":["GET"]}}],"collection":[{"href":"https:\/\/grandepremio.com\/es\/wp-json\/wp\/v2\/posts"}],"about":[{"href":"https:\/\/grandepremio.com\/es\/wp-json\/wp\/v2\/types\/post"}],"replies":[{"embeddable":true,"href":"https:\/\/grandepremio.com\/es\/wp-json\/wp\/v2\/comments?post=17815"}],"version-history":[{"count":0,"href":"https:\/\/grandepremio.com\/es\/wp-json\/wp\/v2\/posts\/17815\/revisions"}],"wp:featuredmedia":[{"embeddable":true,"href":"https:\/\/grandepremio.com\/es\/wp-json\/wp\/v2\/media\/1010193812"}],"wp:attachment":[{"href":"https:\/\/grandepremio.com\/es\/wp-json\/wp\/v2\/media?parent=17815"}],"wp:term":[{"taxonomy":"category","embeddable":true,"href":"https:\/\/grandepremio.com\/es\/wp-json\/wp\/v2\/categories?post=17815"},{"taxonomy":"post_tag","embeddable":true,"href":"https:\/\/grandepremio.com\/es\/wp-json\/wp\/v2\/tags?post=17815"},{"taxonomy":"42wp_author","embeddable":true,"href":"https:\/\/grandepremio.com\/es\/wp-json\/wp\/v2\/42wp_author?post=17815"}],"curies":[{"name":"wp","href":"https:\/\/api.w.org\/{rel}","templated":true}]}}