{"id":17870,"date":"2023-08-15T09:49:59","date_gmt":"2023-08-15T12:49:59","guid":{"rendered":"https:\/\/grandepremio.com\/es\/2023\/08\/15\/verstappen-casco-colores-bandera-nacional-holanda\/"},"modified":"2023-08-15T09:50:07","modified_gmt":"2023-08-15T12:50:07","slug":"verstappen-casco-colores-bandera-nacional-holanda","status":"publish","type":"post","link":"https:\/\/grandepremio.com\/es\/f1\/verstappen-casco-colores-bandera-nacional-holanda\/","title":{"rendered":"Verstappen anuncia casco especial con colores de bandera nacional para GP de Holanda"},"content":{"rendered":"\n<p class=\"wp-block-paragraph\">Aunque a\u00fan estamos en el medio del parate del verano europeo de la <strong>F\u00f3rmula 1<\/strong>, <strong>Max Verstappen<\/strong> no quiere dejar de ser noticia porque ha decidido que es buen momento para presentar un casco diferente, para una carrera m\u00e1s que particular.<\/p>\n\n\n\n<p class=\"wp-block-paragraph\">Hablamos, claro, del <strong>GP de los Pa\u00edses Bajos<\/strong> en <strong>Zandvoort,<\/strong> la 13\u00b0 cita de la temporada 2023, en el que Max contar\u00e1 con el dise\u00f1o de la bandera de su pa\u00eds en todo el casco. El a\u00f1o pasado, el campe\u00f3n del mundo hab\u00eda homenajeado a su padre, Jos, quien tambi\u00e9n corri\u00f3 en la F1.<\/p>\n\n\n\n<figure class=\"wp-block-embed is-type-rich is-provider-twitter wp-block-embed-twitter\"><div class=\"wp-block-embed__wrapper\">\n<blockquote class=\"twitter-tweet\" data-width=\"500\" data-dnt=\"true\"><p lang=\"en\" dir=\"ltr\">My upcoming home race of course calls for a special Dutch Grand Prix helmet design \u270d\ud83c\uddf3\ud83c\uddf1 See you in Zandvoort \ud83e\udd81<br><br>You can get your scale model helmets now on <a href=\"https:\/\/t.co\/46lRXQtA7q\">https:\/\/t.co\/46lRXQtA7q<\/a> <a href=\"https:\/\/t.co\/BPsMpLDeMf\">pic.twitter.com\/BPsMpLDeMf<\/a><\/p>&mdash; Max Verstappen (@Max33Verstappen) <a href=\"https:\/\/x.com\/Max33Verstappen\/status\/1691359076213551104?ref_src=twsrc%5Etfw\">August 15, 2023<\/a><\/blockquote><script async src=\"https:\/\/platform.x.com\/widgets.js\" charset=\"utf-8\"><\/script>\n<\/div><\/figure>\n\n\n\n<p class=\"wp-block-paragraph\">En la parte superior,<strong> la bandera est\u00e1 dispuesta con un le\u00f3n<\/strong>, el s\u00edmbolo nacional con explicaciones que se remontan a un milenio atr\u00e1s, en la parte superior. Los colores de la bandera tambi\u00e9n se representan de forma diferente<strong>, con adornos azules en el lado derecho y rojos en el izquierdo<\/strong>, con el blanco uniendo ambos en la parte posterior.<\/p>\n\n\n\n<p class=\"wp-block-paragraph\">La edici\u00f3n de 2023 ser\u00e1 la tercera desde el regreso del GP de Pa\u00edses Bajos al calendario, en 2021, con ambas victorias de Verstappen, para el delirio de la<strong> \u201cmarea naranja\u201d<\/strong>, que lo acompa\u00f1a a varios circuitos en Europa, adem\u00e1s de la presencia en Zandvoort.<\/p>\n\n\n\n<figure class=\"wp-block-image size-large\"><img decoding=\"async\" src=\"https:\/\/www.grandepremio.com\/br\/wp-content\/uploads\/2023\/07\/SI202307300305_hires_jpeg_24bit_rgb-1024x575.jpg\" alt=\"\" class=\"wp-image-713327\"\/><figcaption class=\"wp-element-caption\">Max Verstappen es todo sonrisas en F1 2023 (Foto: Francois Nel\/Getty Images)<\/figcaption><\/figure>\n\n\n\n<p class=\"wp-block-paragraph\">Hay que agregar que, si Max vence, de nuevo, en Holanda, no solo que se har\u00e1 con la racha m\u00e1s extensa de triunfos en el circuito neerland\u00e9s, sino que igualar\u00e1 a <strong>Sebastian Vettel<\/strong> con <strong>nueve victorias en fila,<\/strong> algo que el alem\u00e1n consigui\u00f3 en la temporada 2013, con Red Bull.<\/p>\n\n\n\n<p class=\"wp-block-paragraph\"><strong>Alberto Ascari<\/strong> tiene un r\u00e9cord similar al de Vettel, pero, al no competir en las <strong>500 millas de Indianapolis<\/strong> de 1953, <strong>no se contabilizan los triunfos de manera consecutiva<\/strong>. La racha del italiano se qued\u00f3 en siete, aunque, despu\u00e9s de la cita en Estados Unidos, gan\u00f3 otras dos competencias m\u00e1s. Sobre la <strong>Indy500<\/strong>, los pilotos europeos no compitieron en este evento hasta finales de la d\u00e9cada de 1950 y parte de la d\u00e9cada de 1960, <strong>hasta que se quit\u00f3 del calendario de la F\u00f3rmula 1<\/strong>.<\/p>\n\n\n\n<p class=\"wp-block-paragraph\"><strong>\u00a1Conoce el canal de Grande Pr\u00eamio en Espa\u00f1ol en&nbsp;<\/strong><a href=\"https:\/\/www.youtube.com\/channel\/UCDxWojGVUi9gWYhrY0pGbIQ\" target=\"_blank\" rel=\"noreferrer noopener\"><strong>YouTube<\/strong><\/a><strong>!<\/strong><br><strong>\u00a1Sigue a Grande Pr\u00eamio en Espa\u00f1ol en&nbsp;<\/strong><a href=\"https:\/\/twitter.com\/grandepremioES\" target=\"_blank\" rel=\"noreferrer noopener\"><strong>Twitter&nbsp;<\/strong><\/a><strong>y en&nbsp;<\/strong><a href=\"https:\/\/www.instagram.com\/grandepremioes\/\" target=\"_blank\" rel=\"noreferrer noopener\"><strong>Instagram<\/strong><\/a><strong>!<\/strong><\/p>\n\n\n\n<p class=\"wp-block-paragraph\">Entre el 25 y el 27 de agosto, la <strong>F\u00f3rmula 1<\/strong> reanuda su actividad con el GP de Holanda, en Zandvoort, para la 13\u00aa prueba de la temporada 2023.<strong> GRANDE PR\u00caMIO<\/strong> sigue todas las actividades EN DIRECTO y EN TIEMPO REAL.<\/p>\n","protected":false},"excerpt":{"rendered":"<p>Max Verstappen, l\u00edder de la F1 2023, present\u00f3 el dise\u00f1o especial que tendr\u00e1 su casco con motivo de su carrera \u201ccomo local\u201d en el Gran Premio de los Pa\u00edses Bajos, que se correr\u00e1 en Zandvoort, en dos semanas. <\/p>\n","protected":false},"author":0,"featured_media":1010192565,"comment_status":"closed","ping_status":"closed","sticky":false,"template":"","format":"standard","meta":{"42wp_featured_image_caption":"","42wp_featured_image_credits":"","42wp_featured_video":"","42wp_featured_image_hidden":false,"42wp_authors_list":[],"footnotes":""},"categories":[5],"tags":[1793,181,179,1443,599,249,206,208,808],"42wp_author":[14237],"class_list":["post-17870","post","type-post","status-publish","format-standard","has-post-thumbnail","hentry","category-f1","tag-alberto-ascari","tag-f1","tag-formula-1","tag-gp-de-holanda","tag-indy500","tag-max-verstappen","tag-red-bull","tag-sebastian-vettel","tag-zandvoort","42wp_author-gabriel-garcia"],"_links":{"self":[{"href":"https:\/\/grandepremio.com\/es\/wp-json\/wp\/v2\/posts\/17870","targetHints":{"allow":["GET"]}}],"collection":[{"href":"https:\/\/grandepremio.com\/es\/wp-json\/wp\/v2\/posts"}],"about":[{"href":"https:\/\/grandepremio.com\/es\/wp-json\/wp\/v2\/types\/post"}],"replies":[{"embeddable":true,"href":"https:\/\/grandepremio.com\/es\/wp-json\/wp\/v2\/comments?post=17870"}],"version-history":[{"count":0,"href":"https:\/\/grandepremio.com\/es\/wp-json\/wp\/v2\/posts\/17870\/revisions"}],"wp:featuredmedia":[{"embeddable":true,"href":"https:\/\/grandepremio.com\/es\/wp-json\/wp\/v2\/media\/1010192565"}],"wp:attachment":[{"href":"https:\/\/grandepremio.com\/es\/wp-json\/wp\/v2\/media?parent=17870"}],"wp:term":[{"taxonomy":"category","embeddable":true,"href":"https:\/\/grandepremio.com\/es\/wp-json\/wp\/v2\/categories?post=17870"},{"taxonomy":"post_tag","embeddable":true,"href":"https:\/\/grandepremio.com\/es\/wp-json\/wp\/v2\/tags?post=17870"},{"taxonomy":"42wp_author","embeddable":true,"href":"https:\/\/grandepremio.com\/es\/wp-json\/wp\/v2\/42wp_author?post=17870"}],"curies":[{"name":"wp","href":"https:\/\/api.w.org\/{rel}","templated":true}]}}