{"id":17892,"date":"2023-08-13T13:59:06","date_gmt":"2023-08-13T16:59:06","guid":{"rendered":"https:\/\/grandepremio.com\/es\/2023\/08\/13\/ricciardo-admite-dificultades-regreso-f1\/"},"modified":"2023-08-13T13:59:13","modified_gmt":"2023-08-13T16:59:13","slug":"ricciardo-admite-dificultades-regreso-f1","status":"publish","type":"post","link":"https:\/\/grandepremio.com\/es\/f1\/ricciardo-admite-dificultades-regreso-f1\/","title":{"rendered":"Ricciardo admite dificultades en regreso a F1: &#8220;Me llev\u00f3 tiempo encontrarme a m\u00ed mismo&#8221;"},"content":{"rendered":"\n<p class=\"wp-block-paragraph\">Tras haber sido reemplazado por el equipo<strong> McLaren, Daniel Ricciardo<\/strong> estuvo fuera de la F\u00f3rmula 1 por apenas 10 carreras, ya que <a href=\"https:\/\/grandepremio.com\/es\/\/f1\/nyck-de-vries-alphatauri-daniel-ricciardo-red-bull-formula-1\/\" target=\"_blank\" rel=\"noreferrer noopener\">Red Bull decidi\u00f3 despedir a Nyck De Vries<\/a> luego del GP de la Gran Breta\u00f1a y convocarlo para que sea el compa\u00f1ero de Yuki Tsunoda en AlphaTauri.<\/p>\n\n\n\n<p class=\"wp-block-paragraph\">El piloto australiano destac\u00f3 que Red Bull le ayud\u00f3 a recuperar la confianza en s\u00ed mismo: &#8220;<strong>Cuando conduje el simulador por primera vez, pude ver que hab\u00eda pasado algo de tiemp<\/strong>o. Como sabes, no tuve un asiento de carreras durante unos meses. Me estaba debiendo un poco en t\u00e9rminos de confianza y de simplemente ir a la pista y conducir. <strong>Te vienen otros pensamientos a la cabeza&#8221;.<\/strong><\/p>\n\n\n\n<p class=\"wp-block-paragraph\">&#8220;Y probablemente lo sab\u00eda en ese momento [cuando estaba en McLaren], pero, ya sabes: ves las cosas m\u00e1s claras, probablemente, en retrospectiva&#8221;, coment\u00f3 Ricciardo. Hay que recordar que <strong>Christian Horner<\/strong> hab\u00eda declarado que le brindaron asistencia al ahora piloto de <strong>AlphaTauri<\/strong> porque <a href=\"https:\/\/grandepremio.com\/es\/\/f1\/horner-ricciardo-mismo-tiempos-red-bull\/\" target=\"_blank\" rel=\"noreferrer noopener\">hab\u00eda perdido, seg\u00fan el Jefe de Red Bull, sus habilidades conductivas en <strong>Renault<\/strong> y McLaren.<\/a><\/p>\n\n\n\n<figure class=\"wp-block-image size-large\"><img decoding=\"async\" src=\"https:\/\/www.grandepremio.com\/br\/wp-content\/uploads\/2023\/07\/f1-2023-belgica-corrida-alphatauri-danielricciardo-05-1024x643.jpg\" alt=\"\" class=\"wp-image-713442\"\/><figcaption class=\"wp-element-caption\">Ahora en AlphaTauri, Ricciardo vuelve a la F\u00f3rmula 1 (Foto: Red Bull Content Pool)<\/figcaption><\/figure>\n\n\n\n<p class=\"wp-block-paragraph\">Ricciardo dijo que, a pesar de su felicidad por estar de vuelta en un entorno familiar, el nerviosismo fue parte de su reinicio en el equipo y que le cost\u00f3 retomar su confianza en la conducci\u00f3n despu\u00e9s de dos a\u00f1os muy malos en el equipo brit\u00e1nico.<\/p>\n\n\n\n<p class=\"wp-block-paragraph\"><strong>&#8220;Volver a Red Bull fue emocionante para m\u00ed, pero tambi\u00e9n estaba un poco nervioso&#8221;<\/strong>, reconoci\u00f3. &#8220;As\u00ed que probablemente [falt\u00f3 s\u00f3lo] esa comodidad o confianza en los primeros usos del simulador. Me llev\u00f3 alg\u00fan tiempo sacudirme el polvo y <strong>encontrarme a m\u00ed mismo de nuevo&#8221;.<\/strong><\/p>\n\n\n\n<p class=\"wp-block-paragraph\">Por \u00faltimo, Ricciardo habl\u00f3 sobre la importancia de volver a trabajar con el brit\u00e1nico <strong>Simon Rennie<\/strong>, que fue su ingeniero de carrera durante su primera etapa en Red Bull y ahora <strong>maneja el simulador del equipo<\/strong>. Para el australiano, volver a trabajar con gente que conoce desde hace tiempo le ha ayudado a recuperar la confianza.<\/p>\n\n\n\n<p class=\"wp-block-paragraph\"><strong>&#8220;Creo que lo que me ha ayudado mucho es trabajar con Simon Rennie, mi ingeniero en Red Bull cuando estaba all\u00ed. \u00c9l ha estado dirigiendo el simulador&#8221;<\/strong>, subray\u00f3. &#8220;Creo que tener esa familiaridad, trabajar con \u00e9l, <strong>me ayud\u00f3 r\u00e1pidamente a recuperar la confianza<\/strong>. Y, obviamente, miras los datos e intentas aprender de Max y &#8216;Checo&#8217;, que est\u00e1n familiarizados con este coche&#8221;, concluy\u00f3.<\/p>\n\n\n\n<p class=\"wp-block-paragraph\"><strong>\u00a1Conoce el canal de Grande Pr\u00eamio en Espa\u00f1ol en&nbsp;<\/strong><a href=\"https:\/\/www.youtube.com\/channel\/UCDxWojGVUi9gWYhrY0pGbIQ\" target=\"_blank\" rel=\"noreferrer noopener\"><strong>YouTube<\/strong><\/a><strong>!<\/strong><br><strong>\u00a1Sigue a Grande Pr\u00eamio en Espa\u00f1ol en&nbsp;<\/strong><a href=\"https:\/\/twitter.com\/grandepremioES\" target=\"_blank\" rel=\"noreferrer noopener\"><strong>Twitter&nbsp;<\/strong><\/a><strong>y en&nbsp;<\/strong><a href=\"https:\/\/www.instagram.com\/grandepremioes\/\" target=\"_blank\" rel=\"noreferrer noopener\"><strong>Instagram<\/strong><\/a><strong>!<\/strong><\/p>\n\n\n\n<p class=\"wp-block-paragraph\">La<strong> <a href=\"https:\/\/grandepremio.com\/es\/\/f1\/ultimas-noticias\/\" target=\"_blank\" rel=\"noreferrer noopener\">F\u00f3rmula 1<\/a><\/strong> regresa del 25 al 27 de agosto en Zandvoort (Pa\u00edses Bajos) para la 13\u00aa prueba de la temporada 2023. <strong>GRANDE PR\u00caMIO<\/strong> sigue todas las actividades EN DIRECTO y EN TIEMPO REAL.<\/p>\n","protected":false},"excerpt":{"rendered":"<p>Daniel Ricciardo admiti\u00f3 que necesit\u00f3 algo de tiempo para &#8220;sacudirse el polvo&#8221; en el simulador de Red Bull y dijo que la familiaridad con el equipo le ayud\u00f3 a recuperar la confianza.<\/p>\n","protected":false},"author":0,"featured_media":1010190678,"comment_status":"closed","ping_status":"closed","sticky":false,"template":"","format":"standard","meta":{"42wp_featured_image_caption":"","42wp_featured_image_credits":"","42wp_featured_video":"","42wp_featured_image_hidden":false,"42wp_authors_list":[],"footnotes":""},"categories":[5],"tags":[508,4645,365,181,179,269,206,210],"42wp_author":[14237],"class_list":["post-17892","post","type-post","status-publish","format-standard","has-post-thumbnail","hentry","category-f1","tag-alphatauri","tag-at04","tag-daniel-ricciardo","tag-f1","tag-formula-1","tag-mclaren","tag-red-bull","tag-renault","42wp_author-gabriel-garcia"],"_links":{"self":[{"href":"https:\/\/grandepremio.com\/es\/wp-json\/wp\/v2\/posts\/17892","targetHints":{"allow":["GET"]}}],"collection":[{"href":"https:\/\/grandepremio.com\/es\/wp-json\/wp\/v2\/posts"}],"about":[{"href":"https:\/\/grandepremio.com\/es\/wp-json\/wp\/v2\/types\/post"}],"replies":[{"embeddable":true,"href":"https:\/\/grandepremio.com\/es\/wp-json\/wp\/v2\/comments?post=17892"}],"version-history":[{"count":0,"href":"https:\/\/grandepremio.com\/es\/wp-json\/wp\/v2\/posts\/17892\/revisions"}],"wp:featuredmedia":[{"embeddable":true,"href":"https:\/\/grandepremio.com\/es\/wp-json\/wp\/v2\/media\/1010190678"}],"wp:attachment":[{"href":"https:\/\/grandepremio.com\/es\/wp-json\/wp\/v2\/media?parent=17892"}],"wp:term":[{"taxonomy":"category","embeddable":true,"href":"https:\/\/grandepremio.com\/es\/wp-json\/wp\/v2\/categories?post=17892"},{"taxonomy":"post_tag","embeddable":true,"href":"https:\/\/grandepremio.com\/es\/wp-json\/wp\/v2\/tags?post=17892"},{"taxonomy":"42wp_author","embeddable":true,"href":"https:\/\/grandepremio.com\/es\/wp-json\/wp\/v2\/42wp_author?post=17892"}],"curies":[{"name":"wp","href":"https:\/\/api.w.org\/{rel}","templated":true}]}}