{"id":17897,"date":"2023-08-13T11:07:09","date_gmt":"2023-08-13T14:07:09","guid":{"rendered":"https:\/\/grandepremio.com\/es\/2023\/08\/13\/adam-fitzgerald-van-t-hoff-freca\/"},"modified":"2023-08-13T11:07:15","modified_gmt":"2023-08-13T14:07:15","slug":"adam-fitzgerald-van-t-hoff-freca","status":"publish","type":"post","link":"https:\/\/grandepremio.com\/es\/frec\/adam-fitzgerald-van-t-hoff-freca\/","title":{"rendered":"Fitzgerald detalla choque con Van &#8216;t Hoff en Spa: &#8220;Deber\u00edan haber interrumpido la carrera&#8221;"},"content":{"rendered":"\n<p class=\"wp-block-paragraph\">Por primera vez desde el accidente que cost\u00f3 la vida a <strong>Dilano van &#8216;t Hoff <\/strong>en la carrera 2 de la <strong>F\u00f3rmula Regional Europea (FRECA) en Spa-Francorchamps, Adam Fitzgerald<\/strong> record\u00f3 los terribles momentos vividos bajo la intensa lluvia que cay\u00f3 sobre B\u00e9lgica el 1 de julio de 2023. Fue el coche del irland\u00e9s el que choc\u00f3 contra el monoplaza del equipo <strong>MP Motorsport <\/strong>del joven holand\u00e9s, un golpe fatal que no pudo evitarse dada la condici\u00f3n de &#8220;visibilidad cero&#8221;, en palabras del piloto de la escuder\u00eda RPM.<\/p>\n\n\n\n<p class=\"wp-block-paragraph\">En ese momento, la carrera estaba a pocos minutos del final cuando los comisarios de carrera autorizaron una reanudaci\u00f3n tras la intervenci\u00f3n del coche de seguridad. En la r\u00e1pida combinaci\u00f3n de Eau Rouge + Raidillon, Van &#8216;t Hoff hizo un trompo y qued\u00f3 cruzado en la pista en la recta de Kemmel. Y Fitzgerald, que lo segu\u00eda de cerca a gran velocidad, no pudo esquivarlo.<\/p>\n\n\n\n<p class=\"wp-block-paragraph\">&#8220;Todo sucedi\u00f3 tan r\u00e1pido que ni siquiera tuve la oportunidad de reaccionar antes del impacto&#8221;, declar\u00f3 Fitzgerald al sitio web Feeder Series. &#8220;El equipo me dijo que no tuve oportunidad de frenar antes de golpear el coche de Dilano, as\u00ed que lo embest\u00ed. No recuerdo muy bien ese momento, s\u00f3lo el dolor\u2026 sorprendentemente la adrenalina no hizo nada. Fue como si me dieran un martillazo en la parte baja de la espalda, el dolor m\u00e1s insoportable&#8221;, revel\u00f3.<\/p>\n\n\n\n<p class=\"wp-block-paragraph\"><strong>ATENCI\u00d3N: IM\u00c1GENES SENSIBLES<\/strong><\/p>\n\n\n\n<figure class=\"wp-block-video\"><video class=\"video-js vjs-big-play-centered\" data-gp-vjs=\"1\" controls src=\"https:\/\/www.grandepremio.com\/br\/wp-content\/uploads\/2023\/07\/Acidente-Dilano-FRECA-Spa.mp4\"><\/video><figcaption class=\"wp-element-caption\">Dilano Van \u2018t Hoff falleci\u00f3 en un accidente en la F\u00f3rmula Regional Europea. (Video: Reproducci\u00f3n)<\/figcaption><\/figure>\n\n\n\n<p class=\"wp-block-paragraph\">&#8220;En ese momento, ni siquiera sab\u00eda que ten\u00eda el codo roto, no sab\u00eda que me hab\u00eda fracturado el estern\u00f3n (hueso situado en la regi\u00f3n de la caja tor\u00e1cica), que me hab\u00eda hecho da\u00f1o en el tal\u00f3n, en el otro codo\u2026 No sent\u00ed nada de eso porque todo el dolor se concentraba en la espalda&#8221;, subray\u00f3 Adam, que no tuvo dudas cuando se le pregunt\u00f3 si la carrera deber\u00eda haber terminado con ese auto de seguridad.<\/p>\n\n\n\n<p class=\"wp-block-paragraph\">&#8220;Absolutamente&#8221;, afirm\u00f3. &#8220;Te puedo dar un ejemplo para explicar lo mala que era la visibilidad. En Spa, primero tienes Eau Rouge, que es una curva a la izquierda, luego viene Raidillon a la derecha. El primer piano, a la izquierda, no se ve\u00eda, lo perd\u00ed completamente. Casi me voy por la hierba en Raidillon porque no pod\u00eda ver d\u00f3nde estaba el piano&#8221;, continu\u00f3.<\/p>\n\n\n\n<p class=\"wp-block-paragraph\">&#8220;La visibilidad era nula y, para colmo, ten\u00eda la visera empa\u00f1ada. Esta carrera deber\u00eda haberse parado por completo, era demasiado peligrosa. No hab\u00eda ninguna posibilidad, ninguna posibilidad en absoluto, si alguien hac\u00eda un trompo delante de ti, de que pudieras ver y esquivar el coche. Y eso fue lo que pas\u00f3&#8221;, lament\u00f3 el joven.<\/p>\n\n\n\n<figure class=\"wp-block-image size-large\"><img decoding=\"async\" src=\"https:\/\/www.grandepremio.com\/br\/wp-content\/uploads\/2023\/07\/Dilano-2-1024x683.jpg\" alt=\"\" class=\"wp-image-702289\"\/><figcaption class=\"wp-element-caption\">Dilano van &#8216;t Hoff muri\u00f3 en un accidente en la FRECA, cuando su auto fue embestido por el Adam Fitzgerald (Foto: Reproducci\u00f3n)<\/figcaption><\/figure>\n\n\n\n<p class=\"wp-block-paragraph\">Poco despu\u00e9s del accidente, el equipo RPM confirm\u00f3 que Fitzgerald hab\u00eda sufrido &#8220;m\u00faltiples fracturas&#8221; por el impacto del choque. Adam dijo que lo \u00fanico que recuerda es haber visto la ambulancia dirigi\u00e9ndose hacia el coche de Dilano, pero que era imposible imaginar la gravedad de las lesiones. Hab\u00eda mucha gente alrededor del coche de MP, mientras que Joshua Dufek, el piloto de Van Amersfoort, estaba cerca de su coche gritando que atendieran tambi\u00e9n al irland\u00e9s.<\/p>\n\n\n\n<p class=\"wp-block-paragraph\">&#8220;Pero no hab\u00eda nadie porque s\u00f3lo hab\u00eda una ambulancia en el lugar&#8221;, revel\u00f3. &#8220;Me imagin\u00e9 que Dilano estaba definitivamente herido, pero nunca supe lo grave que pod\u00eda ser. Sab\u00eda que los dos est\u00e1bamos mal y\u2026&#8221;, hizo una pausa.&#8221;Es incre\u00edblemente triste lo que pas\u00f3, todav\u00eda estoy sin palabras por lo que le pas\u00f3 a \u00e9l y a su familia&#8221;, a\u00f1adi\u00f3.<\/p>\n\n\n\n<p class=\"wp-block-paragraph\">En el momento del accidente, FRECA rindi\u00f3 homenaje, expresando &#8220;nuestras sinceras condolencias a la familia, el personal y los amigos&#8221;. No hubo, sin embargo, ninguna declaraci\u00f3n sobre las condiciones de la pista durante el fatal accidente, situaci\u00f3n que se mantiene a d\u00eda de hoy. La <strong>Federaci\u00f3n Internacional de Automovilismo (FIA) <\/strong>tampoco se ha pronunciado sobre la decisi\u00f3n de permitir las carreras con lluvia intensa en<strong> Spa<\/strong>.<\/p>\n\n\n\n<p class=\"wp-block-paragraph\"><\/p>\n","protected":false},"excerpt":{"rendered":"<p>Adam Fitzgerald habl\u00f3 por primera vez desde el accidente de la FRECA en Spa, que result\u00f3 en la muerte de Dilano van &#8216;t Hoff. El piloto opin\u00f3 que la carrera deber\u00eda haber sido interrumpida antes del accidente fatal del holand\u00e9s. <\/p>\n","protected":false},"author":0,"featured_media":1000717554,"comment_status":"closed","ping_status":"closed","sticky":false,"template":"","format":"standard","meta":{"42wp_featured_image_caption":"","42wp_featured_image_credits":"","42wp_featured_video":"","42wp_featured_image_hidden":false,"42wp_authors_list":[],"footnotes":""},"categories":[41],"tags":[8513,7988,7982,1660,8167],"42wp_author":[14223],"class_list":["post-17897","post","type-post","status-publish","format-standard","has-post-thumbnail","hentry","category-frec","tag-accidente-de-dilano-van-t-hoff","tag-adam-fitzgerald","tag-dilano-van-t-hoff","tag-freca","tag-freca-spa-francorchamps","42wp_author-esteban-nieto"],"_links":{"self":[{"href":"https:\/\/grandepremio.com\/es\/wp-json\/wp\/v2\/posts\/17897","targetHints":{"allow":["GET"]}}],"collection":[{"href":"https:\/\/grandepremio.com\/es\/wp-json\/wp\/v2\/posts"}],"about":[{"href":"https:\/\/grandepremio.com\/es\/wp-json\/wp\/v2\/types\/post"}],"replies":[{"embeddable":true,"href":"https:\/\/grandepremio.com\/es\/wp-json\/wp\/v2\/comments?post=17897"}],"version-history":[{"count":0,"href":"https:\/\/grandepremio.com\/es\/wp-json\/wp\/v2\/posts\/17897\/revisions"}],"wp:featuredmedia":[{"embeddable":true,"href":"https:\/\/grandepremio.com\/es\/wp-json\/wp\/v2\/media\/1000717554"}],"wp:attachment":[{"href":"https:\/\/grandepremio.com\/es\/wp-json\/wp\/v2\/media?parent=17897"}],"wp:term":[{"taxonomy":"category","embeddable":true,"href":"https:\/\/grandepremio.com\/es\/wp-json\/wp\/v2\/categories?post=17897"},{"taxonomy":"post_tag","embeddable":true,"href":"https:\/\/grandepremio.com\/es\/wp-json\/wp\/v2\/tags?post=17897"},{"taxonomy":"42wp_author","embeddable":true,"href":"https:\/\/grandepremio.com\/es\/wp-json\/wp\/v2\/42wp_author?post=17897"}],"curies":[{"name":"wp","href":"https:\/\/api.w.org\/{rel}","templated":true}]}}