{"id":17934,"date":"2023-08-10T12:29:08","date_gmt":"2023-08-10T15:29:08","guid":{"rendered":"https:\/\/grandepremio.com\/es\/2023\/08\/10\/ducati-regreso-bautista-malasia-motogp\/"},"modified":"2023-08-10T12:29:16","modified_gmt":"2023-08-10T15:29:16","slug":"ducati-regreso-bautista-malasia-motogp","status":"publish","type":"post","link":"https:\/\/grandepremio.com\/es\/motogp\/ducati-regreso-bautista-malasia-motogp\/","title":{"rendered":"Ducati anuncia el regreso de Bautista como wild-card en el GP de Malasia de MotoGP"},"content":{"rendered":"\n<p class=\"wp-block-paragraph\">Ducati anunci\u00f3 en la ma\u00f1ana de este jueves que <strong>\u00c1lvaro Bautista<\/strong> volver\u00e1 a <strong>MotoGP <\/strong>con una moto de la casa de <strong>Borgo Panigale<\/strong>, como un reconocimiento a su logro del <strong>Mundial de Superbike.<\/strong> El piloto espa\u00f1ol, de 38 a\u00f1os, correr\u00e1 con el apoyo de Aruba.it.<\/p>\n\n\n\n<p class=\"wp-block-paragraph\">Bautista, que se fue a finales de 2018 al <strong>Campeonato Mundial de Superbikes,<\/strong> se coron\u00f3 campe\u00f3n de la entonces categor\u00eda de 125cc en la temporada 2006. En su paso por la categor\u00eda mayor de las dos ruedas, alcanz\u00f3 tres podios y una pole position, pero no pudo garantizar su continuidad despu\u00e9s de nueve a\u00f1os.<\/p>\n\n\n\n<figure class=\"wp-block-image size-large\"><img decoding=\"async\" src=\"https:\/\/www.grandepremio.com\/br\/wp-content\/uploads\/2023\/06\/AP12235_UC526044_High-1024x682.jpg\" alt=\"\" class=\"wp-image-698554\"\/><figcaption class=\"wp-element-caption\">\u00c1lvaro Bautista probando con Ducati (Foto: Ducati)<\/figcaption><\/figure>\n\n\n\n<p class=\"wp-block-paragraph\">Ya en el campeonato de Superbikes, \u00c1lvaro gan\u00f3 16 carreras en 2019, pero no se pudo coronar campe\u00f3n, se fue a Honda, solo para retornar con Ducati. Actualmente, tiene una gran ventaja al frente del campeonato, y todo indica que podr\u00eda retener la corona de la especialidad.<\/p>\n\n\n\n<p class=\"wp-block-paragraph\"><strong>&#8220;Estoy muy contento de poder correr en MotoGP como wild-card en Sepang, una pista que me gusta mucho<\/strong>. Y estoy contento de volver ya que no est\u00e1 en el calendario del Mundial de Superbikes. Los tests con la Ducati Desmosedici GP me han dado buenas sensaciones.<strong> Me he sentido bien, me he divertido, quiero dar las gracias a Ducati y a Aruba.it, porque sin ellos ser\u00eda imposible hacer esto realidad<\/strong>&#8220;, coment\u00f3 Bautista.<\/p>\n\n\n\n<p class=\"wp-block-paragraph\">Hay que decir que <strong>\u00c1lvaro ya ha probado la GP22 en dos ocasiones<\/strong>, ambas en el circuito italiano de Misano. De acuerdo con Motorsport.com, <strong>Ducati<\/strong> quiso alinearlo en Valencia, pero el piloto decidi\u00f3 que fuera en la ronda de Malasia, a pesar de un mayor gasto para la f\u00e1brica italiana.<\/p>\n\n\n\n<p class=\"wp-block-paragraph\"><strong>\u00a1Conoce el canal de Grande Pr\u00eamio en Espa\u00f1ol en&nbsp;<\/strong><a href=\"https:\/\/www.youtube.com\/channel\/UCDxWojGVUi9gWYhrY0pGbIQ\" target=\"_blank\" rel=\"noreferrer noopener\"><strong>YouTube<\/strong><\/a><strong>!<\/strong><br><strong>\u00a1Sigue a Grande Pr\u00eamio en Espa\u00f1ol en&nbsp;<\/strong><a href=\"https:\/\/twitter.com\/grandepremioES\" target=\"_blank\" rel=\"noreferrer noopener\"><strong>Twitter&nbsp;<\/strong><\/a><strong>y en&nbsp;<\/strong><a href=\"https:\/\/www.instagram.com\/grandepremioes\/\" target=\"_blank\" rel=\"noreferrer noopener\"><strong>Instagram<\/strong><\/a><strong>!<\/strong><\/p>\n\n\n\n<p class=\"wp-block-paragraph\">El <strong>GP de Malasia <\/strong>de <strong>MotoGP<\/strong> es la 18\u00aa y antepen\u00faltima prueba del Campeonato del Mundo, y se disputa el 12 de noviembre, mientras que la pr\u00f3xima cita de la categor\u00eda ser\u00e1 el 20 de agosto con el GP de Austria. Pecco Bagnaia, de Ducati, es el l\u00edder del campeonato con 214 puntos y el fabricante italiano tambi\u00e9n lidera el Campeonato del Mundo de Constructores y tiene al sat\u00e9lite Pramac en lo m\u00e1s alto del Campeonato de Equipos.<\/p>\n","protected":false},"excerpt":{"rendered":"<p>\u00c1lvaro Bautista regresar\u00e1 a MotoGP con una moto adicional en el Gran Premio de Malasia, como premio por parte de Ducati por haber ganado el Mundial de Superbike el a\u00f1o pasado. <\/p>\n","protected":false},"author":0,"featured_media":1010189789,"comment_status":"closed","ping_status":"closed","sticky":false,"template":"","format":"standard","meta":{"42wp_featured_image_caption":"","42wp_featured_image_credits":"","42wp_featured_video":"","42wp_featured_image_hidden":false,"42wp_authors_list":[],"footnotes":""},"categories":[8],"tags":[8493,1340,1548,2076,1293,8492,2077],"42wp_author":[14237],"class_list":["post-17934","post","type-post","status-publish","format-standard","has-post-thumbnail","hentry","category-motogp","tag-alvaro-bautista-2","tag-ducati","tag-gp-de-malasia","tag-malasia","tag-motogp","tag-mundial-de-superbikes","tag-sepang","42wp_author-gabriel-garcia"],"_links":{"self":[{"href":"https:\/\/grandepremio.com\/es\/wp-json\/wp\/v2\/posts\/17934","targetHints":{"allow":["GET"]}}],"collection":[{"href":"https:\/\/grandepremio.com\/es\/wp-json\/wp\/v2\/posts"}],"about":[{"href":"https:\/\/grandepremio.com\/es\/wp-json\/wp\/v2\/types\/post"}],"replies":[{"embeddable":true,"href":"https:\/\/grandepremio.com\/es\/wp-json\/wp\/v2\/comments?post=17934"}],"version-history":[{"count":0,"href":"https:\/\/grandepremio.com\/es\/wp-json\/wp\/v2\/posts\/17934\/revisions"}],"wp:featuredmedia":[{"embeddable":true,"href":"https:\/\/grandepremio.com\/es\/wp-json\/wp\/v2\/media\/1010189789"}],"wp:attachment":[{"href":"https:\/\/grandepremio.com\/es\/wp-json\/wp\/v2\/media?parent=17934"}],"wp:term":[{"taxonomy":"category","embeddable":true,"href":"https:\/\/grandepremio.com\/es\/wp-json\/wp\/v2\/categories?post=17934"},{"taxonomy":"post_tag","embeddable":true,"href":"https:\/\/grandepremio.com\/es\/wp-json\/wp\/v2\/tags?post=17934"},{"taxonomy":"42wp_author","embeddable":true,"href":"https:\/\/grandepremio.com\/es\/wp-json\/wp\/v2\/42wp_author?post=17934"}],"curies":[{"name":"wp","href":"https:\/\/api.w.org\/{rel}","templated":true}]}}