{"id":17996,"date":"2023-08-05T09:57:06","date_gmt":"2023-08-05T12:57:06","guid":{"rendered":"https:\/\/grandepremio.com\/es\/2023\/08\/05\/formula-1-red-bull-dominio-mercedes\/"},"modified":"2023-08-05T09:57:16","modified_gmt":"2023-08-05T12:57:16","slug":"formula-1-red-bull-dominio-mercedes","status":"publish","type":"post","link":"https:\/\/grandepremio.com\/es\/f1\/formula-1-red-bull-dominio-mercedes\/","title":{"rendered":"Red Bull recuerda siete a\u00f1os de dominio de Mercedes en F1: &#8220;Tuvimos que esperar&#8221;"},"content":{"rendered":"\n<figure class=\"wp-block-embed is-type-video is-provider-youtube wp-block-embed-youtube wp-embed-aspect-4-3 wp-has-aspect-ratio\"><div class=\"wp-block-embed__wrapper\">\n<iframe loading=\"lazy\" title=\"ASTON MARTIN SABE HACIA D\u00d3NDE IR... \u00a1PERO EL AMR23 COMENZ\u00d3 A MOSTRAR FALENCIAS!\" width=\"500\" height=\"281\" src=\"https:\/\/www.youtube.com\/embed\/5oACT-opjUE?feature=oembed\" frameborder=\"0\" allow=\"accelerometer; autoplay; clipboard-write; encrypted-media; gyroscope; picture-in-picture; web-share\" referrerpolicy=\"strict-origin-when-cross-origin\" allowfullscreen><\/iframe>\n<\/div><\/figure>\n\n\n\n<p class=\"wp-block-paragraph\"><strong>Red Bull<\/strong> est\u00e1 <strong>en la cima de la F\u00f3rmula 1<\/strong>. Pero tambi\u00e9n es cierto que el equipo austr\u00edaco tuvo que esperar a que surgiera la oportunidad y <strong>fue derrotado por Mercedes <\/strong>en los campeonatos de pilotos y constructores <strong>durante siete a\u00f1os consecutivos<\/strong>, siendo ocho en el caso de los constructores. Un per\u00edodo mucho m\u00e1s largo de lo habitual en la <strong>F1<\/strong>.<\/p>\n\n\n\n<p class=\"wp-block-paragraph\">Seg\u00fan el jefe de Red Bull, <strong>Christian Horner<\/strong>, <strong>es un per\u00edodo tan extenso que incluso las sentencias por cr\u00edmenes cometidos son menores que eso<\/strong>. Fue lo que dijo de manera ir\u00f3nica en medio de una temporada en la que el equipo de los energ\u00e9ticos avanza f\u00e1cilmente hacia la conquista.<\/p>\n\n\n\n<p class=\"wp-block-paragraph\">&#8220;Fueron siete a\u00f1os, es mucho tiempo. Se reciben sentencias menores por cr\u00edmenes&#8221;, brome\u00f3 en una entrevista con el podcast Unlapped de ESPN en ingl\u00e9s.<\/p>\n\n\n\n<figure class=\"wp-block-image size-full\"><img decoding=\"async\" src=\"https:\/\/www.grandepremio.com\/br\/wp-content\/uploads\/2019\/04\/20188251417882_14-Toto-Wolff-Mercedes_DMa.jpg\" alt=\"\" class=\"wp-image-369097\"\/><figcaption class=\"wp-element-caption\">Toto Wolff conmemor\u00f3 las victorias y t\u00edtulos de la era h\u00edbrida en F1 (Foto: Mercedes)<\/figcaption><\/figure>\n\n\n\n<p class=\"wp-block-paragraph\">&#8220;<strong>Tuvimos que esperar para volver a una posici\u00f3n competitiva<\/strong>, tuvimos que ver muchas victorias de Mercedes, pero nunca perdimos nuestra meta de vista. A\u00fan pod\u00edamos ganar carreras todos los a\u00f1os en circuitos donde ten\u00edamos \u00e9xito&#8221;, record\u00f3 Horner.<\/p>\n\n\n\n<p class=\"wp-block-paragraph\">&#8220;Nunca perdimos de vista nuestra meta: solo necesit\u00e1bamos reunir las piezas perdidas. Cuando volvimos a tener un motor competitivo, pudimos competir cabeza a cabeza con Mercedes&#8221;, concluy\u00f3.<\/p>\n\n\n\n<p class=\"wp-block-paragraph\"><strong>Red Bull <\/strong>gan\u00f3<strong> todas las carreras de la temporada 2023<\/strong>, un r\u00e9cord hist\u00f3rico. Ahora es su turno de dominar.<\/p>\n\n\n\n<p class=\"wp-block-paragraph\">La <strong>F\u00f3rmula 1<\/strong> atraviesa su receso vacacional y regresar\u00e1 a finales de agosto, entre los d\u00edas 25 y 27, con el <strong>Gran Premio de Holanda<\/strong> en <strong>Zandvoort<\/strong>, la duod\u00e9cima etapa de la<strong> temporada 2023<\/strong>. GRANDE PR\u00caMIO cubrir\u00e1 todo lo acontecido con la F1 este a\u00f1o. <\/p>\n\n\n\n<figure class=\"wp-block-embed is-type-video is-provider-youtube wp-block-embed-youtube wp-embed-aspect-16-9 wp-has-aspect-ratio\"><div class=\"wp-block-embed__wrapper\">\n<iframe loading=\"lazy\" title=\"PIASTRI, EL PILOTO REVELACI\u00d3N DE F\u00d3RMULA 1 EN 2023\" width=\"500\" height=\"281\" src=\"https:\/\/www.youtube.com\/embed\/khPQsqhF22U?feature=oembed\" frameborder=\"0\" allow=\"accelerometer; autoplay; clipboard-write; encrypted-media; gyroscope; picture-in-picture; web-share\" referrerpolicy=\"strict-origin-when-cross-origin\" allowfullscreen><\/iframe>\n<\/div><\/figure>\n","protected":false},"excerpt":{"rendered":"<p>Christian Horner, jefe de Red Bull, record\u00f3 los largos a\u00f1os de dominio de Mercedes en la F\u00f3rmula 1<\/p>\n","protected":false},"author":0,"featured_media":1000707385,"comment_status":"closed","ping_status":"closed","sticky":false,"template":"","format":"standard","meta":{"42wp_featured_image_caption":"","42wp_featured_image_credits":"","42wp_featured_video":"","42wp_featured_image_hidden":false,"42wp_authors_list":[],"footnotes":""},"categories":[5],"tags":[1336,181,1676,179,2534,2369,197,1236,206,1511,7518],"42wp_author":[14235],"class_list":["post-17996","post","type-post","status-publish","format-standard","has-post-thumbnail","hentry","category-f1","tag-christian-horner","tag-f1","tag-f1-2023","tag-formula-1","tag-formula-1-2023","tag-formula-1-hoy","tag-mercedes","tag-mercedes-f1","tag-red-bull","tag-red-bull-formula-1","tag-toto-wolff-mercedes","42wp_author-barbara-mincioni"],"_links":{"self":[{"href":"https:\/\/grandepremio.com\/es\/wp-json\/wp\/v2\/posts\/17996","targetHints":{"allow":["GET"]}}],"collection":[{"href":"https:\/\/grandepremio.com\/es\/wp-json\/wp\/v2\/posts"}],"about":[{"href":"https:\/\/grandepremio.com\/es\/wp-json\/wp\/v2\/types\/post"}],"replies":[{"embeddable":true,"href":"https:\/\/grandepremio.com\/es\/wp-json\/wp\/v2\/comments?post=17996"}],"version-history":[{"count":0,"href":"https:\/\/grandepremio.com\/es\/wp-json\/wp\/v2\/posts\/17996\/revisions"}],"wp:featuredmedia":[{"embeddable":true,"href":"https:\/\/grandepremio.com\/es\/wp-json\/wp\/v2\/media\/1000707385"}],"wp:attachment":[{"href":"https:\/\/grandepremio.com\/es\/wp-json\/wp\/v2\/media?parent=17996"}],"wp:term":[{"taxonomy":"category","embeddable":true,"href":"https:\/\/grandepremio.com\/es\/wp-json\/wp\/v2\/categories?post=17996"},{"taxonomy":"post_tag","embeddable":true,"href":"https:\/\/grandepremio.com\/es\/wp-json\/wp\/v2\/tags?post=17996"},{"taxonomy":"42wp_author","embeddable":true,"href":"https:\/\/grandepremio.com\/es\/wp-json\/wp\/v2\/42wp_author?post=17996"}],"curies":[{"name":"wp","href":"https:\/\/api.w.org\/{rel}","templated":true}]}}