{"id":18036,"date":"2023-08-02T11:51:04","date_gmt":"2023-08-02T14:51:04","guid":{"rendered":"https:\/\/grandepremio.com\/es\/2023\/08\/02\/ferrari-carlos-sainz-spa-formula-1\/"},"modified":"2023-08-02T11:51:13","modified_gmt":"2023-08-02T14:51:13","slug":"ferrari-carlos-sainz-spa-formula-1","status":"publish","type":"post","link":"https:\/\/grandepremio.com\/es\/f1\/ferrari-carlos-sainz-spa-formula-1\/","title":{"rendered":"Ferrari explica permanencia de Sainz en pista tras toque en Spa: \u201cEsper\u00e1bamos bandera roja\u201d"},"content":{"rendered":"\n<p class=\"wp-block-paragraph\"><strong>Carlos Sainz <\/strong>tuvo que hacer m\u00e1s de la mitad del <strong><a href=\"https:\/\/grandepremio.com\/es\/\/f1\/max-verstappen-victoria-belgica-formula-1-2023\/\" target=\"_blank\" rel=\"noreferrer noopener\">GP de B\u00e9lgica<\/a><\/strong> con su <strong>Ferrari<\/strong> con da\u00f1os, tras verse involucrado en un accidente con <strong>Oscar Piastri <\/strong>en la primera curva. El choque comprometi\u00f3 el equilibrio de la<strong> SF-23<\/strong> y el espa\u00f1ol se convirti\u00f3 en presa f\u00e1cil de todos los pilotos de la parrilla. Sin embargo, el equipo opt\u00f3 por mantenerlo en pista con la esperanza de que una bandera roja pudiera activarse en alg\u00fan momento.<\/p>\n\n\n\n<p class=\"wp-block-paragraph\">El fin de semana de <strong>F\u00f3rmula 1 en Spa-Francorchamps<\/strong> estuvo marcado por la lluvia y los numerosos retrasos en el inicio de las sesiones en pista. Las previsiones meteorol\u00f3gicas apuntaban a una buena probabilidad de lluvia para la carrera del domingo, por lo que Ferrari opt\u00f3 por mantener a Sainz en pista.<\/p>\n\n\n\n<p class=\"wp-block-paragraph\"><strong>\u00a1Conoce el canal de Grande Pr\u00eamio en Espa\u00f1ol en\u00a0<\/strong><a href=\"https:\/\/www.youtube.com\/channel\/UCDxWojGVUi9gWYhrY0pGbIQ\" target=\"_blank\" rel=\"noreferrer noopener\"><strong>YouTube<\/strong><\/a><strong>!<\/strong><br><strong>\u00a1Sigue a Grande Pr\u00eamio en Espa\u00f1ol en\u00a0<\/strong><a href=\"https:\/\/twitter.com\/grandepremioES\" target=\"_blank\" rel=\"noreferrer noopener\"><strong>Twitter\u00a0<\/strong><\/a><strong>y en\u00a0<\/strong><a href=\"https:\/\/www.instagram.com\/grandepremioes\/\" target=\"_blank\" rel=\"noreferrer noopener\"><strong>Instagram<\/strong><\/a><strong>!<\/strong><\/p>\n\n\n\n<figure class=\"wp-block-video\"><video class=\"video-js vjs-big-play-centered\" data-gp-vjs=\"1\" controls poster=\"https:\/\/www.grandepremio.com\/br\/wp-content\/uploads\/2023\/07\/Piastri_GP_Belgica-poster.jpeg\" src=\"https:\/\/www.grandepremio.com\/br\/wp-content\/uploads\/2023\/07\/Piastri_GP_Belgica.mp4\"><\/video><figcaption class=\"wp-element-caption\">Carlos Sainz y Oscar Piastri tuvieron un toque al inicio en el GP de B\u00e9lgica. (Video: F1 TV).<\/figcaption><\/figure>\n\n\n\n<p class=\"wp-block-paragraph\">La expectativa del conjunto de Maranello era que si las condiciones eran inviables para continuar con el evento, se activara la bandera roja. As\u00ed, los mec\u00e1nicos podr\u00edan trabajar en las reparaciones del auto #55.<\/p>\n\n\n\n<p class=\"wp-block-paragraph\">[El problema] no era s\u00f3lo la carga aerodin\u00e1mica, sino el equilibrio del coche. Nunca hicimos el c\u00e1lculo de un tiempo de vuelta potencial con x puntos y x puntos de equilibrio, pero era mucho [lo que se perd\u00eda]. Est\u00e1bamos esperando una bandera roja para poder hacer las reparaciones. Pero cuando parec\u00eda que la bandera roja no iba a llegar, decidimos parar&#8221;, se lament\u00f3 el jefe de Ferrari,<strong> Fr\u00e9d\u00e9ric Vasseur.<\/strong><\/p>\n\n\n\n<p class=\"wp-block-paragraph\">Ferrari se consolid\u00f3 como la segunda fuerza del fin de semana en<strong> Spa-Francorchamps<\/strong>, y el accidente de Sainz cost\u00f3 buenos puntos a los italianos. <strong>Charles Leclerc<\/strong> logr\u00f3 el tercer podio del a\u00f1o para el equipo tras aguantar los ataques de <strong>Lewis Hamilton<\/strong> en las \u00faltimas vueltas.<\/p>\n\n\n\n<p class=\"wp-block-paragraph\">El equipo de <strong>Maranello<\/strong> sum\u00f3 15 puntos el domingo para situarse 191 en el <strong>Campeonato de Constructores,<\/strong> cinco por detr\u00e1s de <strong>Aston Martin <\/strong>en la carrera por el tercer puesto.<\/p>\n","protected":false},"excerpt":{"rendered":"<p>Fr\u00e9d\u00e9ric Vasseur, jefe de Ferrari, afirm\u00f3 que una bandera roja podr\u00eda haber solucionado los problemas de Carlos Sainz, y que por eso mantuvo al espa\u00f1ol en pista durante varias vueltas en el GP de B\u00e9lgica.  <\/p>\n","protected":false},"author":0,"featured_media":1000710482,"comment_status":"closed","ping_status":"closed","sticky":false,"template":"","format":"standard","meta":{"42wp_featured_image_caption":"","42wp_featured_image_credits":"","42wp_featured_video":"","42wp_featured_image_hidden":false,"42wp_authors_list":[],"footnotes":""},"categories":[5],"tags":[302,247,181,1676,185,179,2534,8195,1488,3438,2237],"42wp_author":[14223],"class_list":["post-18036","post","type-post","status-publish","format-standard","has-post-thumbnail","hentry","category-f1","tag-carlos-sainz","tag-charles-leclerc","tag-f1","tag-f1-2023","tag-ferrari","tag-formula-1","tag-formula-1-2023","tag-gp-belgica-2023","tag-grande-premio","tag-grande-premio-en-espanol","tag-grandepremio","42wp_author-esteban-nieto"],"_links":{"self":[{"href":"https:\/\/grandepremio.com\/es\/wp-json\/wp\/v2\/posts\/18036","targetHints":{"allow":["GET"]}}],"collection":[{"href":"https:\/\/grandepremio.com\/es\/wp-json\/wp\/v2\/posts"}],"about":[{"href":"https:\/\/grandepremio.com\/es\/wp-json\/wp\/v2\/types\/post"}],"replies":[{"embeddable":true,"href":"https:\/\/grandepremio.com\/es\/wp-json\/wp\/v2\/comments?post=18036"}],"version-history":[{"count":0,"href":"https:\/\/grandepremio.com\/es\/wp-json\/wp\/v2\/posts\/18036\/revisions"}],"wp:featuredmedia":[{"embeddable":true,"href":"https:\/\/grandepremio.com\/es\/wp-json\/wp\/v2\/media\/1000710482"}],"wp:attachment":[{"href":"https:\/\/grandepremio.com\/es\/wp-json\/wp\/v2\/media?parent=18036"}],"wp:term":[{"taxonomy":"category","embeddable":true,"href":"https:\/\/grandepremio.com\/es\/wp-json\/wp\/v2\/categories?post=18036"},{"taxonomy":"post_tag","embeddable":true,"href":"https:\/\/grandepremio.com\/es\/wp-json\/wp\/v2\/tags?post=18036"},{"taxonomy":"42wp_author","embeddable":true,"href":"https:\/\/grandepremio.com\/es\/wp-json\/wp\/v2\/42wp_author?post=18036"}],"curies":[{"name":"wp","href":"https:\/\/api.w.org\/{rel}","templated":true}]}}