{"id":18058,"date":"2023-07-31T14:07:35","date_gmt":"2023-07-31T17:07:35","guid":{"rendered":"https:\/\/grandepremio.com\/es\/2023\/07\/31\/rins-vuelo-caida-italia-llore-dolor\/"},"modified":"2023-07-31T14:07:44","modified_gmt":"2023-07-31T17:07:44","slug":"rins-vuelo-caida-italia-llore-dolor","status":"publish","type":"post","link":"https:\/\/grandepremio.com\/es\/motogp\/rins-vuelo-caida-italia-llore-dolor\/","title":{"rendered":"Rins detalla el vuelo en la ca\u00edda del GP de Italia y admite: &#8220;Llor\u00e9 todo el d\u00eda por el dolor&#8221;"},"content":{"rendered":"\n<p class=\"wp-block-paragraph\"><strong>\u00c1lex Rins<\/strong> ha revelado que ha llorado <strong>&#8220;todo el d\u00eda por el dolor&#8221;<\/strong> derivado de las fracturas que sufri\u00f3 en su pierna derecha por una ca\u00edda en la carrera al sprint que se corri\u00f3 en <strong>Mugello<\/strong>. El espa\u00f1ol del LCR Honda asumi\u00f3 que fue &#8220;m\u00e1s agresivo con el acelerador en el momento de la ca\u00edda&#8221;.<\/p>\n\n\n\n<p class=\"wp-block-paragraph\">En la carrera sprint del GP de Italia, Rins se cay\u00f3 y acab\u00f3 fractur\u00e1ndose la tibia y el peron\u00e9. Desde entonces, el espa\u00f1ol se ha sometido a dos operaciones quir\u00fargicas.<\/p>\n\n\n\n<p class=\"wp-block-paragraph\">&#8220;Lo que pas\u00f3 es que ten\u00eda a Aleix [Espargar\u00f3] delante de m\u00ed&#8221;, dijo Rins. &#8220;Y en t\u00e9rminos de velocidad en curva, era m\u00e1s r\u00e1pido que en la vuelta anterior. <strong>Fui m\u00e1s agresivo con el acelerador. Y vol\u00e9. Vol\u00e9 y tuve muy mala suerte de caer de rodillas<\/strong>&#8220;, explic\u00f3.<\/p>\n\n\n\n<figure class=\"wp-block-image size-large\"><img decoding=\"async\" src=\"https:\/\/www.grandepremio.com\/br\/wp-content\/uploads\/2023\/06\/Snapinsta.app_352582267_562092986087173_8151839381623837584_n_1080-1024x771.jpg\" alt=\"\" class=\"wp-image-694051\"\/><figcaption class=\"wp-element-caption\">\u00c1lex Rins ha sido operado dos veces (Foto: Reproducci\u00f3n)<\/figcaption><\/figure>\n\n\n\n<p class=\"wp-block-paragraph\">Rins contin\u00faa con su recuperaci\u00f3n, y por esto no estar\u00e1 en el <strong>GP de la Gran Breta\u00f1a<\/strong>, que ser\u00e1 el pr\u00f3ximo evento del campeonato de <strong>MotoGP<\/strong>. Debido a esto, el equipo de <strong>Lucio Cecchinello<\/strong> contar\u00e1 con <strong>Iker Lecuona<\/strong> en la Honda que habitualmente conduce el espa\u00f1ol.<\/p>\n\n\n\n<p class=\"wp-block-paragraph\">El ex piloto de Suzuki detall\u00f3 como est\u00e1n siendo sus d\u00edas con la lesi\u00f3n: &#8220;<strong>Ha sido duro. Pas\u00e9 muchos d\u00edas en el hospital tumbado en la cama sin hacer nada<\/strong>. Me dijeron que usara la silla de ruedas para evitar inflamaciones. <strong>Todav\u00eda no me he puesto las pilas, pero sigo adelante<\/strong>. Sinceramente, nunca he parado. Voy al gimnasio por la ma\u00f1ana. Luego, la terapia del Sistema S\u00faper Inductivo [terapia que utiliza un campo electromagn\u00e9tico de alta intensidad para ayudar a aliviar el dolor, curar fracturas, relajar y fortalecer los m\u00fasculos]&#8221;.<\/p>\n\n\n\n<p class=\"wp-block-paragraph\">Sobre lo que suscit\u00f3 la ca\u00edda, Rins coment\u00f3: &#8220;<strong>El peor momento me recuerda al dolor. Sent\u00ed mucho dolor. Llor\u00e9 todo el d\u00eda por el dolo<\/strong>r. El momento en el que empiezas a ver la luz es cuando llegas a casa con tu familia y empiezas a tener rutina&#8221;.<\/p>\n\n\n\n<p class=\"wp-block-paragraph\">Todav\u00eda convaleciente, <strong>Rins se cas\u00f3 con Alexandra Urbi,<\/strong> madre del peque\u00f1o Lucas, el primer hijo del corredor del LCR. En la fiesta, \u00c1lex se debat\u00eda entre su silla de ruedas y las muletas.<\/p>\n\n\n\n<p class=\"wp-block-paragraph\">&#8220;<strong>\u00a1Pobre Alexandra, ya no puede conmigo! Est\u00e1 preocupada, es normal<\/strong>&#8220;, dijo. &#8220;En cuanto a la boda, me dijo: &#8216;Si quieres, la aplazamos&#8217;. Yo estaba en el hospital, enyesado despu\u00e9s de la operaci\u00f3n. Pensaba: &#8216;<strong>Tengo dos trajes a medida, \u00bfy ahora qu\u00e9?&#8221;<\/strong>, explic\u00f3.<\/p>\n\n\n\n<p class=\"wp-block-paragraph\">Por \u00faltimo, \u00c1lex dijo que no tendr\u00e1 vacaciones, ya que no puede hacer nada de lo que har\u00eda tradicionalmente fuera de temporada: &#8220;<strong>La palabra verano no existe para m\u00ed<\/strong>. Verano significa playa, desconexi\u00f3n, moto de trial, buggy&#8230; Con esta etapa, <strong>no he tenido verano<\/strong>&#8220;.<\/p>\n\n\n\n<p class=\"wp-block-paragraph\"><strong>\u00a1Conoce el canal de Grande Pr\u00eamio en Espa\u00f1ol en&nbsp;<\/strong><a href=\"https:\/\/www.youtube.com\/channel\/UCDxWojGVUi9gWYhrY0pGbIQ\" target=\"_blank\" rel=\"noreferrer noopener\"><strong>YouTube<\/strong><\/a><strong>!<\/strong><br><strong>\u00a1Sigue a Grande Pr\u00eamio en Espa\u00f1ol en&nbsp;<\/strong><a href=\"https:\/\/twitter.com\/grandepremioES\" target=\"_blank\" rel=\"noreferrer noopener\"><strong>Twitter&nbsp;<\/strong><\/a><strong>y en&nbsp;<\/strong><a href=\"https:\/\/www.instagram.com\/grandepremioes\/\" target=\"_blank\" rel=\"noreferrer noopener\"><strong>Instagram<\/strong><\/a><strong>!<\/strong><\/p>\n\n\n\n<p class=\"wp-block-paragraph\"><strong><a href=\"https:\/\/grandepremio.com\/es\/\/motogp\/ultimas-noticias\/\" target=\"_blank\" rel=\"noreferrer noopener\">MotoGP<\/a><\/strong> vuelve a la acci\u00f3n del 4 al 6 de agosto con motivo del GP de Gran Breta\u00f1a en Silverstone. <strong><a href=\"https:\/\/grandepremio.com\/es\/\/ultimas-noticias\/\" target=\"_blank\" rel=\"noreferrer noopener\">GRANDE PR\u00caMIO<\/a><\/strong> sigue todas las actividades del Campeonato del Mundo de MotoGP 2023.<\/p>\n","protected":false},"excerpt":{"rendered":"<p>\u00c1lex Rins sigue recuper\u00e1ndose tras sufrir dos fracturas en su pierna derecha en una fuerte ca\u00edda en Mugello. El piloto del LCR Honda ha declarado que siente mucho dolor y que no ha podido apoyar el pie en el suelo.<\/p>\n","protected":false},"author":0,"featured_media":1010187405,"comment_status":"closed","ping_status":"closed","sticky":false,"template":"","format":"standard","meta":{"42wp_featured_image_caption":"","42wp_featured_image_credits":"","42wp_featured_video":"","42wp_featured_image_hidden":false,"42wp_authors_list":[],"footnotes":""},"categories":[8],"tags":[1426,673,509,221,1529,2198,1293],"42wp_author":[14237],"class_list":["post-18058","post","type-post","status-publish","format-standard","has-post-thumbnail","hentry","category-motogp","tag-alex-rins-2","tag-gp-de-italia","tag-gp-de-la-gran-bretana","tag-honda","tag-iker-lecuona","tag-lcr-honda","tag-motogp","42wp_author-gabriel-garcia"],"_links":{"self":[{"href":"https:\/\/grandepremio.com\/es\/wp-json\/wp\/v2\/posts\/18058","targetHints":{"allow":["GET"]}}],"collection":[{"href":"https:\/\/grandepremio.com\/es\/wp-json\/wp\/v2\/posts"}],"about":[{"href":"https:\/\/grandepremio.com\/es\/wp-json\/wp\/v2\/types\/post"}],"replies":[{"embeddable":true,"href":"https:\/\/grandepremio.com\/es\/wp-json\/wp\/v2\/comments?post=18058"}],"version-history":[{"count":0,"href":"https:\/\/grandepremio.com\/es\/wp-json\/wp\/v2\/posts\/18058\/revisions"}],"wp:featuredmedia":[{"embeddable":true,"href":"https:\/\/grandepremio.com\/es\/wp-json\/wp\/v2\/media\/1010187405"}],"wp:attachment":[{"href":"https:\/\/grandepremio.com\/es\/wp-json\/wp\/v2\/media?parent=18058"}],"wp:term":[{"taxonomy":"category","embeddable":true,"href":"https:\/\/grandepremio.com\/es\/wp-json\/wp\/v2\/categories?post=18058"},{"taxonomy":"post_tag","embeddable":true,"href":"https:\/\/grandepremio.com\/es\/wp-json\/wp\/v2\/tags?post=18058"},{"taxonomy":"42wp_author","embeddable":true,"href":"https:\/\/grandepremio.com\/es\/wp-json\/wp\/v2\/42wp_author?post=18058"}],"curies":[{"name":"wp","href":"https:\/\/api.w.org\/{rel}","templated":true}]}}