{"id":18111,"date":"2023-07-29T11:04:10","date_gmt":"2023-07-29T14:04:10","guid":{"rendered":"https:\/\/grandepremio.com\/es\/2023\/07\/29\/williams-james-vowles-dolor-problemas-alpine-formula-1\/"},"modified":"2023-07-29T11:05:24","modified_gmt":"2023-07-29T14:05:24","slug":"williams-james-vowles-dolor-problemas-alpine-formula-1","status":"publish","type":"post","link":"https:\/\/grandepremio.com\/es\/f1\/williams-james-vowles-dolor-problemas-alpine-formula-1\/","title":{"rendered":"Williams dice que despidos en Alpine exhiben &#8220;una \u00e9poca de dolor y problemas&#8221; en el equipo"},"content":{"rendered":"\n<p class=\"wp-block-paragraph\">Los tiempos dif\u00edciles de<strong> Alpine<\/strong>, <a href=\"https:\/\/grandepremio.com\/es\/\/f1\/alpine-despide-szafnauer-dos-directivos\/\" target=\"_blank\" rel=\"noreferrer noopener\">que atraviesa una complicada<strong> temporada 2023<\/strong> y una ola de despidos en cargos dirigenciales<\/a>, han suscitado comentarios de los dem\u00e1s equipos de la parrilla de la <strong>F\u00f3rmula 1<\/strong>. Y uno de los que se manifest\u00f3 fue el jefe de <strong>Williams, James Vowles,<\/strong> quien consider\u00f3 que la escuder\u00eda francesa est\u00e1 enfrentando una \u00e9poca de &#8220;dolor y problemas&#8221;.<\/p>\n\n\n\n<p class=\"wp-block-paragraph\">Estas declaraciones del dirigente brit\u00e1nico tambi\u00e9n llegaron despu\u00e9s de que Williams anunciara la contrataci\u00f3n de uno de los despedidos de<strong> Alpine<\/strong>, <strong>Pat Fry<\/strong>. Este ingeniero, uno de los responsables t\u00e9cnicos de la escuder\u00eda francesa, tambi\u00e9n ocupar\u00e1 el mismo cargo en la estructura que tiene como pilotos a <strong>Alex Albon y a Logan Sargeant. <\/strong><\/p>\n\n\n\n<p class=\"wp-block-paragraph\">&#8220;No estoy al tanto de todo lo que est\u00e1 pasando. Pero est\u00e1 claro que est\u00e1n en un periodo de mucho dolor y problemas, y atravesando una fase de cambio. Lo que s\u00ed puedo decir es que Pat no forma parte de este momento que est\u00e1n atravesando. Su decisi\u00f3n se tom\u00f3 hace muchos meses&#8221;, inform\u00f3 Vowles durante el <strong>GP de B\u00e9lgica.<\/strong><\/p>\n\n\n\n<p class=\"wp-block-paragraph\"><strong>\u00a1Conoce el canal de Grande Pr\u00eamio en Espa\u00f1ol en\u00a0<\/strong><a href=\"https:\/\/www.youtube.com\/channel\/UCDxWojGVUi9gWYhrY0pGbIQ\" target=\"_blank\" rel=\"noreferrer noopener\"><strong>YouTube<\/strong><\/a><strong>!<\/strong><br><strong>\u00a1Sigue a Grande Pr\u00eamio en Espa\u00f1ol en\u00a0<\/strong><a href=\"https:\/\/twitter.com\/grandepremioES\" target=\"_blank\" rel=\"noreferrer noopener\"><strong>Twitter\u00a0<\/strong><\/a><strong>y en\u00a0<\/strong><a href=\"https:\/\/www.instagram.com\/grandepremioes\/\" target=\"_blank\" rel=\"noreferrer noopener\"><strong>Instagram<\/strong><\/a><strong>!<\/strong><\/p>\n\n\n\n<figure class=\"wp-block-image size-large\"><img decoding=\"async\" src=\"https:\/\/www.grandepremio.com\/br\/wp-content\/uploads\/2023\/07\/f1-2023-belgica-alpine-otmarszafnauer-afp-01-1024x683.jpg\" alt=\"\" class=\"wp-image-712283\"\/><figcaption class=\"wp-element-caption\">Otmar Szafnauer dejar\u00e1 el cargo de jefe de Alpine despu\u00e9s de este fin de semana. (Foto: AFP)<\/figcaption><\/figure>\n\n\n\n<p class=\"wp-block-paragraph\">Vowles coment\u00f3 que su primer acercamiento con Fry ocurri\u00f3 en enero, poco despu\u00e9s de que el propio jefe se incorporara en Williams, y finalmente lo convenci\u00f3 en abril. Y ahora, tras un per\u00edodo de &#8220;jardiner\u00eda&#8221; -para evitar la transferencia de informaci\u00f3n entre los equipos- empezar\u00e1 a trabajar en Grove en noviembre. El dirigente destac\u00f3 que Fry es un profesional capaz de potenciar y formar a la pr\u00f3xima generaci\u00f3n de ingenieros. Y adem\u00e1s, que tambi\u00e9n posee la experiencia necesaria para poner en marcha una estructura a largo plazo.<\/p>\n\n\n\n<p class=\"wp-block-paragraph\">&#8220;Comprensiblemente, quer\u00eda continuar su viaje con Alpine. Pero en abril vio la raz\u00f3n por la que me incorpor\u00e9 a Williams y se mostr\u00f3 muy de acuerdo con nuestras ideas&#8221;, explic\u00f3 Vowles.<\/p>\n\n\n\n<p class=\"wp-block-paragraph\">El mismo d\u00eda en que Williams anunci\u00f3 la llegada de Fry, Alpine divulg\u00f3 en un comunicado que el jefe del equipo, <strong>Otmar Szafnauer,<\/strong> y el director deportivo, <strong>Alan Permane, <\/strong>abandonaban la escuder\u00eda.<\/p>\n\n\n\n<figure class=\"wp-block-image size-full\"><img decoding=\"async\" src=\"https:\/\/grandepremio.com\/es\/\/wp-content\/uploads\/2023\/07\/fry.jpeg\" alt=\"\" class=\"wp-image-184345\"\/><figcaption class=\"wp-element-caption\">Pat Fry asumir\u00e1 como director t\u00e9cnico de Williams en noviembre. (Foto: Alpine)<\/figcaption><\/figure>\n\n\n\n<p class=\"wp-block-paragraph\">Esto se produce tras una reorganizaci\u00f3n en la que L<strong>aurent Rossi,<\/strong> director general de Alpine, ha sido trasladado a &#8220;proyectos especiales&#8221; y<strong> Philippe Krief <\/strong>asumi\u00f3 su cargo, mientras que <strong>Bruno Famin<\/strong> es el nuevo responsable del equipo de <strong>F\u00f3rmula 1<\/strong>. Rossi sustituy\u00f3 a <strong>Cyril Abiteboul <\/strong>en enero de 2021, lo que significa que Alpine ha tenido cuatro jefes de equipo en poco m\u00e1s de dos a\u00f1os y medio en un deporte en el que la estabilidad es una cualidad muy apreciada.<\/p>\n\n\n\n<p class=\"wp-block-paragraph\">Williams tambi\u00e9n ha tenido cuatro directores desde 2020, cuando la familia que fund\u00f3 el equipo lo vendi\u00f3 a un fondo de inversi\u00f3n. Actualmente son s\u00e9ptimos en el campeonato, mientras que Alpine es sexto.<\/p>\n\n\n\n<p class=\"wp-block-paragraph\">Red Bull, vencedor de 21 de las \u00faltimas 22 carreras, tienen el jefe m\u00e1s longevo con <strong>Christian Horner<\/strong>, que ocupa el cargo desde 2005.<\/p>\n\n\n\n<p class=\"wp-block-paragraph\">La acci\u00f3n continuar\u00e1 este s\u00e1bado, con la carrera sprint del&nbsp;<strong>GP de B\u00e9lgica.<\/strong><strong>Grande Pr\u00eamio en Espa\u00f1ol<\/strong>&nbsp;sigue&nbsp;<strong>EN VIVO Y EN TIEMPO REAL<\/strong>&nbsp;todas las actividades del Mundial de&nbsp;<a href=\"https:\/\/grandepremio.com\/es\/\/f1\/\" target=\"_blank\" rel=\"noreferrer noopener\"><\/a><a href=\"https:\/\/grandepremio.com\/es\/\/f1\/\" target=\"_blank\" rel=\"noreferrer noopener\"><\/a><a href=\"https:\/\/grandepremio.com\/es\/\/f1\/\" target=\"_blank\" rel=\"noreferrer noopener\"><\/a><a href=\"https:\/\/grandepremio.com\/es\/\/f1\/\" target=\"_blank\" rel=\"noreferrer noopener\"><\/a><a href=\"https:\/\/grandepremio.com\/es\/\/f1\/\" target=\"_blank\" rel=\"noreferrer noopener\"><\/a><a href=\"https:\/\/grandepremio.com\/es\/\/f1\/\" target=\"_blank\" rel=\"noreferrer noopener\"><\/a><a href=\"https:\/\/grandepremio.com\/es\/\/f1\/\" target=\"_blank\" rel=\"noreferrer noopener\"><\/a><a href=\"https:\/\/grandepremio.com\/es\/\/f1\/\" target=\"_blank\" rel=\"noreferrer noopener\"><\/a><a href=\"https:\/\/grandepremio.com\/es\/\/f1\/\" target=\"_blank\" rel=\"noreferrer noopener\"><\/a><a href=\"https:\/\/grandepremio.com\/es\/\/f1\/\" target=\"_blank\" rel=\"noreferrer noopener\"><\/a><a href=\"https:\/\/grandepremio.com\/es\/\/f1\/\" target=\"_blank\" rel=\"noreferrer noopener\"><\/a><a href=\"https:\/\/grandepremio.com\/es\/\/f1\/\" target=\"_blank\" rel=\"noreferrer noopener\"><\/a><a href=\"https:\/\/grandepremio.com\/es\/\/f1\/\" target=\"_blank\" rel=\"noreferrer noopener\"><\/a><a href=\"https:\/\/grandepremio.com\/es\/\/f1\/\" target=\"_blank\" rel=\"noreferrer noopener\">F\u00f3rmula 1<\/a>.<\/p>\n","protected":false},"excerpt":{"rendered":"<p>James Vowles, jefe de Williams, dio su parecer sobre la crisis que atraviesa Alpine, y revel\u00f3 que el inter\u00e9s por sumar a Pat Fry como director t\u00e9cnico se inici\u00f3 a principios de 2023. <\/p>\n","protected":false},"author":0,"featured_media":1000667455,"comment_status":"closed","ping_status":"closed","sticky":false,"template":"","format":"standard","meta":{"42wp_featured_image_caption":"","42wp_featured_image_credits":"","42wp_featured_video":"","42wp_featured_image_hidden":false,"42wp_authors_list":[],"footnotes":""},"categories":[5],"tags":[678,181,1676,179,2534,646,1799,1562,2183,204],"42wp_author":[14223],"class_list":["post-18111","post","type-post","status-publish","format-standard","has-post-thumbnail","hentry","category-f1","tag-alpine","tag-f1","tag-f1-2023","tag-formula-1","tag-formula-1-2023","tag-gp-de-belgica","tag-james-vowles","tag-otmar-szafnauer","tag-pat-fry","tag-williams","42wp_author-esteban-nieto"],"_links":{"self":[{"href":"https:\/\/grandepremio.com\/es\/wp-json\/wp\/v2\/posts\/18111","targetHints":{"allow":["GET"]}}],"collection":[{"href":"https:\/\/grandepremio.com\/es\/wp-json\/wp\/v2\/posts"}],"about":[{"href":"https:\/\/grandepremio.com\/es\/wp-json\/wp\/v2\/types\/post"}],"replies":[{"embeddable":true,"href":"https:\/\/grandepremio.com\/es\/wp-json\/wp\/v2\/comments?post=18111"}],"version-history":[{"count":0,"href":"https:\/\/grandepremio.com\/es\/wp-json\/wp\/v2\/posts\/18111\/revisions"}],"wp:featuredmedia":[{"embeddable":true,"href":"https:\/\/grandepremio.com\/es\/wp-json\/wp\/v2\/media\/1000667455"}],"wp:attachment":[{"href":"https:\/\/grandepremio.com\/es\/wp-json\/wp\/v2\/media?parent=18111"}],"wp:term":[{"taxonomy":"category","embeddable":true,"href":"https:\/\/grandepremio.com\/es\/wp-json\/wp\/v2\/categories?post=18111"},{"taxonomy":"post_tag","embeddable":true,"href":"https:\/\/grandepremio.com\/es\/wp-json\/wp\/v2\/tags?post=18111"},{"taxonomy":"42wp_author","embeddable":true,"href":"https:\/\/grandepremio.com\/es\/wp-json\/wp\/v2\/42wp_author?post=18111"}],"curies":[{"name":"wp","href":"https:\/\/api.w.org\/{rel}","templated":true}]}}