{"id":18116,"date":"2023-07-29T06:55:06","date_gmt":"2023-07-29T09:55:06","guid":{"rendered":"https:\/\/grandepremio.com\/es\/2023\/07\/29\/alain-prost-crisis-alpine-formula-1-2023\/"},"modified":"2023-07-29T06:55:15","modified_gmt":"2023-07-29T09:55:15","slug":"alain-prost-crisis-alpine-formula-1-2023","status":"publish","type":"post","link":"https:\/\/grandepremio.com\/es\/f1\/alain-prost-crisis-alpine-formula-1-2023\/","title":{"rendered":"Prost lamenta crisis de Alpine y detona a su ahora ex-CEO: &#8220;Incompetente y arrogante&#8221;"},"content":{"rendered":"\n<p class=\"wp-block-paragraph\"><strong>Alain Prost <\/strong>sali\u00f3 a hablar con vehemencia sobre el mal momento que atraviesa <strong>Alpine<\/strong> en la <strong>temporada 2023 de la F\u00f3rmula 1<\/strong>. La escuder\u00eda francesa confirm\u00f3 durante el viernes del <strong>GP de B\u00e9lgica <\/strong><a href=\"https:\/\/grandepremio.com\/es\/\/f1\/alpine-despide-szafnauer-dos-directivos\/\" target=\"_blank\" rel=\"noreferrer noopener\">el despido de su jefe del equipo, <strong>Otmar Szafnauer<\/strong>, y las salidas del director deportivo,<strong> Alan Permane,<\/strong> y del ejecutivo t\u00e9cnico, <strong>Pat Fry,<\/strong> una vez que termine la competencia de este fin de semana.<\/a><\/p>\n\n\n\n<figure class=\"wp-block-embed is-type-video is-provider-youtube wp-block-embed-youtube wp-embed-aspect-16-9 wp-has-aspect-ratio\"><div class=\"wp-block-embed__wrapper\">\n<iframe loading=\"lazy\" title=\"ALPINE, CADA VEZ M\u00c1S RELEGADO Y SIN RUMBO EN LA F\u00d3RMULA 1 2023\" width=\"500\" height=\"281\" src=\"https:\/\/www.youtube.com\/embed\/t_1IBJaXdS4?feature=oembed\" frameborder=\"0\" allow=\"accelerometer; autoplay; clipboard-write; encrypted-media; gyroscope; picture-in-picture; web-share\" referrerpolicy=\"strict-origin-when-cross-origin\" allowfullscreen><\/iframe>\n<\/div><\/figure>\n\n\n\n<p class=\"wp-block-paragraph\">Semanas atr\u00e1s, <a href=\"https:\/\/grandepremio.com\/es\/\/f1\/renault-destituye-rossi-nombra-krief-alpine\/\" target=\"_blank\" rel=\"noreferrer noopener\"><strong>Renault<\/strong> tambi\u00e9n confirm\u00f3 la salida de la marca del director general <strong>Laurent Rossi<\/strong>, que ser\u00e1 sustituido por <\/a><strong><a href=\"https:\/\/grandepremio.com\/es\/\/f1\/renault-destituye-rossi-nombra-krief-alpine\/\" target=\"_blank\" rel=\"noreferrer noopener\">Philippe Krief<\/a>.<\/strong> El fabricante de autom\u00f3viles anunci\u00f3 que Rossi continuar\u00e1 en la firma, ahora centrado en proyectos especiales. Y por otro lado, <strong>Bruno Famin, <\/strong>exejecutivo de<strong> Peugeot Sport,<\/strong> qued\u00f3 designado como nuevo director principal del equipo de F\u00f3rmula 1.<\/p>\n\n\n\n<p class=\"wp-block-paragraph\">Esta reestructuraci\u00f3n es resultado de un a\u00f1o mediocre, con 47 puntos y el sexto puesto en el <strong>Mundial de Constructores<\/strong>. Y en una entrevista a L&#8217;\u00c9quipe, Prost consider\u00f3 que la actualidad de Alpine es decepcionante. &#8220;Amo a este equipo y verlo hoy en este estado me entristece. Se merecen algo mejor y tienen todas las cualidades para lograrlo. S\u00f3lo creo que hay que mirar la historia y comprender el error&#8221;, afirm\u00f3 el tetracampe\u00f3n de F\u00f3rmula 1, <a href=\"https:\/\/grandepremio.com\/es\/\/f1\/prost-irritado-tras-su-despido-de-alpine-el-ceo-queria-el-protagonismo\/\" target=\"_blank\" rel=\"noreferrer noopener\">que form\u00f3 parte de la dirigencia hasta sufrir un despido turbulento a inicios de 2022.<\/a><\/p>\n\n\n\n<p class=\"wp-block-paragraph\"><strong>\u00a1Conoce el canal de Grande Pr\u00eamio en Espa\u00f1ol en\u00a0<\/strong><a href=\"https:\/\/www.youtube.com\/channel\/UCDxWojGVUi9gWYhrY0pGbIQ\" target=\"_blank\" rel=\"noreferrer noopener\"><strong>YouTube<\/strong><\/a><strong>!<\/strong><br><strong>\u00a1Sigue a Grande Pr\u00eamio en Espa\u00f1ol en\u00a0<\/strong><a href=\"https:\/\/twitter.com\/grandepremioES\" target=\"_blank\" rel=\"noreferrer noopener\"><strong>Twitter\u00a0<\/strong><\/a><strong>y en\u00a0<\/strong><a href=\"https:\/\/www.instagram.com\/grandepremioes\/\" target=\"_blank\" rel=\"noreferrer noopener\"><strong>Instagram<\/strong><\/a><strong>!<\/strong><\/p>\n\n\n\n<figure class=\"wp-block-image size-large\"><img decoding=\"async\" src=\"https:\/\/www.grandepremio.com\/br\/wp-content\/uploads\/2022\/09\/laurent-rossi-1024x683.jpg\" alt=\"\" class=\"wp-image-614149\"\/><figcaption class=\"wp-element-caption\">Laurent Rossi debi\u00f3 dejar su cargo como CEO de Alpine al no cumplir las expectativas, y ahora fue blanco de cr\u00edticas de Alain Prost. (Foto: Alpine)<\/figcaption><\/figure>\n\n\n\n<p class=\"wp-block-paragraph\">Alain se\u00f1ala que para que un proyecto funcione en la F1, no necesita una receta extravagante: una estructura sencilla, construida en torno a tres o cuatro personalidades fuertes y un piloto campe\u00f3n. &#8220;En mi \u00e9poca en Renault, o\u00ed varias veces en la sede de<strong> Viry-Ch\u00e2tillon<\/strong> que la <strong>F\u00f3rmula 1 <\/strong>era un deporte sencillo. Eso result\u00f3 ser un error&#8221;, manifest\u00f3.<\/p>\n\n\n\n<p class=\"wp-block-paragraph\">Sobre el ex CEO, las cr\u00edticas fueron a\u00fan m\u00e1s fuertes. Para Prost, Rossi sufre el efecto <strong>Dunning-Kruger<\/strong> -un sesgo por el que las personas con poca calidad en una tarea sobrevaloran sus aptitudes-, adem\u00e1s de calificarlo de l\u00edder incapaz.<\/p>\n\n\n\n<p class=\"wp-block-paragraph\">&#8220;El que fue jefe de Alpine durante 18 meses crey\u00f3 entenderlo todo desde el principio, cuando en realidad estaba completamente equivocado. Su gesti\u00f3n rompi\u00f3 el impulso que se hab\u00eda establecido desde 2016 para lograr podios y una victoria&#8221;, critic\u00f3 Prost, <a href=\"https:\/\/grandepremio.com\/es\/\/f1\/ocon-logra-victoria-increible-en-un-gp-de-hungria-caotico-y-memorable\/\" target=\"_blank\" rel=\"noreferrer noopener\">y en referencia al triunfo de Esteban Ocon en el GP de Hungr\u00eda 2021.<\/a><\/p>\n\n\n\n<figure class=\"wp-block-image size-large\"><img decoding=\"async\" src=\"https:\/\/www.grandepremio.com\/br\/wp-content\/uploads\/2023\/07\/f1-2023-belgica-alpine-otmarszafnauer-afp-02-1024x683.jpg\" alt=\"\" class=\"wp-image-712284\"\/><figcaption class=\"wp-element-caption\">Otmar Szafnauer fue echado de Alpine y dejar\u00e1 su cargo tras el fin de semana del GP de B\u00e9lgica. (Foto: AFP)<\/figcaption><\/figure>\n\n\n\n<p class=\"wp-block-paragraph\">El \u00e9xito de Renault en la F\u00f3rmula 1, en la opini\u00f3n de Alain, tuvo como personajes clave a <strong>Flavio Briatore<\/strong> y a F<strong>ernando Alonso<\/strong>, con el apoyo de una direcci\u00f3n que tomaba decisiones r\u00e1pidas. Por ello, la incompetencia de la direcci\u00f3n de Rossi molest\u00f3 al ex piloto, que espera que los cambios tengan un efecto inmediato.<\/p>\n\n\n\n<p class=\"wp-block-paragraph\">&#8220;\u00c9l [Rossi] cree que puede superar su incompetencia con su arrogancia y falta de humanidad hacia sus tropas. Ahora hay que esperar que la decisi\u00f3n tomada sea un golpe beneficioso para el equipo&#8221;, analiz\u00f3.<\/p>\n\n\n\n<p class=\"wp-block-paragraph\">Alain Prost fue piloto de Renault entre 1981 y 1983, disput\u00f3 46 Grandes Premios para la escuder\u00eda, con nueve victorias, diez poles y 17 podios, antes de marcharse a McLaren. En 2015, regres\u00f3 al equipo en un papel de asesor y embajador, para luego tener una promoci\u00f3n como director no ejecutivo en 2019 y fue asesor de Alpine hasta inicios de 2022.<\/p>\n\n\n\n<figure class=\"wp-block-image size-full\"><img decoding=\"async\" src=\"https:\/\/www.grandepremio.com\/br\/wp-content\/uploads\/2015\/08\/20158141054370_Alain-Prost_II.jpg\" alt=\"\" class=\"wp-image-250434\"\/><figcaption class=\"wp-element-caption\">Alain Prost fue piloto de Renault durante tres temporadas en los inicios de la d\u00e9cada del 80 (Foto: F1)<\/figcaption><\/figure>\n\n\n\n<p class=\"wp-block-paragraph\">La acci\u00f3n continuar\u00e1 este s\u00e1bado, con la clasificaci\u00f3n shootout y la carrera sprint del\u00a0<strong>GP de B\u00e9lgica.<\/strong>\u00a0<strong>Grande Pr\u00eamio en Espa\u00f1ol<\/strong>\u00a0sigue\u00a0<strong>EN VIVO Y EN TIEMPO REAL<\/strong>\u00a0todas las actividades del Mundial de\u00a0<a href=\"https:\/\/grandepremio.com\/es\/\/f1\/\" target=\"_blank\" rel=\"noreferrer noopener\"><\/a><a href=\"https:\/\/grandepremio.com\/es\/\/f1\/\" target=\"_blank\" rel=\"noreferrer noopener\"><\/a><a href=\"https:\/\/grandepremio.com\/es\/\/f1\/\" target=\"_blank\" rel=\"noreferrer noopener\"><\/a><a href=\"https:\/\/grandepremio.com\/es\/\/f1\/\" target=\"_blank\" rel=\"noreferrer noopener\"><\/a><a href=\"https:\/\/grandepremio.com\/es\/\/f1\/\" target=\"_blank\" rel=\"noreferrer noopener\"><\/a><a href=\"https:\/\/grandepremio.com\/es\/\/f1\/\" target=\"_blank\" rel=\"noreferrer noopener\"><\/a><a href=\"https:\/\/grandepremio.com\/es\/\/f1\/\" target=\"_blank\" rel=\"noreferrer noopener\"><\/a><a href=\"https:\/\/grandepremio.com\/es\/\/f1\/\" target=\"_blank\" rel=\"noreferrer noopener\"><\/a><a href=\"https:\/\/grandepremio.com\/es\/\/f1\/\" target=\"_blank\" rel=\"noreferrer noopener\"><\/a><a href=\"https:\/\/grandepremio.com\/es\/\/f1\/\" target=\"_blank\" rel=\"noreferrer noopener\"><\/a><a href=\"https:\/\/grandepremio.com\/es\/\/f1\/\" target=\"_blank\" rel=\"noreferrer noopener\"><\/a><a href=\"https:\/\/grandepremio.com\/es\/\/f1\/\" target=\"_blank\" rel=\"noreferrer noopener\"><\/a><a href=\"https:\/\/grandepremio.com\/es\/\/f1\/\" target=\"_blank\" rel=\"noreferrer noopener\">F\u00f3rmula 1<\/a>.<\/p>\n","protected":false},"excerpt":{"rendered":"<p>En una entrevista al diario L&#8217;\u00c9quipe, Alain Prost dio su opini\u00f3n sobre la ola de despidos en Alpine y consider\u00f3 que el ex-CEO Laurent Rossi es el principal responsable de la crisis del equipo franc\u00e9s de F\u00f3rmula 1.<\/p>\n","protected":false},"author":0,"featured_media":1010184625,"comment_status":"closed","ping_status":"closed","sticky":false,"template":"","format":"standard","meta":{"42wp_featured_image_caption":"","42wp_featured_image_credits":"","42wp_featured_video":"","42wp_featured_image_hidden":false,"42wp_authors_list":[],"footnotes":""},"categories":[5],"tags":[296,1514,678,2233,181,1676,179,2534,646,1500,1562,2183],"42wp_author":[14223],"class_list":["post-18116","post","type-post","status-publish","format-standard","has-post-thumbnail","hentry","category-f1","tag-alain-prost","tag-alan-permane","tag-alpine","tag-bruno-famin","tag-f1","tag-f1-2023","tag-formula-1","tag-formula-1-2023","tag-gp-de-belgica","tag-laurent-rossi","tag-otmar-szafnauer","tag-pat-fry","42wp_author-esteban-nieto"],"_links":{"self":[{"href":"https:\/\/grandepremio.com\/es\/wp-json\/wp\/v2\/posts\/18116","targetHints":{"allow":["GET"]}}],"collection":[{"href":"https:\/\/grandepremio.com\/es\/wp-json\/wp\/v2\/posts"}],"about":[{"href":"https:\/\/grandepremio.com\/es\/wp-json\/wp\/v2\/types\/post"}],"replies":[{"embeddable":true,"href":"https:\/\/grandepremio.com\/es\/wp-json\/wp\/v2\/comments?post=18116"}],"version-history":[{"count":0,"href":"https:\/\/grandepremio.com\/es\/wp-json\/wp\/v2\/posts\/18116\/revisions"}],"wp:featuredmedia":[{"embeddable":true,"href":"https:\/\/grandepremio.com\/es\/wp-json\/wp\/v2\/media\/1010184625"}],"wp:attachment":[{"href":"https:\/\/grandepremio.com\/es\/wp-json\/wp\/v2\/media?parent=18116"}],"wp:term":[{"taxonomy":"category","embeddable":true,"href":"https:\/\/grandepremio.com\/es\/wp-json\/wp\/v2\/categories?post=18116"},{"taxonomy":"post_tag","embeddable":true,"href":"https:\/\/grandepremio.com\/es\/wp-json\/wp\/v2\/tags?post=18116"},{"taxonomy":"42wp_author","embeddable":true,"href":"https:\/\/grandepremio.com\/es\/wp-json\/wp\/v2\/42wp_author?post=18116"}],"curies":[{"name":"wp","href":"https:\/\/api.w.org\/{rel}","templated":true}]}}