{"id":18140,"date":"2023-07-28T11:10:17","date_gmt":"2023-07-28T14:10:17","guid":{"rendered":"https:\/\/grandepremio.com\/es\/2023\/07\/28\/alpine-despide-szafnauer-dos-directivos\/"},"modified":"2023-07-28T11:10:24","modified_gmt":"2023-07-28T14:10:24","slug":"alpine-despide-szafnauer-dos-directivos","status":"publish","type":"post","link":"https:\/\/grandepremio.com\/es\/f1\/alpine-despide-szafnauer-dos-directivos\/","title":{"rendered":"Alpine despide a su jefe de equipo, Szafnauer, y a otros dos altos directivos"},"content":{"rendered":"\n<p class=\"wp-block-paragraph\">El mes de julio ha sido clave para <strong>Alpine,<\/strong> pero no por los buenos resultados. Sino por el hecho de que<a href=\"https:\/\/grandepremio.com\/es\/\/f1\/inversones-ryan-reynolds-alpine-formula-1\/\" target=\"_blank\" rel=\"noreferrer noopener\"> ha comenzado con la venta del 24% de las acciones a un consorcio empresarial que tiene a Ryan Reynolds<\/a>, actor de Holywood, como cara visible, y lo cierra con el despido de <strong>Otmar Szafnauer<\/strong>.<\/p>\n\n\n\n<p class=\"wp-block-paragraph\">Sin embargo, el jefe de equipo no fue el \u00fanico despedido:<strong> Alan Permane,<\/strong> el director deportivo, dejar\u00e1 su cargo tras la carrera de B\u00e9lgica, y <strong>Pat Fry <\/strong>abandonar\u00e1 su puesto como ejecutivo t\u00e9cnico, y <strong>Williams<\/strong> ya hizo el astuto movimiento de ficharlo a partir del 1\u00b0 de noviembre.<\/p>\n\n\n\n<p class=\"wp-block-paragraph\"><strong>Szafnauer fue contratado en febrero de 2022 para reemplazar a Marcin Budkowski<\/strong> como parte de una reorganizaci\u00f3n de la gesti\u00f3n, guiando al equipo al cuarto lugar durante su \u00fanica temporada completa a cargo. Aparte de esto, el equipo <strong>fue el hazmerre\u00edr de todo el paddock<\/strong> por los esc\u00e1ndalos de Fernando Alonso, que se fue a Aston Martin, y de <strong><a href=\"https:\/\/grandepremio.com\/es\/\/f1\/oscar-piastri-mclaren-alpine-acuerdo-formula-1\/\" target=\"_blank\" rel=\"noreferrer noopener\">Oscar Piastri<\/a>,<\/strong> a quien perdieron a manos de McLaren.<\/p>\n\n\n\n<figure class=\"wp-block-image size-large\"><img decoding=\"async\" src=\"https:\/\/www.grandepremio.com\/br\/wp-content\/uploads\/2023\/07\/f1-2023-hungria-corrida-alpine-estebanocon-afp-03-1024x641.jpg\" alt=\"\" class=\"wp-image-710471\"\/><figcaption class=\"wp-element-caption\">Alpine tiene un a\u00f1o muy por debajo de lo previsto (Foto: AFP)<\/figcaption><\/figure>\n\n\n\n<p class=\"wp-block-paragraph\"><a href=\"https:\/\/grandepremio.com\/es\/\/f1\/formula-1-ocon-monaco-domingo\/\" target=\"_blank\" rel=\"noreferrer noopener\">Pese al podio de <strong>Esteban Ocon<\/strong> en el GP de M\u00f3naco<\/a>, Alpine no ha conseguido resultados consistentes, y se ubica sexto en el mundial de constructores, superado por los dos recientes podios de McLaren en Silverstone y en Hungaroring.<\/p>\n\n\n\n<p class=\"wp-block-paragraph\"><strong>La marcha de Szafnauer sigue una tendencia de cambios en Alpine<\/strong>, que hace s\u00f3lo unos d\u00edas anunci\u00f3 la salida de <strong>Laurent Rossi <\/strong>como consejero delegado. Rossi sigue en la empresa, al menos oficialmente, para <strong>&#8220;proyectos especiales&#8221;,<\/strong> pero fuera de la F1. Rossi hab\u00eda criticado duramente al equipo antes del GP de Miami, calificando de &#8220;amateur&#8221; el funcionamiento de la escuder\u00eda en la F1. <a href=\"https:\/\/grandepremio.com\/es\/\/f1\/renault-destituye-rossi-nombra-krief-alpine\/\" target=\"_blank\" rel=\"noreferrer noopener\">Rossi fue sustituido por<strong> Phillipe Krief,<\/strong> que se centr\u00f3 exclusivamente en los coches de Alpine.<\/a><\/p>\n\n\n\n<p class=\"wp-block-paragraph\">A Krief se une <strong>Bruno Famin<\/strong> en el nuevo puesto de vicepresidente deportivo, y ser\u00e1 el mismo quien toma las decisiones en el frente de los deportes de motor y, adem\u00e1s, <strong>tomar\u00e1 el cargo de Szafnauer de manera interina<\/strong>, con el director de la Driver Academy, Julian Rouse, como director deportivo provisional.<\/p>\n\n\n\n<p class=\"wp-block-paragraph\">La<strong> F\u00f3rmula 1<\/strong> regresa este fin de semana, del 28 al 30 de julio, con motivo del Gran Premio de B\u00e9lgica en Spa-Francorchamps. <strong>GRANDE PR\u00caMIO<\/strong> sigue en DIRECTO y en TIEMPO REAL todas las actividades de la temporada 2023.<\/p>\n\n\n\n<figure class=\"wp-block-embed is-type-video is-provider-youtube wp-block-embed-youtube wp-embed-aspect-16-9 wp-has-aspect-ratio\"><div class=\"wp-block-embed__wrapper\">\n<iframe loading=\"lazy\" title=\"ALPINE, CADA VEZ M\u00c1S RELEGADO Y SIN RUMBO EN LA F\u00d3RMULA 1 2023\" width=\"500\" height=\"281\" src=\"https:\/\/www.youtube.com\/embed\/t_1IBJaXdS4?feature=oembed\" frameborder=\"0\" allow=\"accelerometer; autoplay; clipboard-write; encrypted-media; gyroscope; picture-in-picture; web-share\" referrerpolicy=\"strict-origin-when-cross-origin\" allowfullscreen><\/iframe>\n<\/div><\/figure>\n","protected":false},"excerpt":{"rendered":"<p>Alpine decidi\u00f3 despedir con efecto inmediato tras el GP de B\u00e9lgica a Otmar Szafnauer, Alan Permane y Pat Fry, luego de los cambios internos que experiment\u00f3 en las \u00faltimas semanas la escuder\u00eda francesa en la F1 2023.<\/p>\n","protected":false},"author":0,"featured_media":1010184267,"comment_status":"closed","ping_status":"closed","sticky":false,"template":"","format":"standard","meta":{"42wp_featured_image_caption":"","42wp_featured_image_credits":"","42wp_featured_video":"","42wp_featured_image_hidden":false,"42wp_authors_list":[],"footnotes":""},"categories":[5],"tags":[678,2233,362,181,179,646,1500,1562,8244],"42wp_author":[14237],"class_list":["post-18140","post","type-post","status-publish","format-standard","has-post-thumbnail","hentry","category-f1","tag-alpine","tag-bruno-famin","tag-esteban-ocon","tag-f1","tag-formula-1","tag-gp-de-belgica","tag-laurent-rossi","tag-otmar-szafnauer","tag-phillipe-krief","42wp_author-gabriel-garcia"],"_links":{"self":[{"href":"https:\/\/grandepremio.com\/es\/wp-json\/wp\/v2\/posts\/18140","targetHints":{"allow":["GET"]}}],"collection":[{"href":"https:\/\/grandepremio.com\/es\/wp-json\/wp\/v2\/posts"}],"about":[{"href":"https:\/\/grandepremio.com\/es\/wp-json\/wp\/v2\/types\/post"}],"replies":[{"embeddable":true,"href":"https:\/\/grandepremio.com\/es\/wp-json\/wp\/v2\/comments?post=18140"}],"version-history":[{"count":0,"href":"https:\/\/grandepremio.com\/es\/wp-json\/wp\/v2\/posts\/18140\/revisions"}],"wp:featuredmedia":[{"embeddable":true,"href":"https:\/\/grandepremio.com\/es\/wp-json\/wp\/v2\/media\/1010184267"}],"wp:attachment":[{"href":"https:\/\/grandepremio.com\/es\/wp-json\/wp\/v2\/media?parent=18140"}],"wp:term":[{"taxonomy":"category","embeddable":true,"href":"https:\/\/grandepremio.com\/es\/wp-json\/wp\/v2\/categories?post=18140"},{"taxonomy":"post_tag","embeddable":true,"href":"https:\/\/grandepremio.com\/es\/wp-json\/wp\/v2\/tags?post=18140"},{"taxonomy":"42wp_author","embeddable":true,"href":"https:\/\/grandepremio.com\/es\/wp-json\/wp\/v2\/42wp_author?post=18140"}],"curies":[{"name":"wp","href":"https:\/\/api.w.org\/{rel}","templated":true}]}}