{"id":18162,"date":"2023-07-26T17:10:45","date_gmt":"2023-07-26T20:10:45","guid":{"rendered":"https:\/\/grandepremio.com\/es\/2023\/07\/26\/formula-1-bottas-neumaticos-hungria\/"},"modified":"2023-07-26T17:10:58","modified_gmt":"2023-07-26T20:10:58","slug":"formula-1-bottas-neumaticos-hungria","status":"publish","type":"post","link":"https:\/\/grandepremio.com\/es\/f1\/formula-1-bottas-neumaticos-hungria\/","title":{"rendered":"Bottas culpa al desgaste de neum\u00e1ticos por 12\u00ba puesto en Hungr\u00eda"},"content":{"rendered":"\n<figure class=\"wp-block-embed is-type-video is-provider-youtube wp-block-embed-youtube wp-embed-aspect-16-9 wp-has-aspect-ratio\"><div class=\"wp-block-embed__wrapper\">\n<iframe loading=\"lazy\" title=\"\u00a1LAS CINCO CLAVES DEL GRAN PREMIO DE HUNGR\u00cdA DE F\u00d3RMULA 1!\" width=\"500\" height=\"281\" src=\"https:\/\/www.youtube.com\/embed\/vQKYP06l99A?feature=oembed\" frameborder=\"0\" allow=\"accelerometer; autoplay; clipboard-write; encrypted-media; gyroscope; picture-in-picture; web-share\" referrerpolicy=\"strict-origin-when-cross-origin\" allowfullscreen><\/iframe>\n<\/div><\/figure>\n\n\n\n<p class=\"wp-block-paragraph\">El ritmo de <strong>Alfa Romeo<\/strong> sorprendi\u00f3 durante la clasificaci\u00f3n para el <strong>GP de Hungr\u00eda<\/strong>, logrando llevar los dos coches a Q3 y viendo a <strong>Guanyu Zhou<\/strong> y <strong>Valtteri Bottas<\/strong> alinear sus coches en quinto y s\u00e9ptimo lugar, respectivamente. Sin embargo, la dupla cay\u00f3 en la tabla durante la carrera y el mejor resultado del equipo italiano en la etapa h\u00fangara fue el <strong>12\u00ba<\/strong> lugar del piloto finland\u00e9s. La ca\u00edda de rendimiento se atribuy\u00f3 al desgaste acentuado de los neum\u00e1ticos.<\/p>\n\n\n\n<p class=\"wp-block-paragraph\"><strong>\u00a1Conoce el canal de Grande Pr\u00eamio en Espa\u00f1ol en&nbsp;<\/strong><a href=\"https:\/\/www.youtube.com\/channel\/UCDxWojGVUi9gWYhrY0pGbIQ\" target=\"_blank\" rel=\"noreferrer noopener\"><strong>YouTube<\/strong><\/a><strong>!<\/strong><br><strong>\u00a1Sigue a Grande Pr\u00eamio en Espa\u00f1ol en&nbsp;<\/strong><a href=\"https:\/\/twitter.com\/grandepremioES\" target=\"_blank\" rel=\"noreferrer noopener\"><strong>Twitter&nbsp;<\/strong><\/a><strong>y en&nbsp;<\/strong><a href=\"https:\/\/www.instagram.com\/grandepremioes\/\" target=\"_blank\" rel=\"noreferrer noopener\"><strong>Instagram<\/strong><\/a><strong>!<\/strong><\/p>\n\n\n\n<p class=\"wp-block-paragraph\">Los problemas de<strong> Alfa Romeo<\/strong> durante Hungr\u00eda comenzaron desde el inicio. <strong>Zhou perdi\u00f3 respuesta<\/strong> del acelerador y cay\u00f3 al 15\u00ba lugar, mientras que <strong>Bottas tuvo que evitar una colisi\u00f3n con su compa\u00f1ero de equipo<\/strong> y cay\u00f3 al noveno lugar.\u00a0<\/p>\n\n\n\n<figure class=\"wp-block-video\"><video class=\"video-js vjs-big-play-centered\" data-gp-vjs=\"1\" controls poster=\"https:\/\/www.grandepremio.com\/br\/wp-content\/uploads\/2023\/07\/Zhou-poster-1.jpeg\" src=\"https:\/\/www.grandepremio.com\/br\/wp-content\/uploads\/2023\/07\/Zhou.mp4\"><\/video><figcaption class=\"wp-element-caption\">(V\u00eddeo: DAZN)<\/figcaption><\/figure>\n\n\n\n<p class=\"wp-block-paragraph\">A partir de ese momento,<strong> el #77 nunca tuvo el ritmo para luchar por puntos<\/strong>, y aunque se situ\u00f3 d\u00e9cimo cuando los pilotos comenzaron a ir a boxes para cambiar neum\u00e1ticos, termin\u00f3 el domingo solo en el 12\u00ba lugar. La ca\u00edda de rendimiento se justific\u00f3 por la <strong>alta degradaci\u00f3n de los neum\u00e1ticos<\/strong>.<\/p>\n\n\n\n<p class=\"wp-block-paragraph\">&#8220;Es decepcionante [no tener ritmo] cuando partes desde una posici\u00f3n tan buena. Desafortunadamente, <strong>Zhou tuvo un problema en el arranque, as\u00ed que tuve que esquivarlo<\/strong>. Perd\u00ed un poco de tiempo, pero tambi\u00e9n todos los coches que llevaban neum\u00e1ticos blandos estaban volando en la primera vuelta. Incluso despu\u00e9s de eso, nunca sent\u00ed que ten\u00eda el ritmo para intentar ganar posiciones&#8221;, lament\u00f3 Bottas.<\/p>\n\n\n\n<p class=\"wp-block-paragraph\">&#8220;En la clasificaci\u00f3n definitivamente tuvimos un ritmo mejor en comparaci\u00f3n con los dem\u00e1s. <strong>De alguna manera, en una vuelta \u00fanica, el coche va bien. Pero una vez que los neum\u00e1ticos se usan en la carrera, empezamos a perder cada vez m\u00e1s agarre.<\/strong> Creo que realmente, en esta pista, nuestro coche es bastante decente, pero a\u00fan as\u00ed, en t\u00e9rminos de eficiencia y quien tiene la mejor aerodin\u00e1mica, quien tiene m\u00e1s carga aerodin\u00e1mica acaba teniendo una mayor degradaci\u00f3n de los neum\u00e1ticos&#8221;, concluy\u00f3.<\/p>\n\n\n\n<figure class=\"wp-block-embed is-type-video is-provider-youtube wp-block-embed-youtube wp-embed-aspect-16-9 wp-has-aspect-ratio\"><div class=\"wp-block-embed__wrapper\">\n<iframe loading=\"lazy\" title=\"ALPINE, CADA VEZ M\u00c1S RELEGADO Y SIN RUMBO EN LA F\u00d3RMULA 1 2023\" width=\"500\" height=\"281\" src=\"https:\/\/www.youtube.com\/embed\/t_1IBJaXdS4?feature=oembed\" frameborder=\"0\" allow=\"accelerometer; autoplay; clipboard-write; encrypted-media; gyroscope; picture-in-picture; web-share\" referrerpolicy=\"strict-origin-when-cross-origin\" allowfullscreen><\/iframe>\n<\/div><\/figure>\n\n\n\n<p class=\"wp-block-paragraph\">En medio de los problemas de rendimiento en la carrera, <strong>Alfa Romeo ocupa la pen\u00faltima posici\u00f3n en el Campeonato de Constructores <\/strong>con solo nueve puntos sumados. Sin embargo, la lucha por el s\u00e9ptimo lugar contra Williams (11) y Haas (11) a\u00fan est\u00e1 abierta.<\/p>\n\n\n\n<p class=\"wp-block-paragraph\">La acci\u00f3n continuar\u00e1 el pr\u00f3ximo fin de semana, con la celebraci\u00f3n del&nbsp;<strong>GP de B\u00e9lgica.<\/strong>&nbsp;<strong>Grande Pr\u00eamio en Espa\u00f1ol<\/strong>&nbsp;sigue&nbsp;<strong>EN VIVO Y EN TIEMPO REAL<\/strong>&nbsp;todas las actividades del Mundial de&nbsp;<a href=\"https:\/\/grandepremio.com\/es\/\/f1\/\" target=\"_blank\" rel=\"noreferrer noopener\"><\/a><a href=\"https:\/\/grandepremio.com\/es\/\/f1\/\" target=\"_blank\" rel=\"noreferrer noopener\"><\/a><a href=\"https:\/\/grandepremio.com\/es\/\/f1\/\" target=\"_blank\" rel=\"noreferrer noopener\"><\/a><a href=\"https:\/\/grandepremio.com\/es\/\/f1\/\" target=\"_blank\" rel=\"noreferrer noopener\"><\/a><a href=\"https:\/\/grandepremio.com\/es\/\/f1\/\" target=\"_blank\" rel=\"noreferrer noopener\"><\/a><a href=\"https:\/\/grandepremio.com\/es\/\/f1\/\" target=\"_blank\" rel=\"noreferrer noopener\"><\/a><a href=\"https:\/\/grandepremio.com\/es\/\/f1\/\" target=\"_blank\" rel=\"noreferrer noopener\"><\/a><a href=\"https:\/\/grandepremio.com\/es\/\/f1\/\" target=\"_blank\" rel=\"noreferrer noopener\"><\/a><a href=\"https:\/\/grandepremio.com\/es\/\/f1\/\" target=\"_blank\" rel=\"noreferrer noopener\"><\/a><a href=\"https:\/\/grandepremio.com\/es\/\/f1\/\" target=\"_blank\" rel=\"noreferrer noopener\"><\/a><a href=\"https:\/\/grandepremio.com\/es\/\/f1\/\" target=\"_blank\" rel=\"noreferrer noopener\">F\u00f3rmula 1<\/a>.<\/p>\n","protected":false},"excerpt":{"rendered":"<p>Valtteri Bottas reconoci\u00f3 que el complicado inicio de carrera hizo las cosas m\u00e1s dif\u00edciles, pero admiti\u00f3 que el  Alfa Romeo solo es competitivo en las sesiones de clasificaci\u00f3n.<\/p>\n","protected":false},"author":0,"featured_media":1000709625,"comment_status":"closed","ping_status":"closed","sticky":false,"template":"","format":"standard","meta":{"42wp_featured_image_caption":"","42wp_featured_image_credits":"","42wp_featured_video":"","42wp_featured_image_hidden":false,"42wp_authors_list":[],"footnotes":""},"categories":[5],"tags":[295,5181,5172,181,179,1439,2534,2369,421,252],"42wp_author":[14235],"class_list":["post-18162","post","type-post","status-publish","format-standard","has-post-thumbnail","hentry","category-f1","tag-alfa-romeo","tag-alfa-romeo-c43","tag-c43","tag-f1","tag-formula-1","tag-formula-1-2022","tag-formula-1-2023","tag-formula-1-hoy","tag-gp-de-hungria","tag-valtteri-bottas","42wp_author-barbara-mincioni"],"_links":{"self":[{"href":"https:\/\/grandepremio.com\/es\/wp-json\/wp\/v2\/posts\/18162","targetHints":{"allow":["GET"]}}],"collection":[{"href":"https:\/\/grandepremio.com\/es\/wp-json\/wp\/v2\/posts"}],"about":[{"href":"https:\/\/grandepremio.com\/es\/wp-json\/wp\/v2\/types\/post"}],"replies":[{"embeddable":true,"href":"https:\/\/grandepremio.com\/es\/wp-json\/wp\/v2\/comments?post=18162"}],"version-history":[{"count":0,"href":"https:\/\/grandepremio.com\/es\/wp-json\/wp\/v2\/posts\/18162\/revisions"}],"wp:featuredmedia":[{"embeddable":true,"href":"https:\/\/grandepremio.com\/es\/wp-json\/wp\/v2\/media\/1000709625"}],"wp:attachment":[{"href":"https:\/\/grandepremio.com\/es\/wp-json\/wp\/v2\/media?parent=18162"}],"wp:term":[{"taxonomy":"category","embeddable":true,"href":"https:\/\/grandepremio.com\/es\/wp-json\/wp\/v2\/categories?post=18162"},{"taxonomy":"post_tag","embeddable":true,"href":"https:\/\/grandepremio.com\/es\/wp-json\/wp\/v2\/tags?post=18162"},{"taxonomy":"42wp_author","embeddable":true,"href":"https:\/\/grandepremio.com\/es\/wp-json\/wp\/v2\/42wp_author?post=18162"}],"curies":[{"name":"wp","href":"https:\/\/api.w.org\/{rel}","templated":true}]}}