{"id":18171,"date":"2023-07-26T10:40:30","date_gmt":"2023-07-26T13:40:30","guid":{"rendered":"https:\/\/grandepremio.com\/es\/2023\/07\/26\/formula-1-de-vries-mercedes-tiempo\/"},"modified":"2023-07-26T10:40:40","modified_gmt":"2023-07-26T13:40:40","slug":"formula-1-de-vries-mercedes-tiempo","status":"publish","type":"post","link":"https:\/\/grandepremio.com\/es\/f1\/formula-1-de-vries-mercedes-tiempo\/","title":{"rendered":"Mercedes asegura que De Vries &#8220;merec\u00eda m\u00e1s tiempo&#8221; en F\u00f3rmula 1"},"content":{"rendered":"\n<p class=\"wp-block-paragraph\"><strong>Nyck de Vries<\/strong> solo complet\u00f3 diez carreras en la <strong>F\u00f3rmula 1 <\/strong>en <strong>2023<\/strong> y fue <strong><a href=\"https:\/\/grandepremio.com\/es\/\/f1\/red-bull-despedir-nyck-de-vries-alphatauri-formula-1\/\">despedido de AlphaTauri<\/a><\/strong>. Como consuelo, el director t\u00e9cnico de <strong>Mercedes<\/strong>,<strong> Andrew Shovlin<\/strong>, dijo que aceptar\u00eda al holand\u00e9s de vuelta en el equipo si quisiera regresar como piloto reserva, algo que <strong>Toto Wolff<\/strong>, el jefe del equipo alem\u00e1n, no afirm\u00f3 exactamente, aunque reiter\u00f3 que le seguir\u00edan brindando su total apoyo.<\/p>\n\n\n\n<p class=\"wp-block-paragraph\"><strong>\u00a1Conoce el canal de Grande Pr\u00eamio en Espa\u00f1ol en\u00a0<\/strong><a href=\"https:\/\/www.youtube.com\/channel\/UCDxWojGVUi9gWYhrY0pGbIQ\" target=\"_blank\" rel=\"noreferrer noopener\"><strong>YouTube<\/strong><\/a><strong>!<\/strong><br><strong>\u00a1Sigue a Grande Pr\u00eamio en Espa\u00f1ol en\u00a0<\/strong><a href=\"https:\/\/twitter.com\/grandepremioES\" target=\"_blank\" rel=\"noreferrer noopener\"><strong>Twitter\u00a0<\/strong><\/a><strong>y en\u00a0<\/strong><a href=\"https:\/\/www.instagram.com\/grandepremioes\/\" target=\"_blank\" rel=\"noreferrer noopener\"><strong>Instagram<\/strong><\/a><strong>!<\/strong><\/p>\n\n\n\n<p class=\"wp-block-paragraph\">&#8220;No es problema nuestro&#8221;, declar\u00f3 en una entrevista a<strong> Sky Sports<\/strong>. &#8220;Siento mucho lo que le sucedi\u00f3. Me llam\u00f3 el lunes por la ma\u00f1ana para preguntarme si ten\u00eda tiempo para tomar un caf\u00e9. Lo ten\u00eda. <strong>En nuestro equipo, todas las posiciones estaban ocupadas, pero continuaremos apoy\u00e1ndolo en lo que podamos<\/strong>&#8220;, continu\u00f3.<\/p>\n\n\n\n<figure class=\"wp-block-image size-large\"><img decoding=\"async\" src=\"https:\/\/www.grandepremio.com\/br\/wp-content\/uploads\/2023\/07\/f1-2023-austria-corrida-alphatauri-nyckdevries-01-1024x576.jpg\" alt=\"\" class=\"wp-image-706215\"\/><figcaption class=\"wp-element-caption\">Nyck De Vries dej\u00f3 AlphaTauri despu\u00e9s de diez carreras (Foto: Red Bull Content Pool)<\/figcaption><\/figure>\n\n\n\n<p class=\"wp-block-paragraph\"><\/p>\n\n\n\n<p class=\"wp-block-paragraph\">Para el dirigente alem\u00e1n, hubo poco tiempo para <strong>De Vries<\/strong> en el equipo de <strong>Faenza<\/strong>. Toto cree que si al menos el piloto de 28 a\u00f1os hubiera completado la temporada 2023, podr\u00eda haber logrado mejores resultados y, qui\u00e9n sabe, incluso una oportunidad en <strong>Red Bull<\/strong>.<\/p>\n\n\n\n<p class=\"wp-block-paragraph\">&#8220;Soy fan de Nyck porque <strong>es extremadamente inteligente y siempre ha contribuido mucho al desarrollo de nuestro coche<\/strong>. Quiz\u00e1s <strong>necesitaba m\u00e1s tiempo<\/strong>. Creo que si le hubieran dado la temporada completa, podr\u00eda haber sido un buen candidato para la segunda plaza en <strong>Red Bull<\/strong>&#8220;, concluy\u00f3.<\/p>\n\n\n\n<p class=\"wp-block-paragraph\">La acci\u00f3n continuar\u00e1 el pr\u00f3ximo fin de semana, con la celebraci\u00f3n del\u00a0<strong>GP de B\u00e9lgica.<\/strong>\u00a0<strong>Grande Pr\u00eamio en Espa\u00f1ol<\/strong>\u00a0sigue\u00a0<strong>EN VIVO Y EN TIEMPO REAL<\/strong>\u00a0todas las actividades del Mundial de\u00a0<a href=\"https:\/\/grandepremio.com\/es\/\/f1\/\" target=\"_blank\" rel=\"noreferrer noopener\"><\/a><a href=\"https:\/\/grandepremio.com\/es\/\/f1\/\" target=\"_blank\" rel=\"noreferrer noopener\"><\/a><a href=\"https:\/\/grandepremio.com\/es\/\/f1\/\" target=\"_blank\" rel=\"noreferrer noopener\"><\/a><a href=\"https:\/\/grandepremio.com\/es\/\/f1\/\" target=\"_blank\" rel=\"noreferrer noopener\"><\/a><a href=\"https:\/\/grandepremio.com\/es\/\/f1\/\" target=\"_blank\" rel=\"noreferrer noopener\"><\/a><a href=\"https:\/\/grandepremio.com\/es\/\/f1\/\" target=\"_blank\" rel=\"noreferrer noopener\"><\/a><a href=\"https:\/\/grandepremio.com\/es\/\/f1\/\" target=\"_blank\" rel=\"noreferrer noopener\"><\/a><a href=\"https:\/\/grandepremio.com\/es\/\/f1\/\" target=\"_blank\" rel=\"noreferrer noopener\"><\/a><a href=\"https:\/\/grandepremio.com\/es\/\/f1\/\" target=\"_blank\" rel=\"noreferrer noopener\"><\/a><a href=\"https:\/\/grandepremio.com\/es\/\/f1\/\" target=\"_blank\" rel=\"noreferrer noopener\"><\/a><a href=\"https:\/\/grandepremio.com\/es\/\/f1\/\" target=\"_blank\" rel=\"noreferrer noopener\">F\u00f3rmula 1<\/a>.<\/p>\n\n\n\n<figure class=\"wp-block-embed is-type-video is-provider-youtube wp-block-embed-youtube wp-embed-aspect-16-9 wp-has-aspect-ratio\"><div class=\"wp-block-embed__wrapper\">\n<iframe loading=\"lazy\" title=\"\u00a1LAS CINCO CLAVES DEL GRAN PREMIO DE HUNGR\u00cdA DE F\u00d3RMULA 1!\" width=\"500\" height=\"281\" src=\"https:\/\/www.youtube.com\/embed\/vQKYP06l99A?feature=oembed\" frameborder=\"0\" allow=\"accelerometer; autoplay; clipboard-write; encrypted-media; gyroscope; picture-in-picture; web-share\" referrerpolicy=\"strict-origin-when-cross-origin\" allowfullscreen><\/iframe>\n<\/div><\/figure>\n","protected":false},"excerpt":{"rendered":"<p>Toto Wolff cree que De Vries podr\u00eda ser candidato incluso para la segunda plaza en Red Bull, pero no hubo tiempo suficiente para el piloto en la F\u00f3rmula 1.<\/p>\n","protected":false},"author":0,"featured_media":1010183880,"comment_status":"closed","ping_status":"closed","sticky":false,"template":"","format":"standard","meta":{"42wp_featured_image_caption":"","42wp_featured_image_credits":"","42wp_featured_video":"","42wp_featured_image_hidden":false,"42wp_authors_list":[],"footnotes":""},"categories":[5],"tags":[508,4784,181,1676,179,2534,2369,197,1236,4561,206,569],"42wp_author":[14235],"class_list":["post-18171","post","type-post","status-publish","format-standard","has-post-thumbnail","hentry","category-f1","tag-alphatauri","tag-de-vries","tag-f1","tag-f1-2023","tag-formula-1","tag-formula-1-2023","tag-formula-1-hoy","tag-mercedes","tag-mercedes-f1","tag-mercedes-w14","tag-red-bull","tag-toto-wolff","42wp_author-barbara-mincioni"],"_links":{"self":[{"href":"https:\/\/grandepremio.com\/es\/wp-json\/wp\/v2\/posts\/18171","targetHints":{"allow":["GET"]}}],"collection":[{"href":"https:\/\/grandepremio.com\/es\/wp-json\/wp\/v2\/posts"}],"about":[{"href":"https:\/\/grandepremio.com\/es\/wp-json\/wp\/v2\/types\/post"}],"replies":[{"embeddable":true,"href":"https:\/\/grandepremio.com\/es\/wp-json\/wp\/v2\/comments?post=18171"}],"version-history":[{"count":0,"href":"https:\/\/grandepremio.com\/es\/wp-json\/wp\/v2\/posts\/18171\/revisions"}],"wp:featuredmedia":[{"embeddable":true,"href":"https:\/\/grandepremio.com\/es\/wp-json\/wp\/v2\/media\/1010183880"}],"wp:attachment":[{"href":"https:\/\/grandepremio.com\/es\/wp-json\/wp\/v2\/media?parent=18171"}],"wp:term":[{"taxonomy":"category","embeddable":true,"href":"https:\/\/grandepremio.com\/es\/wp-json\/wp\/v2\/categories?post=18171"},{"taxonomy":"post_tag","embeddable":true,"href":"https:\/\/grandepremio.com\/es\/wp-json\/wp\/v2\/tags?post=18171"},{"taxonomy":"42wp_author","embeddable":true,"href":"https:\/\/grandepremio.com\/es\/wp-json\/wp\/v2\/42wp_author?post=18171"}],"curies":[{"name":"wp","href":"https:\/\/api.w.org\/{rel}","templated":true}]}}