{"id":1820,"date":"2026-04-07T12:38:43","date_gmt":"2026-04-07T15:38:43","guid":{"rendered":"https:\/\/grandepremio.com\/es\/2026\/04\/07\/hyundai-rinde-tributo-breen-rally-croacia\/"},"modified":"2026-04-07T12:38:48","modified_gmt":"2026-04-07T15:38:48","slug":"hyundai-rinde-tributo-breen-rally-croacia","status":"publish","type":"post","link":"https:\/\/grandepremio.com\/es\/rally\/hyundai-rinde-tributo-breen-rally-croacia\/","title":{"rendered":"Hyundai rinde tributo y exhibe el rostro de Breen en su regreso al Rally de Croacia"},"content":{"rendered":"\n<p class=\"wp-block-paragraph\">Tras un mes de parate, el <strong>WRC <\/strong>vuelve este fin de semana con la cuarta fecha de su temporada 2026 en el <strong>Rally de Croacia<\/strong>, que no estuvo presente en el calendario del a\u00f1o pasado, y ser\u00e1 la sede de un emotivo homenaje de <strong>Hyundai<\/strong> a <strong>Craig Breen<\/strong>, que falleci\u00f3 en un accidente antes del evento celebrado en 2023.<\/p>\n\n\n\n<p class=\"wp-block-paragraph\">\ud83d\udfe5&nbsp;<strong><em>\u00a1Todas las novedades te esperan en el canal de&nbsp;<\/em><\/strong><a href=\"https:\/\/www.youtube.com\/@GrandePremioES\"><em>YouTube<\/em><\/a><strong><em>&nbsp;de Grande Pr\u00eamio en Espa\u00f1ol!<\/em><\/strong>&nbsp;\ud83d\udfe8<\/p>\n\n\n\n<p class=\"wp-block-paragraph\">En aquella ocasi\u00f3n, el irland\u00e9s choc\u00f3 contra un poste durante los ejercicios de reconocimiento de la etapa croata y no sobrevivi\u00f3 a las heridas, causando una profunda conmoci\u00f3n en los aficionados al Rally y en el campeonato del mundo. Por esto, el fabricante surcoreano tendr\u00e1 una inscripci\u00f3n en los tres autos que dir\u00e1 <em>\u201cPara Craig\u201d<\/em> a lo largo de todo el fin de semana.<\/p>\n\n\n\n<p class=\"wp-block-paragraph\">Adem\u00e1s, aparecer\u00e1 en la derecha una frase de Breen, <em>\u201cFlat to the square right\u201d<\/em>, y se incluir\u00e1n retratos del irland\u00e9s pintados en los laterales y el techo de los coches. Durante su trayectoria en el campeonato del mundo en 82 carreras, Craig consigui\u00f3 nueve podios y estaba en los reconocimientos de caminos en Croacia cuando ocurri\u00f3 el tr\u00e1gico accidente.<\/p>\n\n\n\n<figure class=\"wp-block-embed is-type-video is-provider-youtube wp-block-embed-youtube wp-embed-aspect-16-9 wp-has-aspect-ratio\"><div class=\"wp-block-embed__wrapper\">\n<iframe loading=\"lazy\" title=\"REGLAMENTO POL\u00c9MICO EN F1: CR\u00cdTICAS Y POSIBLES CAMBIOS\" width=\"500\" height=\"281\" src=\"https:\/\/www.youtube.com\/embed\/7oFTWG7hC9o?feature=oembed\" frameborder=\"0\" allow=\"accelerometer; autoplay; clipboard-write; encrypted-media; gyroscope; picture-in-picture; web-share\" referrerpolicy=\"strict-origin-when-cross-origin\" allowfullscreen><\/iframe>\n<\/div><\/figure>\n\n\n\n<p class=\"wp-block-paragraph\">De cara a un nuevo evento del <strong>WRC 2026<\/strong>, Hyundai alinear\u00e1 a tres autos siendo los pilotos habituales, <strong>Adrien Fourmaux<\/strong> y <strong>Thierry Neuville<\/strong>, a los que se sumar\u00e1 <strong>Hayden Paddon<\/strong>, que volver\u00e1 a correr este Rally de Croacia luego de haberlo hecho en Montecarlo, a finales de enero. Alexandre Coria, Martijn Wydaeghe y John Kennard ser\u00e1n los navegantes.<\/p>\n\n\n\n<p class=\"wp-block-paragraph\">\u23e9&nbsp;<strong><em>\u00a1Seguinos en redes por&nbsp;<\/em><\/strong><a href=\"https:\/\/twitter.com\/grandepremioES\"><em>Twitter&nbsp;<\/em><\/a><strong><em>e&nbsp;<\/em><\/strong><a href=\"https:\/\/www.instagram.com\/grandepremioes\/\"><em>Instagram!<br><\/em><\/a>\u23e9&nbsp;<strong><em>Adem\u00e1s, tenemos nuestro&nbsp;<\/em><\/strong><a href=\"https:\/\/whatsapp.com\/channel\/0029VaDZ5zb0gcfDxuwxBM05\"><em>canal de Whatsapp<\/em><\/a><strong><em>&nbsp;con toda la informaci\u00f3n al instante<\/em><\/strong>&nbsp;\ud83c\udfc1<\/p>\n\n\n\n<p class=\"wp-block-paragraph\">La cuarta ronda del campeonato del WRC comenzar\u00e1 este viernes, con ocho pruebas especiales, en el regreso al Rally de Croacia, que reanudar\u00e1 las actividades tras el paso por Kenia.<\/p>\n","protected":false},"excerpt":{"rendered":"<p>De vuelta al WRC tras un a\u00f1o de ausencia, el Rally de Croacia ser\u00e1 el escenario de un homenaje de Hyundai a Craig Breen, quien falleci\u00f3 en la previa del evento de 2023. <\/p>\n","protected":false},"author":0,"featured_media":1010397736,"comment_status":"closed","ping_status":"closed","sticky":false,"template":"","format":"standard","meta":{"42wp_featured_image_caption":"","42wp_featured_image_credits":"","42wp_featured_video":"","42wp_featured_image_hidden":false,"42wp_authors_list":[],"footnotes":""},"categories":[9],"tags":[2104,1691,13706,1542,2573,1541,1226,13432],"42wp_author":[14237],"class_list":["post-1820","post","type-post","status-publish","format-standard","has-post-thumbnail","hentry","category-rally","tag-adrien-fourmaux","tag-craig-breen","tag-hayden-paddon","tag-hyundai","tag-rally-de-croacia","tag-thierry-neuville","tag-wrc","tag-wrc-2026","42wp_author-gabriel-garcia"],"_links":{"self":[{"href":"https:\/\/grandepremio.com\/es\/wp-json\/wp\/v2\/posts\/1820","targetHints":{"allow":["GET"]}}],"collection":[{"href":"https:\/\/grandepremio.com\/es\/wp-json\/wp\/v2\/posts"}],"about":[{"href":"https:\/\/grandepremio.com\/es\/wp-json\/wp\/v2\/types\/post"}],"replies":[{"embeddable":true,"href":"https:\/\/grandepremio.com\/es\/wp-json\/wp\/v2\/comments?post=1820"}],"version-history":[{"count":0,"href":"https:\/\/grandepremio.com\/es\/wp-json\/wp\/v2\/posts\/1820\/revisions"}],"wp:featuredmedia":[{"embeddable":true,"href":"https:\/\/grandepremio.com\/es\/wp-json\/wp\/v2\/media\/1010397736"}],"wp:attachment":[{"href":"https:\/\/grandepremio.com\/es\/wp-json\/wp\/v2\/media?parent=1820"}],"wp:term":[{"taxonomy":"category","embeddable":true,"href":"https:\/\/grandepremio.com\/es\/wp-json\/wp\/v2\/categories?post=1820"},{"taxonomy":"post_tag","embeddable":true,"href":"https:\/\/grandepremio.com\/es\/wp-json\/wp\/v2\/tags?post=1820"},{"taxonomy":"42wp_author","embeddable":true,"href":"https:\/\/grandepremio.com\/es\/wp-json\/wp\/v2\/42wp_author?post=1820"}],"curies":[{"name":"wp","href":"https:\/\/api.w.org\/{rel}","templated":true}]}}