{"id":18207,"date":"2023-07-23T15:45:52","date_gmt":"2023-07-23T18:45:52","guid":{"rendered":"https:\/\/grandepremio.com\/es\/2023\/07\/23\/leclerc-problemas-ferrari-peor-hungria\/"},"modified":"2023-07-23T15:46:00","modified_gmt":"2023-07-23T18:46:00","slug":"leclerc-problemas-ferrari-peor-hungria","status":"publish","type":"post","link":"https:\/\/grandepremio.com\/es\/f1\/leclerc-problemas-ferrari-peor-hungria\/","title":{"rendered":"Leclerc enumera los problemas y ve a Ferrari &#8220;peor de lo que parec\u00eda&#8221; en Hungr\u00eda"},"content":{"rendered":"\n<p class=\"wp-block-paragraph\"><strong>Charles Leclerc<\/strong> volvi\u00f3 a sufrir con el rendimiento de Ferrari durante el<strong> Gran Premio de Hungr\u00eda<\/strong> ya que, despu\u00e9s de haber clasificado sexto, el piloto del #16 tuvo una sanci\u00f3n de cinco segundos de recargo por exceso de velocidad en boxes, aunque tampoco tuvo un gran ritmo de carrera.<\/p>\n\n\n\n<p class=\"wp-block-paragraph\">Leclerc entr\u00f3 en boxes en la vuelta 19 para su primer cambio de neum\u00e1ticos y vio c\u00f3mo Ferrari hac\u00eda un mal trabajo al tardar 9 segundos en cambiar los compuestos. En la vuelta 44, el monegasco volvi\u00f3 al box para otro cambio de neum\u00e1ticos, y en la entrada al carril de boxes fue donde cometi\u00f3 la infracci\u00f3n.<\/p>\n\n\n\n<figure class=\"wp-block-image size-large\"><img decoding=\"async\" src=\"https:\/\/www.grandepremio.com\/br\/wp-content\/uploads\/2023\/07\/f1-2023-hungria-classificacao-ferrari-charlesleclerc-afp-02-1024x683.jpg\" alt=\"\" class=\"wp-image-709853\"\/><figcaption class=\"wp-element-caption\">Charles Leclerc decepciona con Ferrari en Hungr\u00eda (Foto: AFP)<\/figcaption><\/figure>\n\n\n\n<p class=\"wp-block-paragraph\">Al final de la carrera, aunque cruz\u00f3 la l\u00ednea de meta sexto, Leclerc acab\u00f3 perdiendo la posici\u00f3n en favor de <strong>George Russell<\/strong>, debido al recargo. El resultado, sin embargo, segu\u00eda siendo mejor de lo que el monegasco esperaba conseguir en Hungaroring.<\/p>\n\n\n\n<p class=\"wp-block-paragraph\">&#8220;El pit-stop fue bastante lento y tuvimos una penalizaci\u00f3n de 5s por exceso de velocidad en el pit-lane. <strong>De nuevo, ha sido un fin de semana dif\u00edcil.<\/strong> Sinceramente, <strong>es frustrante<\/strong> en general. Como piloto, sent\u00ed que con el ritmo que tenemos hoy, <strong>nadie se da cuenta realmente cuando sientes que est\u00e1s haciendo un buen trabajo con el coche que tienes<\/strong>. Y, cuando est\u00e1s haciendo un mal trabajo, todo el mundo lo nota&#8221;, lament\u00f3 Leclerc.<\/p>\n\n\n\n<p class=\"wp-block-paragraph\"><strong>&#8220;La situaci\u00f3n es dif\u00edcil<\/strong>, pero al fin y al cabo forma parte del juego. Ahora estamos por detr\u00e1s [de los rivales], y eso se ha confirmado en los tres \u00faltimos fines de semana. <strong>As\u00ed que hay mucho trabajo que hacer <\/strong>de nuevo. Sinceramente, <strong>hoy siento que el coche era mucho peor de lo que parec\u00eda&#8221;<\/strong>, finaliz\u00f3.<\/p>\n\n\n\n<p class=\"wp-block-paragraph\">El resultado en el <strong>Gran Premio de Hungr\u00eda<\/strong> sit\u00faa a Charles Leclerc, que tiene 80 puntos, un poco m\u00e1s cerca de su compa\u00f1ero de equipo Carlos Sainz, quien totaliza 87 unidades, en el Campeonato del Mundo de Pilotos. Ambos son s\u00e9ptimo y sexto respectivamente en la clasificaci\u00f3n.<\/p>\n\n\n\n<p class=\"wp-block-paragraph\"><strong>\u00a1Conoce el canal de Grande Pr\u00eamio en Espa\u00f1ol en&nbsp;<\/strong><a href=\"https:\/\/www.youtube.com\/channel\/UCDxWojGVUi9gWYhrY0pGbIQ\" target=\"_blank\" rel=\"noreferrer noopener\"><strong>YouTube<\/strong><\/a><strong>!<\/strong><br><strong>\u00a1Sigue a Grande Pr\u00eamio en Espa\u00f1ol en&nbsp;<\/strong><a href=\"https:\/\/twitter.com\/grandepremioES\" target=\"_blank\" rel=\"noreferrer noopener\"><strong>Twitter&nbsp;<\/strong><\/a><strong>y en&nbsp;<\/strong><a href=\"https:\/\/www.instagram.com\/grandepremioes\/\" target=\"_blank\" rel=\"noreferrer noopener\"><strong>Instagram<\/strong><\/a><strong>!<\/strong><\/p>\n\n\n\n<p class=\"wp-block-paragraph\">La <strong>F\u00f3rmula 1<\/strong> regresa el pr\u00f3ximo fin de semana, del 28 al 30 de julio, con el Gran Premio de B\u00e9lgica en Spa-Francorchamps. <strong>GRANDE PR\u00caMIO<\/strong> sigue en DIRECTO y en TIEMPO REAL todas las actividades de la temporada 2023.<\/p>\n","protected":false},"excerpt":{"rendered":"<p>Tras otra carrera llena de problemas, con sanci\u00f3n incluida, de Charles Leclerc, el piloto monegasco ha sido muy vocal sobre lo ocurrido en el Gran Premio de Hungr\u00eda, donde las expectativas del equipo siguen siendo muy bajas. <\/p>\n","protected":false},"author":0,"featured_media":1000709680,"comment_status":"closed","ping_status":"closed","sticky":false,"template":"","format":"standard","meta":{"42wp_featured_image_caption":"","42wp_featured_image_credits":"","42wp_featured_video":"","42wp_featured_image_hidden":false,"42wp_authors_list":[],"footnotes":""},"categories":[5],"tags":[247,181,185,179,421,378],"42wp_author":[14237],"class_list":["post-18207","post","type-post","status-publish","format-standard","has-post-thumbnail","hentry","category-f1","tag-charles-leclerc","tag-f1","tag-ferrari","tag-formula-1","tag-gp-de-hungria","tag-hungaroring","42wp_author-gabriel-garcia"],"_links":{"self":[{"href":"https:\/\/grandepremio.com\/es\/wp-json\/wp\/v2\/posts\/18207","targetHints":{"allow":["GET"]}}],"collection":[{"href":"https:\/\/grandepremio.com\/es\/wp-json\/wp\/v2\/posts"}],"about":[{"href":"https:\/\/grandepremio.com\/es\/wp-json\/wp\/v2\/types\/post"}],"replies":[{"embeddable":true,"href":"https:\/\/grandepremio.com\/es\/wp-json\/wp\/v2\/comments?post=18207"}],"version-history":[{"count":0,"href":"https:\/\/grandepremio.com\/es\/wp-json\/wp\/v2\/posts\/18207\/revisions"}],"wp:featuredmedia":[{"embeddable":true,"href":"https:\/\/grandepremio.com\/es\/wp-json\/wp\/v2\/media\/1000709680"}],"wp:attachment":[{"href":"https:\/\/grandepremio.com\/es\/wp-json\/wp\/v2\/media?parent=18207"}],"wp:term":[{"taxonomy":"category","embeddable":true,"href":"https:\/\/grandepremio.com\/es\/wp-json\/wp\/v2\/categories?post=18207"},{"taxonomy":"post_tag","embeddable":true,"href":"https:\/\/grandepremio.com\/es\/wp-json\/wp\/v2\/tags?post=18207"},{"taxonomy":"42wp_author","embeddable":true,"href":"https:\/\/grandepremio.com\/es\/wp-json\/wp\/v2\/42wp_author?post=18207"}],"curies":[{"name":"wp","href":"https:\/\/api.w.org\/{rel}","templated":true}]}}