{"id":18287,"date":"2023-07-20T14:33:08","date_gmt":"2023-07-20T17:33:08","guid":{"rendered":"https:\/\/grandepremio.com\/es\/2023\/07\/20\/renault-destituye-rossi-nombra-krief-alpine\/"},"modified":"2023-07-20T14:33:17","modified_gmt":"2023-07-20T17:33:17","slug":"renault-destituye-rossi-nombra-krief-alpine","status":"publish","type":"post","link":"https:\/\/grandepremio.com\/es\/f1\/renault-destituye-rossi-nombra-krief-alpine\/","title":{"rendered":"Renault destituye a Rossi y nombra a Philippe Krief nuevo Director General de Alpine"},"content":{"rendered":"\n<p class=\"wp-block-paragraph\">En otro movimiento que sorprende, el <strong>Grupo Renault <\/strong>decidi\u00f3 apartar de su cargo como CEO de Alpine a Laurent Rossi, luego de que el fabricante franc\u00e9s decidiera <a href=\"https:\/\/grandepremio.com\/es\/\/f1\/inversones-ryan-reynolds-alpine-formula-1\/\" target=\"_blank\" rel=\"noreferrer noopener\">la venta del 24% de las acciones del equipo<\/a> de la F\u00f3rmula 1 a un grupo empresario que conforman, entre otros, el famoso actor de Hollywood, <strong>Ryan Reynolds.<\/strong><\/p>\n\n\n\n<p class=\"wp-block-paragraph\">De este modo, Rossi pasar\u00e1 a dedicarse a otros proyectos y ser\u00e1 reemplazado por <strong>Phillipe Krief,<\/strong> quien es diplomado en la Escuela Nacional Superior de T\u00e9cnicas Avanzadas.<\/p>\n\n\n\n<p class=\"wp-block-paragraph\">Adem\u00e1s, <strong>Krief<\/strong> ha trabajado para Michelin y tambi\u00e9n para el Grupo Fiat. Fue director del departamento de veh\u00edculos y director t\u00e9cnico de la marca Alfa Romeo, as\u00ed como antiguo director de ingenier\u00eda de Ferrari. Se incorpor\u00f3 a Alpine en febrero de 2023 <strong>como vicepresidente de ingenier\u00eda y rendimiento de producto<\/strong>, cargo que ocupar\u00e1 hasta que se encuentre un sustituto.<\/p>\n\n\n\n<figure class=\"wp-block-image size-large\"><img decoding=\"async\" src=\"https:\/\/www.grandepremio.com\/br\/wp-content\/uploads\/2023\/07\/f1-2023-austria-treinoslivres-alpine-pierregasly-afp-01-1-1024x683.jpg\" alt=\"\" class=\"wp-image-705127\"\/><figcaption class=\"wp-element-caption\">Pierre Gasly es uno de los dos pilotos de Alpine en la F1 2023 (Foto: AFP)<\/figcaption><\/figure>\n\n\n\n<p class=\"wp-block-paragraph\">&#8220;Me gustar\u00eda agradecer a Laurent su compromiso durante los \u00faltimos dos a\u00f1os para Alpine. <strong>Laurent ha establecido una estrategia clara y ambiciosa para la marca.<\/strong> Ha colocado a Alpine en la mejor posici\u00f3n posible para alcanzar objetivos a largo plazo. Alpine entra ahora en una nueva fase de desarrollo para convertirse en una marca de futuro&#8221;, coment\u00f3 Luca de Meo, Director General del Grupo Renault.<\/p>\n\n\n\n<p class=\"wp-block-paragraph\">&#8220;Philippe combina <strong>una larga experiencia en el sector<\/strong>, grandes conocimientos t\u00e9cnicos con cualidades de liderazgo que son clave para nuestro proyecto, incluido el lanzamiento de nuevos veh\u00edculos de la marca el pr\u00f3ximo a\u00f1o. <strong>Conf\u00edo plenamente en Philippe y en su equipo para llevar a Alpine a nuevas cotas&#8221;<\/strong>, declar\u00f3 Luca.<\/p>\n\n\n\n<p class=\"wp-block-paragraph\">Anteriormente director de estrategia y desarrollo de negocio en el Grupo Renault, Rossi fue nombrado director ejecutivo de Alpine en enero de 2021 tras la sorprendente marcha de <strong>Cyril Abiteboul.<\/strong><\/p>\n\n\n\n<p class=\"wp-block-paragraph\">Bajo la direcci\u00f3n del ahora ex CEO, la escuder\u00eda de Enstone gan\u00f3 ese a\u00f1o el Gran Premio de Hungr\u00eda con Esteban Ocon, rompiendo una racha de ocho a\u00f1os sin triunfos. En 2022, <strong>Otmar Szafnauer<\/strong> fue nombrado nuevo director del equipo.<\/p>\n\n\n\n<p class=\"wp-block-paragraph\"><strong>\u00a1Conoce el canal de Grande Pr\u00eamio en Espa\u00f1ol en&nbsp;<\/strong><a href=\"https:\/\/www.youtube.com\/channel\/UCDxWojGVUi9gWYhrY0pGbIQ\" target=\"_blank\" rel=\"noreferrer noopener\"><strong>YouTube<\/strong><\/a><strong>!<\/strong><br><strong>\u00a1Sigue a Grande Pr\u00eamio en Espa\u00f1ol en&nbsp;<\/strong><a href=\"https:\/\/twitter.com\/grandepremioES\" target=\"_blank\" rel=\"noreferrer noopener\"><strong>Twitter&nbsp;<\/strong><\/a><strong>y en&nbsp;<\/strong><a href=\"https:\/\/www.instagram.com\/grandepremioes\/\" target=\"_blank\" rel=\"noreferrer noopener\"><strong>Instagram<\/strong><\/a><strong>!<\/strong><\/p>\n\n\n\n<p class=\"wp-block-paragraph\">La <strong><a href=\"https:\/\/grandepremio.com\/es\/\/f1\/ultimas-noticias\/\" target=\"_blank\" rel=\"noreferrer noopener\">F\u00f3rmula 1<\/a><\/strong> reanuda sus actividades este fin de semana con el Gran Premio de Hungr\u00eda en Hungaroring, und\u00e9cima prueba de la temporada 2023. Y GRANDE PR\u00caMIO lo sigue todo.<\/p>\n","protected":false},"excerpt":{"rendered":"<p>Tras dos a\u00f1os y medio en el cargo, Renault ha decidido relevar de su puesto a Laurent Rossi, quien ahora pasar\u00e1 a centrarse en \u201cproyectos especiales\u201d, en tanto que Philippe Krief ha sido anunciado por como nuevo Director General del grupo.<\/p>\n","protected":false},"author":0,"featured_media":1000709016,"comment_status":"closed","ping_status":"closed","sticky":false,"template":"","format":"standard","meta":{"42wp_featured_image_caption":"","42wp_featured_image_credits":"","42wp_featured_video":"","42wp_featured_image_hidden":false,"42wp_authors_list":[],"footnotes":""},"categories":[5],"tags":[678,181,179,1500,1562,8244,210],"42wp_author":[14237],"class_list":["post-18287","post","type-post","status-publish","format-standard","has-post-thumbnail","hentry","category-f1","tag-alpine","tag-f1","tag-formula-1","tag-laurent-rossi","tag-otmar-szafnauer","tag-phillipe-krief","tag-renault","42wp_author-gabriel-garcia"],"_links":{"self":[{"href":"https:\/\/grandepremio.com\/es\/wp-json\/wp\/v2\/posts\/18287","targetHints":{"allow":["GET"]}}],"collection":[{"href":"https:\/\/grandepremio.com\/es\/wp-json\/wp\/v2\/posts"}],"about":[{"href":"https:\/\/grandepremio.com\/es\/wp-json\/wp\/v2\/types\/post"}],"replies":[{"embeddable":true,"href":"https:\/\/grandepremio.com\/es\/wp-json\/wp\/v2\/comments?post=18287"}],"version-history":[{"count":0,"href":"https:\/\/grandepremio.com\/es\/wp-json\/wp\/v2\/posts\/18287\/revisions"}],"wp:featuredmedia":[{"embeddable":true,"href":"https:\/\/grandepremio.com\/es\/wp-json\/wp\/v2\/media\/1000709016"}],"wp:attachment":[{"href":"https:\/\/grandepremio.com\/es\/wp-json\/wp\/v2\/media?parent=18287"}],"wp:term":[{"taxonomy":"category","embeddable":true,"href":"https:\/\/grandepremio.com\/es\/wp-json\/wp\/v2\/categories?post=18287"},{"taxonomy":"post_tag","embeddable":true,"href":"https:\/\/grandepremio.com\/es\/wp-json\/wp\/v2\/tags?post=18287"},{"taxonomy":"42wp_author","embeddable":true,"href":"https:\/\/grandepremio.com\/es\/wp-json\/wp\/v2\/42wp_author?post=18287"}],"curies":[{"name":"wp","href":"https:\/\/api.w.org\/{rel}","templated":true}]}}