{"id":18291,"date":"2023-07-20T13:04:58","date_gmt":"2023-07-20T16:04:58","guid":{"rendered":"https:\/\/grandepremio.com\/es\/2023\/07\/20\/formula-1-vesti-magnussen-futuro\/"},"modified":"2023-07-20T13:05:08","modified_gmt":"2023-07-20T16:05:08","slug":"formula-1-vesti-magnussen-futuro","status":"publish","type":"post","link":"https:\/\/grandepremio.com\/es\/f1\/formula-1-vesti-magnussen-futuro\/","title":{"rendered":"Magnussen elogia y apoya a Vesti en F1 pr\u00f3ximamente: &#8216;Lo conozco desde ni\u00f1o&#8217;"},"content":{"rendered":"\n<p class=\"wp-block-paragraph\"><strong>Kevin Magnussen<\/strong> cree que <strong>Frederik Vesti<\/strong>, piloto titular de Prema en la <strong>F\u00f3rmula 2<\/strong> y piloto afiliado a <strong>Mercedes<\/strong>, est\u00e1 listo para ocupar un asiento en la <strong>F\u00f3rmula 1<\/strong>. El titular de <strong>Haas<\/strong> ha conocido a su compatriota durante mucho tiempo y siempre ha visto su conducci\u00f3n con buenos ojos. Esto, junto con el s\u00f3lido rendimiento mostrado hasta ahora en 2023, fue suficiente para que el n\u00famero 20 afirme que el joven dan\u00e9s merece un lugar en la m\u00e1xima categor\u00eda del deporte motor.<\/p>\n\n\n\n<p class=\"wp-block-paragraph\"><strong>\u00a1Conoce el canal de Grande Pr\u00eamio en Espa\u00f1ol en&nbsp;<\/strong><a href=\"https:\/\/www.youtube.com\/channel\/UCDxWojGVUi9gWYhrY0pGbIQ\" target=\"_blank\" rel=\"noreferrer noopener\"><strong>YouTube<\/strong><\/a><strong>!<\/strong><br><strong>\u00a1Sigue a Grande Pr\u00eamio en Espa\u00f1ol en&nbsp;<\/strong><a href=\"https:\/\/twitter.com\/grandepremioES\" target=\"_blank\" rel=\"noreferrer noopener\"><strong>Twitter&nbsp;<\/strong><\/a><strong>y en&nbsp;<\/strong><a href=\"https:\/\/www.instagram.com\/grandepremioes\/\" target=\"_blank\" rel=\"noreferrer noopener\"><strong>Instagram<\/strong><\/a><strong>!<\/strong><\/p>\n\n\n\n<p class=\"wp-block-paragraph\">Vesti se encuentra en su segundo a\u00f1o en F2 y ha demostrado un rendimiento convincente. El piloto de <strong>Prema<\/strong> ha ganado cuatro carreras, subido al podio en otras dos ocasiones y lidera el campeonato con seis puntos de ventaja sobre<strong> Th\u00e9o Pourchaire<\/strong>.<\/p>\n\n\n\n<figure class=\"wp-block-image size-large\"><img decoding=\"async\" src=\"https:\/\/www.grandepremio.com\/br\/wp-content\/uploads\/2023\/07\/GPF3-1-1024x576.jpeg\" alt=\"\" class=\"wp-image-705497\"\/><figcaption class=\"wp-element-caption\">Frederik Vesti venci\u00f3 en la carrera sprint de Silverstone de F2 bajo la lluvia (Foto: F2\/Reprodu\u00e7\u00e3o)<\/figcaption><\/figure>\n\n\n\n<p class=\"wp-block-paragraph\">Magnussen habl\u00f3 sobre su relaci\u00f3n con Vesti, que comenz\u00f3 a trav\u00e9s de su hermano menor. &#8220;Conozco a Frederik desde que era un ni\u00f1ito. Era bueno, creo que todav\u00eda es amigo de mi hermano menor, y sol\u00edan correr en karts juntos en ese entonces.&#8221;<\/p>\n\n\n\n<p class=\"wp-block-paragraph\">&#8220;Y ahora, Frederik es uno de los j\u00f3venes l\u00edderes fuera de la<strong> F\u00f3rmula 1<\/strong>, dir\u00eda yo, y est\u00e1 haciendo un gran trabajo liderando el campeonato en F2 y mostrando una gran consistencia y madurez. <strong>Creo que toda Dinamarca est\u00e1 muy emocionada por \u00e9l<\/strong>, y <strong>espero que haya un lugar para \u00e9l <\/strong>en la F\u00f3rmula 1 en el futuro&#8221;, concluy\u00f3.<\/p>\n\n\n\n<p class=\"wp-block-paragraph\"><strong>Mercedes<\/strong> tiene un historial de promover a sus pilotos a la F\u00f3rmula 1 con cierta frecuencia. As\u00ed fue con <strong>Pascal Wehrlein<\/strong>, <strong>Esteban Ocon<\/strong>, <strong>George Russell<\/strong> e incluso <strong>Nyck de Vries<\/strong>, aunque este \u00faltimo cort\u00f3 lazos con los alemanes al firmar con <strong>AlphaTauri<\/strong>. Sin embargo, para 2024, a\u00fan no est\u00e1 claro qu\u00e9 oportunidades estar\u00e1n disponibles.<\/p>\n\n\n\n<p class=\"wp-block-paragraph\"><strong>GRANDE PR\u00caMIO<\/strong>&nbsp;sigue todas las actividades del GP de Hungr\u00eda de la&nbsp;<strong><a href=\"https:\/\/grandepremio.com\/es\/\/f1\/ultimas-noticias\/\" target=\"_blank\" rel=\"noreferrer noopener\"><\/a><a href=\"https:\/\/grandepremio.com\/es\/\/f1\/\" target=\"_blank\" rel=\"noreferrer noopener\">F\u00f3rmula 1<\/a><\/strong>&nbsp;EN DIRECTO y EN TIEMPO REAL, desde ma\u00f1ana con las dos tandas de entrenamientos oficiales.<\/p>\n\n\n\n<figure class=\"wp-block-embed is-type-video is-provider-youtube wp-block-embed-youtube wp-embed-aspect-16-9 wp-has-aspect-ratio\"><div class=\"wp-block-embed__wrapper\">\n<iframe loading=\"lazy\" title=\"LA F1 ES BLANCO DE CR\u00cdTICAS POR CALENDARIO DE 24 FECHAS DE 2024\" width=\"500\" height=\"281\" src=\"https:\/\/www.youtube.com\/embed\/pF_pXSo8NRA?feature=oembed\" frameborder=\"0\" allow=\"accelerometer; autoplay; clipboard-write; encrypted-media; gyroscope; picture-in-picture; web-share\" referrerpolicy=\"strict-origin-when-cross-origin\" allowfullscreen><\/iframe>\n<\/div><\/figure>\n","protected":false},"excerpt":{"rendered":"<p>Kevin Magnussen siempre ha admirado la conducci\u00f3n de Frederik Vesti y cree que su s\u00f3lida campa\u00f1a en la F\u00f3rmula 2 demuestra que el joven est\u00e1 listo para ocupar un puesto como titular en la F\u00f3rmula 1.<\/p>\n","protected":false},"author":0,"featured_media":1010181787,"comment_status":"closed","ping_status":"closed","sticky":false,"template":"","format":"standard","meta":{"42wp_featured_image_caption":"","42wp_featured_image_credits":"","42wp_featured_video":"","42wp_featured_image_hidden":false,"42wp_authors_list":[],"footnotes":""},"categories":[5],"tags":[181,1676,179,2534,2369,381,2237,690,2101],"42wp_author":[14235],"class_list":["post-18291","post","type-post","status-publish","format-standard","has-post-thumbnail","hentry","category-f1","tag-f1","tag-f1-2023","tag-formula-1","tag-formula-1-2023","tag-formula-1-hoy","tag-frederik-vesti","tag-grandepremio","tag-magnussen","tag-vesti","42wp_author-barbara-mincioni"],"_links":{"self":[{"href":"https:\/\/grandepremio.com\/es\/wp-json\/wp\/v2\/posts\/18291","targetHints":{"allow":["GET"]}}],"collection":[{"href":"https:\/\/grandepremio.com\/es\/wp-json\/wp\/v2\/posts"}],"about":[{"href":"https:\/\/grandepremio.com\/es\/wp-json\/wp\/v2\/types\/post"}],"replies":[{"embeddable":true,"href":"https:\/\/grandepremio.com\/es\/wp-json\/wp\/v2\/comments?post=18291"}],"version-history":[{"count":0,"href":"https:\/\/grandepremio.com\/es\/wp-json\/wp\/v2\/posts\/18291\/revisions"}],"wp:featuredmedia":[{"embeddable":true,"href":"https:\/\/grandepremio.com\/es\/wp-json\/wp\/v2\/media\/1010181787"}],"wp:attachment":[{"href":"https:\/\/grandepremio.com\/es\/wp-json\/wp\/v2\/media?parent=18291"}],"wp:term":[{"taxonomy":"category","embeddable":true,"href":"https:\/\/grandepremio.com\/es\/wp-json\/wp\/v2\/categories?post=18291"},{"taxonomy":"post_tag","embeddable":true,"href":"https:\/\/grandepremio.com\/es\/wp-json\/wp\/v2\/tags?post=18291"},{"taxonomy":"42wp_author","embeddable":true,"href":"https:\/\/grandepremio.com\/es\/wp-json\/wp\/v2\/42wp_author?post=18291"}],"curies":[{"name":"wp","href":"https:\/\/api.w.org\/{rel}","templated":true}]}}