{"id":18323,"date":"2023-07-17T14:43:18","date_gmt":"2023-07-17T17:43:18","guid":{"rendered":"https:\/\/grandepremio.com\/es\/2023\/07\/17\/formula-1-vettel-f1-cambio-climatico\/"},"modified":"2023-07-17T14:43:57","modified_gmt":"2023-07-17T17:43:57","slug":"formula-1-vettel-f1-cambio-climatico","status":"publish","type":"post","link":"https:\/\/grandepremio.com\/es\/f1\/formula-1-vettel-f1-cambio-climatico\/","title":{"rendered":"Vettel advierte a la F1 de una &#8220;amenaza real&#8221; por el cambio clim\u00e1tico"},"content":{"rendered":"\n<p class=\"wp-block-paragraph\"><strong>Sebastian Vettel<\/strong> fue muy vocal sobre el cambio clim\u00e1tico durante sus \u00faltimos a\u00f1os en la <strong>F\u00f3rmula 1<\/strong>. Aunque ya no est\u00e1 en las pistas, el tetracampe\u00f3n sigue activo en su defensa y aprovecha la flexibilidad que tiene en su d\u00eda a d\u00eda para seguir luchando por la causa. Durante el <strong>Festival de Goodwood<\/strong>, que tuvo lugar del 13 al 16 de julio, el piloto alem\u00e1n advirti\u00f3 que el deporte del motor podr\u00eda estar en peligro si no se vuelve m\u00e1s sostenible.<\/p>\n\n\n\n<p class=\"wp-block-paragraph\"><strong>\u00a1Conoce el canal de Grande Pr\u00eamio en Espa\u00f1ol en\u00a0<\/strong><a href=\"https:\/\/www.youtube.com\/channel\/UCDxWojGVUi9gWYhrY0pGbIQ\" target=\"_blank\" rel=\"noreferrer noopener\"><strong>YouTube<\/strong><\/a><strong>!<\/strong><br><strong>\u00a1Sigue a Grande Pr\u00eamio en Espa\u00f1ol en\u00a0<\/strong><a href=\"https:\/\/twitter.com\/grandepremioES\" target=\"_blank\" rel=\"noreferrer noopener\"><strong>Twitter\u00a0<\/strong><\/a><strong>y en\u00a0<\/strong><a href=\"https:\/\/www.instagram.com\/grandepremioes\/\" target=\"_blank\" rel=\"noreferrer noopener\"><strong>Instagram<\/strong><\/a><strong>!<\/strong><\/p>\n\n\n\n<p class=\"wp-block-paragraph\">En el evento, Vettel condujo los cl\u00e1sicos <strong>Williams FW14B<\/strong> y <strong>McLaren MP4\/8<\/strong> de 1992 y 1993, respectivamente. Sin embargo, para mantenerse fiel a lo que cree y promover el proyecto &#8220;Race without a trace&#8221; (correr sin dejar rastro), los modelos fueron abastecidos con combustibles sostenibles.<\/p>\n\n\n\n<figure class=\"wp-block-image size-large\"><img decoding=\"async\" src=\"https:\/\/www.grandepremio.com\/br\/wp-content\/uploads\/2022\/11\/GP2222_104938_U1A4334-scaled-e1669067501640-1024x887.jpg\" alt=\"\" class=\"wp-image-635500\"\/><figcaption class=\"wp-element-caption\">Sebastian Vettel asegura que el deporte motor necesita ser m\u00e1s sustentable (Foto: Aston Martin)<\/figcaption><\/figure>\n\n\n\n<p class=\"wp-block-paragraph\">Durante el festival, &#8216;Vettel habl\u00f3 sobre c\u00f3mo el cambio clim\u00e1tico ya ha afectado a la <strong>F\u00f3rmula 1<\/strong> en 2023. Se mencionaron las inundaciones que llevaron a la cancelaci\u00f3n del<strong> Gran Premio de Emilia-Roma\u00f1a<\/strong> y los incendios forestales en <strong>Montreal<\/strong>, que casi pusieron en peligro la realizaci\u00f3n del <strong>Gran Premio de Canad\u00e1<\/strong>.<\/p>\n\n\n\n<p class=\"wp-block-paragraph\">&#8220;Imola fue cancelada. Hay una relaci\u00f3n directa entre el clima extremo y el mundo cambiante, el mundo que se calienta. Creo que, <strong>a menos que est\u00e9s mirando completamente hacia otro lado, puedes ver que la crisis clim\u00e1tica ya est\u00e1 afectando a muchas personas hoy<\/strong>, en muchos lugares del mundo&#8221;, se\u00f1al\u00f3 Vettel.<\/p>\n\n\n\n<p class=\"wp-block-paragraph\">&#8220;Tuvimos la carrera en Miami en riesgo porque dos o tres semanas antes hubo inundaciones nuevamente, y la pista qued\u00f3 inundada. La carrera podr\u00eda haber sido cancelada si hubiera sucedido tres semanas despu\u00e9s. Tambi\u00e9n hubo incendios forestales en Canad\u00e1, con vientos persistentes, [la carrera en] Montreal pudo haber sido eliminada del calendario, as\u00ed que es una amenaza real&#8221;, dijo el tetracampe\u00f3n.<\/p>\n\n\n\n<figure class=\"wp-block-embed is-type-video is-provider-youtube wp-block-embed-youtube wp-embed-aspect-16-9 wp-has-aspect-ratio\"><div class=\"wp-block-embed__wrapper\">\n<iframe loading=\"lazy\" title=\"RICCIARDO REEMPLAZA A DE VRIES EN ALPHTAURI Y VUELVE A LA F1\" width=\"500\" height=\"281\" src=\"https:\/\/www.youtube.com\/embed\/_u5y9grRHJA?feature=oembed\" frameborder=\"0\" allow=\"accelerometer; autoplay; clipboard-write; encrypted-media; gyroscope; picture-in-picture; web-share\" referrerpolicy=\"strict-origin-when-cross-origin\" allowfullscreen><\/iframe>\n<\/div><\/figure>\n\n\n\n<p class=\"wp-block-paragraph\">El ex piloto tambi\u00e9n lanz\u00f3 una advertencia. En un momento en el que los pa\u00edses, especialmente los de Europa, est\u00e1n implementando planes de electrificaci\u00f3n para los autom\u00f3viles de calle homologados, <strong>el deporte del motor tal como lo conocemos hoy en d\u00eda podr\u00eda estar en peligro<\/strong>.<\/p>\n\n\n\n<p class=\"wp-block-paragraph\">&#8220;En alg\u00fan momento,<strong> los gobiernos comenzar\u00e1n a buscar cosas que puedan recortar y prohibir<\/strong>. El automovilismo podr\u00eda ser uno de ellos, y si eso sucede, <strong>el deporte estar\u00e1 en peligro<\/strong>&#8220;, concluy\u00f3.<\/p>\n\n\n\n<p class=\"wp-block-paragraph\">La acci\u00f3n continuar\u00e1 el pr\u00f3ximo fin de semana, con la celebraci\u00f3n del&nbsp;<strong>GP de Hungr\u00eda.<\/strong>&nbsp;<strong>Grande Pr\u00eamio en Espa\u00f1ol<\/strong>&nbsp;sigue&nbsp;<strong>EN VIVO Y EN TIEMPO REAL<\/strong>&nbsp;todas las actividades del Mundial de&nbsp;<a href=\"https:\/\/grandepremio.com\/es\/\/f1\/\" target=\"_blank\" rel=\"noreferrer noopener\"><\/a><a href=\"https:\/\/grandepremio.com\/es\/\/f1\/\" target=\"_blank\" rel=\"noreferrer noopener\"><\/a><a href=\"https:\/\/grandepremio.com\/es\/\/f1\/\" target=\"_blank\" rel=\"noreferrer noopener\"><\/a><a href=\"https:\/\/grandepremio.com\/es\/\/f1\/\" target=\"_blank\" rel=\"noreferrer noopener\"><\/a><a href=\"https:\/\/grandepremio.com\/es\/\/f1\/\" target=\"_blank\" rel=\"noreferrer noopener\"><\/a><a href=\"https:\/\/grandepremio.com\/es\/\/f1\/\" target=\"_blank\" rel=\"noreferrer noopener\"><\/a><a href=\"https:\/\/grandepremio.com\/es\/\/f1\/\" target=\"_blank\" rel=\"noreferrer noopener\"><\/a><a href=\"https:\/\/grandepremio.com\/es\/\/f1\/\" target=\"_blank\" rel=\"noreferrer noopener\"><\/a><a href=\"https:\/\/grandepremio.com\/es\/\/f1\/\" target=\"_blank\" rel=\"noreferrer noopener\"><\/a><a href=\"https:\/\/grandepremio.com\/es\/\/f1\/\" target=\"_blank\" rel=\"noreferrer noopener\">F\u00f3rmula 1<\/a>.&nbsp;<\/p>\n","protected":false},"excerpt":{"rendered":"<p>Aunque se encuentra retirado, Sebastian Vettel sigue preocupado por el rumbo que est\u00e1 tomando la F\u00f3rmula 1 y teme que las competiciones sean prohibidas en algunos pa\u00edses.<\/p>\n","protected":false},"author":0,"featured_media":1010181077,"comment_status":"closed","ping_status":"closed","sticky":false,"template":"","format":"standard","meta":{"42wp_featured_image_caption":"","42wp_featured_image_credits":"","42wp_featured_video":"","42wp_featured_image_hidden":false,"42wp_authors_list":[],"footnotes":""},"categories":[5],"tags":[3079,181,1676,2358,179,2534,2369,1298,1534,8217,208],"42wp_author":[14235],"class_list":["post-18323","post","type-post","status-publish","format-standard","has-post-thumbnail","hentry","category-f1","tag-cambio-climatico","tag-f1","tag-f1-2023","tag-f1-hoy","tag-formula-1","tag-formula-1-2023","tag-formula-1-hoy","tag-gp-de-canada","tag-gp-de-miami","tag-gp-emilia-romanha","tag-sebastian-vettel","42wp_author-barbara-mincioni"],"_links":{"self":[{"href":"https:\/\/grandepremio.com\/es\/wp-json\/wp\/v2\/posts\/18323","targetHints":{"allow":["GET"]}}],"collection":[{"href":"https:\/\/grandepremio.com\/es\/wp-json\/wp\/v2\/posts"}],"about":[{"href":"https:\/\/grandepremio.com\/es\/wp-json\/wp\/v2\/types\/post"}],"replies":[{"embeddable":true,"href":"https:\/\/grandepremio.com\/es\/wp-json\/wp\/v2\/comments?post=18323"}],"version-history":[{"count":0,"href":"https:\/\/grandepremio.com\/es\/wp-json\/wp\/v2\/posts\/18323\/revisions"}],"wp:featuredmedia":[{"embeddable":true,"href":"https:\/\/grandepremio.com\/es\/wp-json\/wp\/v2\/media\/1010181077"}],"wp:attachment":[{"href":"https:\/\/grandepremio.com\/es\/wp-json\/wp\/v2\/media?parent=18323"}],"wp:term":[{"taxonomy":"category","embeddable":true,"href":"https:\/\/grandepremio.com\/es\/wp-json\/wp\/v2\/categories?post=18323"},{"taxonomy":"post_tag","embeddable":true,"href":"https:\/\/grandepremio.com\/es\/wp-json\/wp\/v2\/tags?post=18323"},{"taxonomy":"42wp_author","embeddable":true,"href":"https:\/\/grandepremio.com\/es\/wp-json\/wp\/v2\/42wp_author?post=18323"}],"curies":[{"name":"wp","href":"https:\/\/api.w.org\/{rel}","templated":true}]}}