{"id":18338,"date":"2023-07-16T11:16:52","date_gmt":"2023-07-16T14:16:52","guid":{"rendered":"https:\/\/grandepremio.com\/es\/2023\/07\/16\/formula-1-ricciardo-lujo-tiempo-alphatauri\/"},"modified":"2023-07-16T11:17:03","modified_gmt":"2023-07-16T14:17:03","slug":"formula-1-ricciardo-lujo-tiempo-alphatauri","status":"publish","type":"post","link":"https:\/\/grandepremio.com\/es\/f1\/formula-1-ricciardo-lujo-tiempo-alphatauri\/","title":{"rendered":"Ricciardo reconoce que aprendi\u00f3 el &#8220;lujo del tiempo&#8221; afuera de la F1: &#8220;Admir\u00e9 tenerlo&#8221;"},"content":{"rendered":"\n<p class=\"wp-block-paragraph\"><strong>Daniel Ricciardo <\/strong>afirm\u00f3 que aprendi\u00f3 el &#8220;lujo del tiempo&#8221; durante el per\u00edodo en que estuvo apartado de ser titular en la <strong>F\u00f3rmula 1<\/strong>. El australiano destac\u00f3 que <strong>pas\u00f3 casi las \u00faltimas dos d\u00e9cadas persiguiendo el sue\u00f1o de ser campe\u00f3n <\/strong>y no tuvo la oportunidad de evaluar lo que hizo en el camino.<\/p>\n\n\n\n<p class=\"wp-block-paragraph\"><strong>\u00a1Conoce el canal de Grande Pr\u00eamio en Espa\u00f1ol en\u00a0<\/strong><a href=\"https:\/\/www.youtube.com\/channel\/UCDxWojGVUi9gWYhrY0pGbIQ\" target=\"_blank\" rel=\"noreferrer noopener\"><strong>YouTube<\/strong><\/a><strong>!<\/strong><br><strong>\u00a1Sigue a Grande Pr\u00eamio en Espa\u00f1ol en\u00a0<\/strong><a href=\"https:\/\/twitter.com\/grandepremioES\" target=\"_blank\" rel=\"noreferrer noopener\"><strong>Twitter\u00a0<\/strong><\/a><strong>y en\u00a0<\/strong><a href=\"https:\/\/www.instagram.com\/grandepremioes\/\" target=\"_blank\" rel=\"noreferrer noopener\"><strong>Instagram<\/strong><\/a><strong>!<\/strong><\/p>\n\n\n\n<p class=\"wp-block-paragraph\">Ricciardo cuenta las horas para regresar a la parrilla de la <strong>F1<\/strong> despu\u00e9s de haber sido convocado por <strong>Red Bull <\/strong><a href=\"https:\/\/grandepremio.com\/es\/\/f1\/daniel-ricciardo-alpha-tauri-red-bull-formula-1\/\">para ocupar el lugar de <strong>Nyck De Vries<\/strong> en <strong>AlphaTauri<\/strong><\/a> a partir del <strong>Gran Premio de Hungr\u00eda<\/strong>. El piloto de Perth estuvo apartado desde el a\u00f1o pasado, cuando fue despedido por <strong>McLaren<\/strong>.<\/p>\n\n\n\n<figure class=\"wp-block-image size-large\"><img decoding=\"async\" src=\"https:\/\/www.grandepremio.com\/br\/wp-content\/uploads\/2023\/07\/SI202307080171_hires_jpeg_24bit_rgb-1024x682.jpg\" alt=\"\" class=\"wp-image-707774\"\/><figcaption class=\"wp-element-caption\">Daniel Ricciardo afirm\u00f3 que el per\u00edodo fuera de la F1 le permiti\u00f3 analizar su trayectoria (Foto: Mark Thompson\/Getty Images)<\/figcaption><\/figure>\n\n\n\n<p class=\"wp-block-paragraph\">En una entrevista al sitio web de la <strong>F\u00f3rmula 1<\/strong>, Ricciardo fue preguntado sobre lo que aprendi\u00f3 durante este per\u00edodo de tiempo y respondi\u00f3: &#8220;Dir\u00eda que fue el lujo del tiempo&#8221;.<\/p>\n\n\n\n<p class=\"wp-block-paragraph\">&#8220;Realmente, fue algo que admir\u00e9 tener, ya que he estado en este deporte durante m\u00e1s de una d\u00e9cada y, antes de eso, buscando escalar para llegar, as\u00ed que estuve a un ritmo acelerado durante aproximadamente 17 a\u00f1os, que es el tiempo que llevo en <strong>Europa<\/strong>, lejos de casa&#8221;, relat\u00f3. &#8220;<strong>Fue un largo per\u00edodo y no tienes el lujo del tiempo para mirar hacia atr\u00e1s<\/strong>, tomarte un momento para analizar todo. Incluso en Navidad, sol\u00eda ir a casa todos los a\u00f1os, pero todo lo que haces est\u00e1 m\u00e1s bien pensando en la pr\u00f3xima temporada. As\u00ed que creo que tener un tiempo realmente fuera y desconectarme, tambi\u00e9n mentalmente, me permiti\u00f3 volver a enamorarme lentamente&#8221;, revel\u00f3.<\/p>\n\n\n\n<p class=\"wp-block-paragraph\">El alejamiento de la <strong>F\u00f3rmula 1<\/strong> ocurri\u00f3 despu\u00e9s de ser despedido por <strong>McLaren<\/strong> y por eso, admiti\u00f3 que ten\u00eda dudas sobre su propia carrera.<\/p>\n\n\n\n<p class=\"wp-block-paragraph\">&#8220;<strong>Realmente quer\u00eda recuperar esa motivaci\u00f3n interna<\/strong>. Quer\u00eda que viniera de m\u00ed, porque todav\u00eda estaba tratando de encontrar respuestas. \u00bfEs esto realmente lo que todav\u00eda quiero hacer? \u00bfEsa pasi\u00f3n se ha ido apagando lentamente?&#8221;, se\u00f1al\u00f3. &#8220;Pero s\u00ed, me di tiempo, comprend\u00ed todo y fue como despertar un d\u00eda y tener ese sentimiento ah\u00ed. Es el momento. Esa fue la mentalidad de los meses que pas\u00e9 fuera, reconstruir eso&#8221;, agreg\u00f3.<\/p>\n\n\n\n<figure class=\"wp-block-embed is-type-video is-provider-youtube wp-block-embed-youtube wp-embed-aspect-16-9 wp-has-aspect-ratio\"><div class=\"wp-block-embed__wrapper\">\n<iframe loading=\"lazy\" title=\"RICCIARDO REEMPLAZA A DE VRIES EN ALPHTAURI Y VUELVE A LA F1\" width=\"500\" height=\"281\" src=\"https:\/\/www.youtube.com\/embed\/_u5y9grRHJA?feature=oembed\" frameborder=\"0\" allow=\"accelerometer; autoplay; clipboard-write; encrypted-media; gyroscope; picture-in-picture; web-share\" referrerpolicy=\"strict-origin-when-cross-origin\" allowfullscreen><\/iframe>\n<\/div><\/figure>\n\n\n\n<p class=\"wp-block-paragraph\">La acci\u00f3n continuar\u00e1 el pr\u00f3ximo fin de semana, con la celebraci\u00f3n del&nbsp;<strong>GP de Hungr\u00eda.<\/strong>&nbsp;<strong>Grande Pr\u00eamio en Espa\u00f1ol<\/strong>&nbsp;sigue&nbsp;<strong>EN VIVO Y EN TIEMPO REAL<\/strong>&nbsp;todas las actividades del Mundial de&nbsp;<a href=\"https:\/\/grandepremio.com\/es\/\/f1\/\" target=\"_blank\" rel=\"noreferrer noopener\"><\/a><a href=\"https:\/\/grandepremio.com\/es\/\/f1\/\" target=\"_blank\" rel=\"noreferrer noopener\"><\/a><a href=\"https:\/\/grandepremio.com\/es\/\/f1\/\" target=\"_blank\" rel=\"noreferrer noopener\"><\/a><a href=\"https:\/\/grandepremio.com\/es\/\/f1\/\" target=\"_blank\" rel=\"noreferrer noopener\"><\/a><a href=\"https:\/\/grandepremio.com\/es\/\/f1\/\" target=\"_blank\" rel=\"noreferrer noopener\"><\/a><a href=\"https:\/\/grandepremio.com\/es\/\/f1\/\" target=\"_blank\" rel=\"noreferrer noopener\"><\/a><a href=\"https:\/\/grandepremio.com\/es\/\/f1\/\" target=\"_blank\" rel=\"noreferrer noopener\"><\/a><a href=\"https:\/\/grandepremio.com\/es\/\/f1\/\" target=\"_blank\" rel=\"noreferrer noopener\"><\/a><a href=\"https:\/\/grandepremio.com\/es\/\/f1\/\" target=\"_blank\" rel=\"noreferrer noopener\"><\/a><a href=\"https:\/\/grandepremio.com\/es\/\/f1\/\" target=\"_blank\" rel=\"noreferrer noopener\">F\u00f3rmula 1<\/a>.&nbsp;<\/p>\n","protected":false},"excerpt":{"rendered":"<p>Daniel Ricciardo se\u00f1al\u00f3 los beneficios del tiempo que pas\u00f3 lejos de ser titular en la F\u00f3rmula 1 y consider\u00f3 que fue importante alejarse para poder desconectar y volver a enamorarse del deporte.<\/p>\n","protected":false},"author":0,"featured_media":1010180685,"comment_status":"closed","ping_status":"closed","sticky":false,"template":"","format":"standard","meta":{"42wp_featured_image_caption":"","42wp_featured_image_credits":"","42wp_featured_video":"","42wp_featured_image_hidden":false,"42wp_authors_list":[],"footnotes":""},"categories":[5],"tags":[365,181,1676,179,2534,2369,1540,206,8148],"42wp_author":[14235],"class_list":["post-18338","post","type-post","status-publish","format-standard","has-post-thumbnail","hentry","category-f1","tag-daniel-ricciardo","tag-f1","tag-f1-2023","tag-formula-1","tag-formula-1-2023","tag-formula-1-hoy","tag-nyck-de-vries","tag-red-bull","tag-ricciardo-red-bull","42wp_author-barbara-mincioni"],"_links":{"self":[{"href":"https:\/\/grandepremio.com\/es\/wp-json\/wp\/v2\/posts\/18338","targetHints":{"allow":["GET"]}}],"collection":[{"href":"https:\/\/grandepremio.com\/es\/wp-json\/wp\/v2\/posts"}],"about":[{"href":"https:\/\/grandepremio.com\/es\/wp-json\/wp\/v2\/types\/post"}],"replies":[{"embeddable":true,"href":"https:\/\/grandepremio.com\/es\/wp-json\/wp\/v2\/comments?post=18338"}],"version-history":[{"count":0,"href":"https:\/\/grandepremio.com\/es\/wp-json\/wp\/v2\/posts\/18338\/revisions"}],"wp:featuredmedia":[{"embeddable":true,"href":"https:\/\/grandepremio.com\/es\/wp-json\/wp\/v2\/media\/1010180685"}],"wp:attachment":[{"href":"https:\/\/grandepremio.com\/es\/wp-json\/wp\/v2\/media?parent=18338"}],"wp:term":[{"taxonomy":"category","embeddable":true,"href":"https:\/\/grandepremio.com\/es\/wp-json\/wp\/v2\/categories?post=18338"},{"taxonomy":"post_tag","embeddable":true,"href":"https:\/\/grandepremio.com\/es\/wp-json\/wp\/v2\/tags?post=18338"},{"taxonomy":"42wp_author","embeddable":true,"href":"https:\/\/grandepremio.com\/es\/wp-json\/wp\/v2\/42wp_author?post=18338"}],"curies":[{"name":"wp","href":"https:\/\/api.w.org\/{rel}","templated":true}]}}