{"id":18373,"date":"2023-07-13T12:52:13","date_gmt":"2023-07-13T15:52:13","guid":{"rendered":"https:\/\/grandepremio.com\/es\/2023\/07\/13\/motos-aprilia-marquez-quartararo\/"},"modified":"2023-07-13T12:52:21","modified_gmt":"2023-07-13T15:52:21","slug":"motos-aprilia-marquez-quartararo","status":"publish","type":"post","link":"https:\/\/grandepremio.com\/es\/motogp\/motos-aprilia-marquez-quartararo\/","title":{"rendered":"Aprilia ve a Marc M\u00e1rquez y Quartararo como &#8220;un sue\u00f1o&#8221;: &#8220;Creemos en la estabilidad&#8221;"},"content":{"rendered":"\n<p class=\"wp-block-paragraph\">El <strong>CEO<\/strong> de <strong>Aprilia<\/strong>, <strong>Massimo Rivola<\/strong>, admiti\u00f3 que empieza a so\u00f1ar cuando ve las dificultades a las que se enfrentan <strong>Marc M\u00e1rquez<\/strong> y <strong>Fabio Quartararo<\/strong> en la <strong>temporada 2023 de Mot<\/strong>oGP. A\u00fan as\u00ed, habl\u00f3 de &#8220;creer en lo que estamos haciendo&#8221; y abog\u00f3 por la estabilidad en el equipo.<\/p>\n\n\n\n<p class=\"wp-block-paragraph\"><strong>\u00a1Conoce el canal de Grande Pr\u00eamio en Espa\u00f1ol en&nbsp;<\/strong><a href=\"https:\/\/www.youtube.com\/channel\/UCDxWojGVUi9gWYhrY0pGbIQ\" target=\"_blank\" rel=\"noreferrer noopener\"><strong>YouTube<\/strong><\/a><strong>!<\/strong><br><strong>\u00a1Sigue a Grande Pr\u00eamio en Espa\u00f1ol en&nbsp;<\/strong><a href=\"https:\/\/twitter.com\/grandepremioES\" target=\"_blank\" rel=\"noreferrer noopener\"><strong>Twitter&nbsp;<\/strong><\/a><strong>y en&nbsp;<\/strong><a href=\"https:\/\/www.instagram.com\/grandepremioes\/\" target=\"_blank\" rel=\"noreferrer noopener\"><strong>Instagram<\/strong><\/a><strong>!<\/strong><\/p>\n\n\n\n<p class=\"wp-block-paragraph\"><strong>Marc M\u00e1rquez<\/strong> no oculta su decepci\u00f3n con el rendimiento de <strong>Honda<\/strong>. El espa\u00f1ol esperaba una mejora en la <strong>RC213V<\/strong>, especialmente ahora que se ha <strong>recuperado de su fractura en el brazo derecho<\/strong>, pero sigue teniendo problemas con la moto.<\/p>\n\n\n\n<figure class=\"wp-block-image size-large\"><img decoding=\"async\" src=\"https:\/\/www.grandepremio.com\/br\/wp-content\/uploads\/2022\/08\/062-1024x682.jpg\" alt=\"\" class=\"wp-image-602162\"\/><figcaption class=\"wp-element-caption\">Maverick Vi\u00f1ales conta com a confian\u00e7a de Massimo Rivola (Foto: Aprilia)<\/figcaption><\/figure>\n\n\n\n<p class=\"wp-block-paragraph\">Quartararo, por su parte, consigui\u00f3 m\u00e1s velocidad con el motor <strong>Yamaha<\/strong> pero<strong> sigue sin ser competitivo<\/strong> ya que el cambio de motor ha comprometido otras \u00e1reas de la <strong>YZR-M1<\/strong>.<\/p>\n\n\n\n<p class=\"wp-block-paragraph\">&#8220;Por supuesto que empiezas a so\u00f1ar cuando pilotos como M\u00e1rquez y Fabio sufren con sus motos&#8221;, admiti\u00f3 Rivola en una entrevista con la publicaci\u00f3n alemana Speedweek. &#8220;Pero al mismo tiempo tenemos que mantener los pies en el suelo y creer en lo que estamos haciendo&#8221;, continu\u00f3.<\/p>\n\n\n\n<p class=\"wp-block-paragraph\">&#8220;Si sigues poni\u00e9ndolo todo patas arriba y adem\u00e1s das a los pilotos la sensaci\u00f3n de que pueden ser sustituidos en cualquier momento, entonces no funciona. No te lleva a ninguna parte&#8221;, subray\u00f3.<\/p>\n\n\n\n<p class=\"wp-block-paragraph\"><strong>Aleix Espargar\u00f3<\/strong> y <strong>Maverick Vi\u00f1ales<\/strong> son algunos de los muchos pilotos que tienen contrato para 2024, y <strong>Aprilia<\/strong> no espera cambios de \u00faltima hora.<\/p>\n\n\n\n<p class=\"wp-block-paragraph\">Preguntado por si se arrepiente de haber dado a Vi\u00f1ales un contrato largo con la posibilidad de conseguir otro piloto para 2024, Massimo finaliz\u00f3: &#8220;<strong>Creo en la estabilidad, porque eso trae rendimiento&#8221;.<\/strong> <\/p>\n\n\n\n<p class=\"wp-block-paragraph\"><\/p>\n","protected":false},"excerpt":{"rendered":"<p>El consejero delegado de Aprilia, Massimo Rivola, admiti\u00f3 que ver luchar a Marc M\u00e1rquez y Fabio Quartararo en 2023 le hace so\u00f1ar, pero defendi\u00f3 la estabilidad del equipo con Aleix Espargar\u00f3 y Maverick Vi\u00f1ales.<\/p>\n","protected":false},"author":0,"featured_media":1010179116,"comment_status":"closed","ping_status":"closed","sticky":false,"template":"","format":"standard","meta":{"42wp_featured_image_caption":"","42wp_featured_image_credits":"","42wp_featured_video":"","42wp_featured_image_hidden":false,"42wp_authors_list":[],"footnotes":""},"categories":[8],"tags":[1377,1394,1392,1391,1304,855,1293,2657,2308,1764,2190,5502],"42wp_author":[14235],"class_list":["post-18373","post","type-post","status-publish","format-standard","has-post-thumbnail","hentry","category-motogp","tag-aleix-espargaro","tag-aprilia","tag-marc-marquez-2","tag-maverick-vinales","tag-moto-gp","tag-motociclismo","tag-motogp","tag-motogp-2023","tag-motogp-hoy","tag-mundial-de-motociclismo","tag-quartararo","tag-rnf-aprilia","42wp_author-barbara-mincioni"],"_links":{"self":[{"href":"https:\/\/grandepremio.com\/es\/wp-json\/wp\/v2\/posts\/18373","targetHints":{"allow":["GET"]}}],"collection":[{"href":"https:\/\/grandepremio.com\/es\/wp-json\/wp\/v2\/posts"}],"about":[{"href":"https:\/\/grandepremio.com\/es\/wp-json\/wp\/v2\/types\/post"}],"replies":[{"embeddable":true,"href":"https:\/\/grandepremio.com\/es\/wp-json\/wp\/v2\/comments?post=18373"}],"version-history":[{"count":0,"href":"https:\/\/grandepremio.com\/es\/wp-json\/wp\/v2\/posts\/18373\/revisions"}],"wp:featuredmedia":[{"embeddable":true,"href":"https:\/\/grandepremio.com\/es\/wp-json\/wp\/v2\/media\/1010179116"}],"wp:attachment":[{"href":"https:\/\/grandepremio.com\/es\/wp-json\/wp\/v2\/media?parent=18373"}],"wp:term":[{"taxonomy":"category","embeddable":true,"href":"https:\/\/grandepremio.com\/es\/wp-json\/wp\/v2\/categories?post=18373"},{"taxonomy":"post_tag","embeddable":true,"href":"https:\/\/grandepremio.com\/es\/wp-json\/wp\/v2\/tags?post=18373"},{"taxonomy":"42wp_author","embeddable":true,"href":"https:\/\/grandepremio.com\/es\/wp-json\/wp\/v2\/42wp_author?post=18373"}],"curies":[{"name":"wp","href":"https:\/\/api.w.org\/{rel}","templated":true}]}}