{"id":1849,"date":"2026-04-05T10:52:02","date_gmt":"2026-04-05T13:52:02","guid":{"rendered":"https:\/\/grandepremio.com\/es\/2026\/04\/05\/regreso-motores-v8-turbo-formula-1-temporada-2031\/"},"modified":"2026-04-05T10:57:10","modified_gmt":"2026-04-05T13:57:10","slug":"regreso-motores-v8-turbo-formula-1-temporada-2031","status":"publish","type":"post","link":"https:\/\/grandepremio.com\/es\/f1\/regreso-motores-v8-turbo-formula-1-temporada-2031\/","title":{"rendered":"F1 eval\u00faa el regreso de los motores V8 en la temporada 2031"},"content":{"rendered":"\n<p class=\"wp-block-paragraph\">La <strong>F\u00f3rmula 1<\/strong> ya piensa en los nuevos motores. En medio del debate sobre el controvertido reglamento t\u00e9cnico de 2026, la direcci\u00f3n del campeonato est\u00e1 evaluando posibles reemplazos para el motor V6 h\u00edbrido a partir de 2031 y est\u00e1 considerando volver a los impulsores V8 sin componentes el\u00e9ctricos.<\/p>\n\n\n\n<p class=\"wp-block-paragraph\">\ud83d\udfe5&nbsp;<strong><em>\u00a1Todas las novedades te esperan en el canal de&nbsp;<\/em><\/strong><a href=\"https:\/\/www.youtube.com\/@GrandePremioES\"><em>YouTube<\/em><\/a><strong><em>&nbsp;de Grande Pr\u00eamio en Espa\u00f1ol!<\/em><\/strong>&nbsp;\ud83d\udfe8<\/p>\n\n\n\n<p class=\"wp-block-paragraph\">Seg\u00fan el portal alem\u00e1n <em>Auto Motor und Sport<\/em>, las numerosas cr\u00edticas al nuevo reglamento y a los motores con proporci\u00f3n equitativa de potencia el\u00e9ctrica y de combusti\u00f3n obligaron a la <strong>F1 <\/strong>a acelerar el debate sobre la sustituci\u00f3n de las unidades de potencia, prevista para 2029 o 2030.<\/p>\n\n\n\n<p class=\"wp-block-paragraph\">Seg\u00fan AMuS, la direcci\u00f3n del campeonato estar\u00eda dispuesta a prescindir de la tecnolog\u00eda h\u00edbrida y regresar a los motores V8, que formaron parte de la categor\u00eda entre 2009 y 2013, con el objetivo de conseguir una unidad de potencia de menor coste de desarrollo, con mejor sonido y acorde a las pol\u00edticas de sostenibilidad del <strong>Mundial<\/strong>.<\/p>\n\n\n\n<p class=\"wp-block-paragraph\">En primera instancia, se propuso la utilizaci\u00f3n de impulsores atmosf\u00e9ricos y sin componentes h\u00edbridos; sin embargo, seg\u00fan el portal, la propuesta fue revisada a petici\u00f3n de los fabricantes y, en su lugar, se implementar\u00eda un motor V8 turboalimentado de 2.4 litros con combustible sostenible. <\/p>\n\n\n\n<p class=\"wp-block-paragraph\">\u23e9\u00a0<strong><em>\u00a1Seguinos en redes por\u00a0<\/em><\/strong><a href=\"https:\/\/twitter.com\/grandepremioES\"><em>Twitter\u00a0<\/em><\/a><strong><em>e\u00a0<\/em><\/strong><a href=\"https:\/\/www.instagram.com\/grandepremioes\/\"><em>Instagram!<\/em><\/a><br>\u23e9\u00a0<strong><em>Adem\u00e1s, tenemos nuestro\u00a0<\/em><\/strong><a href=\"https:\/\/whatsapp.com\/channel\/0029VaDZ5zb0gcfDxuwxBM05\"><em>canal de Whatsapp<\/em><\/a><strong><em>\u00a0con toda la informaci\u00f3n al instante<\/em><\/strong>\u00a0\ud83c\udfc1<\/p>\n\n\n\n<figure class=\"wp-block-image size-large\"><img decoding=\"async\" src=\"https:\/\/grandepremio.com\/es\/wp-content\/uploads\/2026\/04\/A265427_11zon-1024x682.webp\" alt=\"\" class=\"wp-image-397598\"\/><figcaption class=\"wp-element-caption\">Audi es una de las marcas que se opone al regreso de los motores V8 a la F1 (Foto: Audi)<\/figcaption><\/figure>\n\n\n\n<p class=\"wp-block-paragraph\">El futuro de las unidades de potencia en la <strong>F1 <\/strong>es un debate prolongado del que han surgido distintas opciones para cambiar los motores V6 h\u00edbridos de 1.6 litros que se utilizan desde la temporada 2014. Sin embargo, la propuesta de volver a una motorizaci\u00f3n simplificada y sin componentes electr\u00f3nicos genera divisi\u00f3n de opiniones en el paddock.<\/p>\n\n\n\n<p class=\"wp-block-paragraph\">Motoristas como <strong>Audi <\/strong>y <strong>Honda<\/strong> expresaron reiteradamente su apoyo a la motorizaci\u00f3n h\u00edbrida y rechazaron el hipot\u00e9tico regreso de los V8 a la <strong>F1<\/strong>, mientras que <strong>Red Bull Powertrains<\/strong> y <strong>General Motors<\/strong> apoyaron la medida, al igual que <strong>Mercedes<\/strong>, <a href=\"https:\/\/grandepremio.com\/es\/f1\/mercedes-confirma-apoyo-fabricantes-regreso-motores-v8-solo-tras-2030\/\">pero solo si se concreta a partir de 2030<\/a>.<\/p>\n\n\n\n<p class=\"wp-block-paragraph\">En septiembre de 2025, <a href=\"https:\/\/grandepremio.com\/es\/f1\/fia-planes-nuevo-reglamento-tecnico-regreso-motor-v8-hibrido-f1-2030\/\">la FIA propuso a los equipos la reincorporaci\u00f3n de los V8 a partir de 2030, una vez finalizado el actual ciclo reglamentario<\/a>. Esta propuesta, que buscaba aplicar motores de menor costo y desarrollo, fue apoyada por <strong>Mohammed Ben Sulayem<\/strong>, presidente de la Federaci\u00f3n, y <a href=\"https:\/\/grandepremio.com\/es\/f1\/ceo-f1-defiende-regreso-motores-v8-combustibles-sostenibles\/\">Stefano Domenicali<\/a>, director general de la <strong>F1<\/strong>. <\/p>\n\n\n\n<p class=\"wp-block-paragraph\">La&nbsp;<strong>F\u00f3rmula 1<\/strong>&nbsp;entra en un par\u00f3n de cinco semanas debido a la suspensi\u00f3n de las fechas en&nbsp;<strong>Bahr\u00e9in&nbsp;<\/strong>y&nbsp;<strong>Arabia Saudita<\/strong>&nbsp;por el conflicto en&nbsp;<strong>Oriente Medio<\/strong>. El campeonato volver\u00e1 a la acci\u00f3n entre el 1 y 3 de mayo con el&nbsp;<strong>Gran Premio de Miami<\/strong>, cuarta prueba de la temporada 2026.<\/p>\n\n\n\n<figure class=\"wp-block-embed is-type-video is-provider-youtube wp-block-embed-youtube wp-embed-aspect-16-9 wp-has-aspect-ratio\"><div class=\"wp-block-embed__wrapper\">\n<iframe loading=\"lazy\" title=\"REGLAMENTO POL\u00c9MICO EN F1: CR\u00cdTICAS Y POSIBLES CAMBIOS\" width=\"500\" height=\"281\" src=\"https:\/\/www.youtube.com\/embed\/7oFTWG7hC9o?feature=oembed\" frameborder=\"0\" allow=\"accelerometer; autoplay; clipboard-write; encrypted-media; gyroscope; picture-in-picture; web-share\" referrerpolicy=\"strict-origin-when-cross-origin\" allowfullscreen><\/iframe>\n<\/div><\/figure>\n","protected":false},"excerpt":{"rendered":"<p>Tras el pol\u00e9mico estreno del reglamento t\u00e9cnico de la temporada 2026, la F1 debate con equipos y motoristas el futuro del campeonato y eval\u00faa regresar a los motores V8 a partir de 2031<\/p>\n","protected":false},"author":0,"featured_media":1010397599,"comment_status":"closed","ping_status":"closed","sticky":false,"template":"","format":"standard","meta":{"42wp_featured_image_caption":"","42wp_featured_image_credits":"","42wp_featured_video":"","42wp_featured_image_hidden":false,"42wp_authors_list":[],"footnotes":""},"categories":[5],"tags":[181,1680,13983,263,179,2429,13984,1488,4010,13985],"42wp_author":[14239],"class_list":["post-1849","post","type-post","status-publish","format-standard","has-post-thumbnail","hentry","category-f1","tag-f1","tag-f1-2026","tag-f1-2031","tag-fia","tag-formula-1","tag-formula-1-2026","tag-formula-1-2031","tag-grande-premio","tag-temporada-2026-f1","tag-temporada-2031-f1","42wp_author-jp-otrosky"],"_links":{"self":[{"href":"https:\/\/grandepremio.com\/es\/wp-json\/wp\/v2\/posts\/1849","targetHints":{"allow":["GET"]}}],"collection":[{"href":"https:\/\/grandepremio.com\/es\/wp-json\/wp\/v2\/posts"}],"about":[{"href":"https:\/\/grandepremio.com\/es\/wp-json\/wp\/v2\/types\/post"}],"replies":[{"embeddable":true,"href":"https:\/\/grandepremio.com\/es\/wp-json\/wp\/v2\/comments?post=1849"}],"version-history":[{"count":0,"href":"https:\/\/grandepremio.com\/es\/wp-json\/wp\/v2\/posts\/1849\/revisions"}],"wp:featuredmedia":[{"embeddable":true,"href":"https:\/\/grandepremio.com\/es\/wp-json\/wp\/v2\/media\/1010397599"}],"wp:attachment":[{"href":"https:\/\/grandepremio.com\/es\/wp-json\/wp\/v2\/media?parent=1849"}],"wp:term":[{"taxonomy":"category","embeddable":true,"href":"https:\/\/grandepremio.com\/es\/wp-json\/wp\/v2\/categories?post=1849"},{"taxonomy":"post_tag","embeddable":true,"href":"https:\/\/grandepremio.com\/es\/wp-json\/wp\/v2\/tags?post=1849"},{"taxonomy":"42wp_author","embeddable":true,"href":"https:\/\/grandepremio.com\/es\/wp-json\/wp\/v2\/42wp_author?post=1849"}],"curies":[{"name":"wp","href":"https:\/\/api.w.org\/{rel}","templated":true}]}}