{"id":18538,"date":"2023-07-04T13:54:33","date_gmt":"2023-07-04T16:54:33","guid":{"rendered":"https:\/\/grandepremio.com\/es\/2023\/07\/04\/latvala-toyota-volvera-pilotar-wrc-finlandia\/"},"modified":"2023-07-04T13:54:43","modified_gmt":"2023-07-04T16:54:43","slug":"latvala-toyota-volvera-pilotar-wrc-finlandia","status":"publish","type":"post","link":"https:\/\/grandepremio.com\/es\/rally\/latvala-toyota-volvera-pilotar-wrc-finlandia\/","title":{"rendered":"Latvala, jefe de Toyota, volver\u00e1 a pilotar para el WRC en el Rally de Finlandia"},"content":{"rendered":"\n<p class=\"wp-block-paragraph\">El jefe de equipo de<strong> Toyota <\/strong>en el <strong>WRC<\/strong>, <strong>Jari-Matti Latvala<\/strong>, volver\u00e1 a la competici\u00f3n en el Rally de Finlandia. El finland\u00e9s estar\u00e1 en un cuarto coche para el fabricante japon\u00e9s, que tambi\u00e9n alinear\u00e1 a Kalle Rovanper\u00e4, Elfyn Evans y Takamoto Katsuta. La prueba se celebrar\u00e1 del 3 al 6 de agosto.<\/p>\n\n\n\n<p class=\"wp-block-paragraph\">De esta manera, ser\u00e1 la primera competencia que Latvala dispute en el WRC desde que lo hiciera en el Rally de Suecia del 2020. En aquel momento, el experimentado piloto manej\u00f3 un <strong>Toyota Yaris<\/strong> privado de un equipo de su propiedad.<\/p>\n\n\n\n<p class=\"wp-block-paragraph\">Tras esa carrera, en 2021, Jari-Matti reemplaz\u00f3 a <strong>Tommi Makkinen <\/strong>al frente del programa del fabricante japon\u00e9s y ha logrado dos t\u00edtulos de pilotos de la mano de Sebastien Oger y Kalle Rovanpera, adem\u00e1s del campeonato entre los constructores.<\/p>\n\n\n\n<p class=\"wp-block-paragraph\">Hay que recordar que Latvala ha tenido una larga carrera en el Campeonato del Mundo de Rallyes (WRC), registrando 18 victorias y siendo subcampe\u00f3n en tres ocasiones diferentes: 2010, 2014 y 2015.<\/p>\n\n\n\n<figure class=\"wp-block-image size-large\"><img decoding=\"async\" src=\"https:\/\/www.grandepremio.com\/br\/wp-content\/uploads\/2023\/06\/imagem_2023-06-23_143721728-1024x576.png\" alt=\"\" class=\"wp-image-699257\"\/><figcaption class=\"wp-element-caption\">Ogier es uno de los pilotos de Toyota (Foto: WRC)<\/figcaption><\/figure>\n\n\n\n<p class=\"wp-block-paragraph\">Su \u00faltima temporada completa en el WRC fue en 2019, representando a Toyota y cerrando en s\u00e9ptima posici\u00f3n. En Finlandia, el papel de director del equipo seguir\u00e1 recayendo en <strong>Akio Toyoda.<\/strong><\/p>\n\n\n\n<p class=\"wp-block-paragraph\">&#8220;La historia comenz\u00f3 cuando empec\u00e9 a pensar en el final de 2022, cuando estaba en Jap\u00f3n hablando con <strong>Morizo<\/strong> [Akio Toyoda], nuestro director. <strong>Le dije que ten\u00eda el sue\u00f1o de probar un coche de Rally1<\/strong>, porque en los \u00faltimos 20 a\u00f1os, ten\u00eda la experiencia con todos los coches del Mundial, pero no ten\u00eda el de Rally1 y me gustar\u00eda tenerlo antes de cumplir 40 a\u00f1os.&#8221;, dijo Latvala en el anuncio.<\/p>\n\n\n\n<p class=\"wp-block-paragraph\">&#8220;<strong>Morizo dijo: &#8216;S\u00ed, tenemos que hacerlo, \u00a1hag\u00e1moslo! <\/strong>Pero no nos pusimos de acuerdo sobre cu\u00e1ndo lo har\u00edamos. Entonces, para esta temporada, hemos tenido este cuarto coche disponible para alquilar y de repente, ya a principios de a\u00f1o, Akio dijo: <strong>Podemos hacerlo este a\u00f1o, \u00a1hag\u00e1moslo este a\u00f1o!&#8217;<\/strong>. Luego tambi\u00e9n dijo que vendr\u00eda al <strong>Rally de Finlandia<\/strong>, y pensamos que quiz\u00e1 podr\u00eda ser una buena idea. As\u00ed fue como se acord\u00f3&#8221;, ampli\u00f3 el veterano de 38 a\u00f1os. <\/p>\n\n\n\n<p class=\"wp-block-paragraph\">Toyoda tomar\u00e1 las riendas del equipo como director suplente mientras Latvala se concentra en sus tareas como piloto. Preguntado por sus expectativas para su debut en Rally1, el finland\u00e9s admiti\u00f3 que disfrutar ser\u00e1 su principal prioridad: <strong>&#8220;Mi objetivo es sonre\u00edr despu\u00e9s de cada tramo&#8221;<\/strong>, dijo Latvala, <strong>&#8220;y si estamos entre los cinco y los diez primeros, estar\u00e9 muy contento&#8221;.<\/strong><\/p>\n\n\n\n<p class=\"wp-block-paragraph\">Latvala indic\u00f3 que realizar\u00e1 pruebas antes de subirse al Yaris: <strong>&#8220;Realizar\u00e9 un d\u00eda de test, me subir\u00e9 al coche y empezar\u00e9 la prueba inmediatamente<\/strong>. No es tan f\u00e1cil subirse al coche s\u00f3lo con un d\u00eda de test. Pero en cualquier caso, <strong>se trata m\u00e1s de la experiencia y de disfrutarla<\/strong>. No estoy buscando una nueva carrera como piloto&#8221;.<\/p>\n\n\n\n<p class=\"wp-block-paragraph\">El <strong>Rally de Finlandia<\/strong> es la novena prueba del <strong><a href=\"https:\/\/grandepremio.com\/es\/\/rally\/\">WRC<\/a><\/strong> y tendr\u00e1 lugar entre el 3 y el 6 de agosto, y la categor\u00eda anunci\u00f3 que tendr\u00e1 nuevos tramos, para respetar su historia y tradiciones. Antes de ello, el Campeonato del Mundo visitar\u00e1 Estonia, entre el 20 y el 23 de julio.<\/p>\n","protected":false},"excerpt":{"rendered":"<p>Jari-Matti Latvala dejar\u00e1, por un rato, su funci\u00f3n como Jefe de equipo de Toyota en el Campeonato Mundial de Rallyes, para manejar uno de los Toyota Yaris en el Rally de Finlandia, que se disputar\u00e1 en el mes de agosto.<\/p>\n","protected":false},"author":0,"featured_media":1000704234,"comment_status":"closed","ping_status":"closed","sticky":false,"template":"","format":"standard","meta":{"42wp_featured_image_caption":"","42wp_featured_image_credits":"","42wp_featured_video":"","42wp_featured_image_hidden":false,"42wp_authors_list":[],"footnotes":""},"categories":[9],"tags":[8041,1542,8039,6855,1687,8040,312,1226],"42wp_author":[14237],"class_list":["post-18538","post","type-post","status-publish","format-standard","has-post-thumbnail","hentry","category-rally","tag-akio-toyoda","tag-hyundai","tag-jari-matti-latvala","tag-kalle-rovanpera-2","tag-rally-de-finlandia","tag-tommi-makkinen","tag-toyota","tag-wrc","42wp_author-gabriel-garcia"],"_links":{"self":[{"href":"https:\/\/grandepremio.com\/es\/wp-json\/wp\/v2\/posts\/18538","targetHints":{"allow":["GET"]}}],"collection":[{"href":"https:\/\/grandepremio.com\/es\/wp-json\/wp\/v2\/posts"}],"about":[{"href":"https:\/\/grandepremio.com\/es\/wp-json\/wp\/v2\/types\/post"}],"replies":[{"embeddable":true,"href":"https:\/\/grandepremio.com\/es\/wp-json\/wp\/v2\/comments?post=18538"}],"version-history":[{"count":0,"href":"https:\/\/grandepremio.com\/es\/wp-json\/wp\/v2\/posts\/18538\/revisions"}],"wp:featuredmedia":[{"embeddable":true,"href":"https:\/\/grandepremio.com\/es\/wp-json\/wp\/v2\/media\/1000704234"}],"wp:attachment":[{"href":"https:\/\/grandepremio.com\/es\/wp-json\/wp\/v2\/media?parent=18538"}],"wp:term":[{"taxonomy":"category","embeddable":true,"href":"https:\/\/grandepremio.com\/es\/wp-json\/wp\/v2\/categories?post=18538"},{"taxonomy":"post_tag","embeddable":true,"href":"https:\/\/grandepremio.com\/es\/wp-json\/wp\/v2\/tags?post=18538"},{"taxonomy":"42wp_author","embeddable":true,"href":"https:\/\/grandepremio.com\/es\/wp-json\/wp\/v2\/42wp_author?post=18538"}],"curies":[{"name":"wp","href":"https:\/\/api.w.org\/{rel}","templated":true}]}}